{"id":932,"date":"2026-01-27T12:20:54","date_gmt":"2026-01-27T12:20:54","guid":{"rendered":"https:\/\/radioiep.com\/?p=932"},"modified":"2026-01-27T12:20:54","modified_gmt":"2026-01-27T12:20:54","slug":"yves-daniel-louigene-jovem-haitiano-vem-encantando-o-mundo","status":"publish","type":"post","link":"https:\/\/radioiep.com\/site\/yves-daniel-louigene-jovem-haitiano-vem-encantando-o-mundo\/","title":{"rendered":"Yves Daniel Louigene Jovem Haitiano Vem Encantando o mundo"},"content":{"rendered":"<p>Nascido no Haiti, com apenas 24 anos, Yves Daniel vem encantando pessoas ao redor do mundo todo, com a sua maneira impar de encarar a vida e seus desafios.<br \/>\nNascido e criado em uma fam\u00edlia evang\u00e9lica e apaixonados por m\u00fasica.<br \/>\nAos cinco anos de idade Yves come\u00e7ou a sua trajet\u00f3ria na m\u00fasica, e assim como toda a fam\u00edlia logo se apaixonou.<\/p>\n<p><img fetchpriority=\"high\" decoding=\"async\" class=\"aligncenter size-medium wp-image-935\" src=\"http:\/\/radioiep.com\/wp-content\/uploads\/2021\/09\/WhatsApp-Image-2021-07-18-at-00.31.13-200x300.jpeg\" alt=\"\" width=\"200\" height=\"300\" srcset=\"https:\/\/radioiep.com\/site\/wp-content\/uploads\/2021\/09\/WhatsApp-Image-2021-07-18-at-00.31.13-200x300.jpeg 200w, https:\/\/radioiep.com\/site\/wp-content\/uploads\/2021\/09\/WhatsApp-Image-2021-07-18-at-00.31.13-682x1024.jpeg 682w, https:\/\/radioiep.com\/site\/wp-content\/uploads\/2021\/09\/WhatsApp-Image-2021-07-18-at-00.31.13-768x1152.jpeg 768w, https:\/\/radioiep.com\/site\/wp-content\/uploads\/2021\/09\/WhatsApp-Image-2021-07-18-at-00.31.13.jpeg 853w\" sizes=\"(max-width: 200px) 100vw, 200px\" \/><br \/>\nSuper carism\u00e1tico e muito talentoso, Yves logo despertou olhares de outros jovens em seu pa\u00eds, principalmente de seus amigos, que viram nele uma oportunidade de ganhar dinheiro e fama, desde que mudasse seu estilo musical, segundo os amigos de Yves, ele teria que fazer shows para jovens e adultos, cantando outros estilos musicais.<\/p>\n<p><img decoding=\"async\" class=\"aligncenter size-medium wp-image-936\" src=\"http:\/\/radioiep.com\/wp-content\/uploads\/2021\/09\/yves-daniel-298x300.jpg\" alt=\"\" width=\"298\" height=\"300\" srcset=\"https:\/\/radioiep.com\/site\/wp-content\/uploads\/2021\/09\/yves-daniel-298x300.jpg 298w, https:\/\/radioiep.com\/site\/wp-content\/uploads\/2021\/09\/yves-daniel-150x150.jpg 150w, https:\/\/radioiep.com\/site\/wp-content\/uploads\/2021\/09\/yves-daniel-768x772.jpg 768w, https:\/\/radioiep.com\/site\/wp-content\/uploads\/2021\/09\/yves-daniel.jpg 861w\" sizes=\"(max-width: 298px) 100vw, 298px\" \/><br \/>\nO jovem nos conta que chegou a se aventurar no mundo da m\u00fasica, e que de fato se encantou com o que o mundo poderia lhe oferecer, fama, dinheiro, mulheres e muitos amigos, por\u00e9m o mesmo estava indo contra todos os seus princ\u00edpios, entristecendo seus pais e sendo motivo de vergonha para os mesmo.<br \/>\n<img decoding=\"async\" class=\"aligncenter size-medium wp-image-937\" src=\"http:\/\/radioiep.com\/wp-content\/uploads\/2021\/09\/dandanmm-300x196.jpg\" alt=\"\" width=\"300\" height=\"196\" srcset=\"https:\/\/radioiep.com\/site\/wp-content\/uploads\/2021\/09\/dandanmm-300x196.jpg 300w, https:\/\/radioiep.com\/site\/wp-content\/uploads\/2021\/09\/dandanmm-1024x670.jpg 1024w, https:\/\/radioiep.com\/site\/wp-content\/uploads\/2021\/09\/dandanmm-768x502.jpg 768w, https:\/\/radioiep.com\/site\/wp-content\/uploads\/2021\/09\/dandanmm.jpg 1101w\" sizes=\"(max-width: 300px) 100vw, 300px\" \/><br \/>\nEle nos relata que o sonho de sua m\u00e3e n\u00e3o era muito diferente do de todas as outras m\u00e3es, ela queria que o filhos seguisse os passos dela e usasse seu dom para salvar vidas atrav\u00e9s do dom de louvar. Quando percebeu que estava perdendo seu filho para o mundo, a mesma em uma tentativa desesperada de resgatar seu filho do mal caminho, decidiu mandar o mesmo para o Equador, o que ela n\u00e3o poderia jamais imaginar, \u00e9 que Yves ficaria pelo Brasil, o mesmo nos conta que veio de caso pensado, queria mesmo ficar no Brasil e longe da fam\u00edlia, para poder fazer o que quisesse em rela\u00e7\u00e3o ao mundo musical. Pois \u00e9 nosso cantor haitiano, chegou a provar dos doces e amargos da vida de viver longe da fam\u00edlia, longe do abra\u00e7o materno, do aconchego familiar, provou e viveu tudo que acreditou lhe completar e por fim descobriu que j\u00e1 tinha tudo que precisava, e que o mundo n\u00e3o tinha nada para lhe oferecer.<br \/>\nAinda residente no Brasil, no interior de Santa Catarina, Yves decidiu aceitar seu chamado, e hoje \u00e9 uma das vozes mais bonitas do mundo gospel, tendo a oportunidade de contar sua hist\u00f3ria e atrav\u00e9s dela transformar vidas, hoje Yves \u00e9 universit\u00e1rio, e funcion\u00e1rio de uma empresa de grande porte, al\u00e9m de cantar e encantar o mundo todo, \u201cEscolhi cantar para DEUS pois ele me escolheu\u201d.<br \/>\nHoje o jovem diz que nunca imaginou que a saudade pudesse abra\u00e7ar t\u00e3o forte, mesmo n\u00e3o tendo bra\u00e7os, e se por um descuido ele pudesse ir para algum lugar, como em um passe de m\u00e1gica, o jovem nos contou que iria para a casa dos pais, para os agradecer por n\u00e3o terem desistido dele, e principalmente por todo o amor dedicado a ele, aos irm\u00e3os e a Cristo.<br \/>\nEu precisei me perder de mim mesmo, para s\u00f3 depois disso poder me encontrar, hoje eu vivo em um pa\u00eds com uma cultura completamente diferente da que fui criado, com cren\u00e7as diferentes e ainda assim eu consigo dar o meu melhor ao pr\u00f3ximo, parece loucura, mas foi assim que fui criado, recebendo o melhor mesmo quando n\u00e3o merecia, ent\u00e3o quero dar sempre o melhor de mim.<br \/>\nE eu carrego comigo a gratid\u00e3o, e o amor de Deus por todas as maravilhas feitas em minha vida, se tem algu\u00e9m que merece todo o meu amor s\u00e3o meus pais, pai e m\u00e3e voc\u00eas me deram a vida duas vezes, obrigado Deus por me permitir voltar aos seus bra\u00e7os, aqui \u00e9 o meu lugar.<\/p>\n<p><img loading=\"lazy\" decoding=\"async\" class=\"aligncenter size-medium wp-image-938\" src=\"http:\/\/radioiep.com\/wp-content\/uploads\/2021\/09\/WhatsApp-Image-2021-07-18-at-00.31.13-1-200x300.jpeg\" alt=\"\" width=\"200\" height=\"300\" srcset=\"https:\/\/radioiep.com\/site\/wp-content\/uploads\/2021\/09\/WhatsApp-Image-2021-07-18-at-00.31.13-1-200x300.jpeg 200w, https:\/\/radioiep.com\/site\/wp-content\/uploads\/2021\/09\/WhatsApp-Image-2021-07-18-at-00.31.13-1-682x1024.jpeg 682w, https:\/\/radioiep.com\/site\/wp-content\/uploads\/2021\/09\/WhatsApp-Image-2021-07-18-at-00.31.13-1-768x1152.jpeg 768w, https:\/\/radioiep.com\/site\/wp-content\/uploads\/2021\/09\/WhatsApp-Image-2021-07-18-at-00.31.13-1.jpeg 853w\" sizes=\"(max-width: 200px) 100vw, 200px\" \/><\/p>\n<p>R\u00e1dio Internacional Em Portugu\u00eas<br \/>\nA r\u00e1dio que fala a l\u00edngua dos povos<\/p>\n<p id=\"rop\"><small>Originally posted 2021-09-03 21:16:55. <\/small><\/p>","protected":false},"excerpt":{"rendered":"<p>Nascido no Haiti, com apenas 24 anos, Yves Daniel vem encantando pessoas ao redor do mundo todo, com a sua maneira impar de encarar a vida e seus desafios. Nascido e criado em uma fam\u00edlia evang\u00e9lica e apaixonados por m\u00fasica. Aos cinco anos de idade Yves come\u00e7ou a sua trajet\u00f3ria na m\u00fasica, e assim como [&hellip;]<\/p>\n","protected":false},"author":3,"featured_media":933,"comment_status":"open","ping_status":"open","sticky":false,"template":"","format":"standard","meta":{"footnotes":""},"categories":[9],"tags":[],"class_list":["post-932","post","type-post","status-publish","format-standard","has-post-thumbnail","hentry","category-artigos"],"_links":{"self":[{"href":"https:\/\/radioiep.com\/site\/wp-json\/wp\/v2\/posts\/932","targetHints":{"allow":["GET"]}}],"collection":[{"href":"https:\/\/radioiep.com\/site\/wp-json\/wp\/v2\/posts"}],"about":[{"href":"https:\/\/radioiep.com\/site\/wp-json\/wp\/v2\/types\/post"}],"author":[{"embeddable":true,"href":"https:\/\/radioiep.com\/site\/wp-json\/wp\/v2\/users\/3"}],"replies":[{"embeddable":true,"href":"https:\/\/radioiep.com\/site\/wp-json\/wp\/v2\/comments?post=932"}],"version-history":[{"count":0,"href":"https:\/\/radioiep.com\/site\/wp-json\/wp\/v2\/posts\/932\/revisions"}],"wp:featuredmedia":[{"embeddable":true,"href":"https:\/\/radioiep.com\/site\/wp-json\/wp\/v2\/media\/933"}],"wp:attachment":[{"href":"https:\/\/radioiep.com\/site\/wp-json\/wp\/v2\/media?parent=932"}],"wp:term":[{"taxonomy":"category","embeddable":true,"href":"https:\/\/radioiep.com\/site\/wp-json\/wp\/v2\/categories?post=932"},{"taxonomy":"post_tag","embeddable":true,"href":"https:\/\/radioiep.com\/site\/wp-json\/wp\/v2\/tags?post=932"}],"curies":[{"name":"wp","href":"https:\/\/api.w.org\/{rel}","templated":true}]}}