{"id":919,"date":"2026-01-27T12:20:53","date_gmt":"2026-01-27T12:20:53","guid":{"rendered":"https:\/\/radioiep.com\/?p=919"},"modified":"2026-01-27T12:20:53","modified_gmt":"2026-01-27T12:20:53","slug":"com-tom-de-pele-lindamente-escura-erciana-ribeiro-tem-despertado-olhares-e-admiradores-ao-redor-do-mundo","status":"publish","type":"post","link":"https:\/\/radioiep.com\/site\/com-tom-de-pele-lindamente-escura-erciana-ribeiro-tem-despertado-olhares-e-admiradores-ao-redor-do-mundo\/","title":{"rendered":"COM TOM DE PELE LINDAMENTE ESCURA ERCIANA RIBEIRO TEM DESPERTADO OLHARES E ADMIRADORES AO REDOR DO MUNDO"},"content":{"rendered":"<p>Pois eis que surge mais uma dessas mulheres com beleza rara, ela se chama ERCIANA RIBEIRO, nascida na capital de Bissau, vem arrancando suspiros ao redor do mundo com sua beleza e tom de pele que de t\u00e3o escuro chega a brilhar, o que levou a ser chamada de \u201cBarbie Negra\u201d.<\/p>\n<p><img fetchpriority=\"high\" decoding=\"async\" class=\"aligncenter size-medium wp-image-922\" src=\"http:\/\/radioiep.com\/wp-content\/uploads\/2021\/08\/WhatsApp-Image-2021-08-26-at-20.04.34-225x300.jpeg\" alt=\"\" width=\"225\" height=\"300\" srcset=\"https:\/\/radioiep.com\/site\/wp-content\/uploads\/2021\/08\/WhatsApp-Image-2021-08-26-at-20.04.34-225x300.jpeg 225w, https:\/\/radioiep.com\/site\/wp-content\/uploads\/2021\/08\/WhatsApp-Image-2021-08-26-at-20.04.34-768x1024.jpeg 768w, https:\/\/radioiep.com\/site\/wp-content\/uploads\/2021\/08\/WhatsApp-Image-2021-08-26-at-20.04.34.jpeg 960w\" sizes=\"(max-width: 225px) 100vw, 225px\" \/><br \/>\nNascida aos 22 de Fevereiro de 2001 no bairro de Cuntum em Bissau capital da Guin\u00e9-Bissau, lugar onde passou \u00a0toda sua inf\u00e2ncia, filha de H\u00e9lder Pedro Gomes da silva e da Fatima da Costa. Atualmente moradora do bairro B\u00f3r. Erciana \u00e9 uma cidad\u00e3 comprometida com a sua terra como qualquer um com amor a sua p\u00e1tria. Lutar para desenvolvimento e justi\u00e7a sempre foram e ser\u00e3o os seus objetivos para com este peda\u00e7o da terra.<\/p>\n<p><img decoding=\"async\" class=\"aligncenter size-medium wp-image-923\" src=\"http:\/\/radioiep.com\/wp-content\/uploads\/2021\/08\/WhatsApp-Image-2021-08-26-at-20.26.47-169x300.jpeg\" alt=\"\" width=\"169\" height=\"300\" srcset=\"https:\/\/radioiep.com\/site\/wp-content\/uploads\/2021\/08\/WhatsApp-Image-2021-08-26-at-20.26.47-169x300.jpeg 169w, https:\/\/radioiep.com\/site\/wp-content\/uploads\/2021\/08\/WhatsApp-Image-2021-08-26-at-20.26.47-576x1024.jpeg 576w, https:\/\/radioiep.com\/site\/wp-content\/uploads\/2021\/08\/WhatsApp-Image-2021-08-26-at-20.26.47.jpeg 607w\" sizes=\"(max-width: 169px) 100vw, 169px\" \/><\/p>\n<p>Fez seu percurso escolar de ensino prim\u00e1rio \u00e0 secund\u00e1rio,, em uma escola privada, &#8220;AMIZADE ESCOLAR 04 DE NOVEMBRO&#8221; no bairro de Quelele em Bissau.<\/p>\n<p>Cursou o intensivo secret\u00e1rio de base no ano 2016 no \u201cComplexo Escolar Profissional Amizade e Paz, Silva Nhaga\u201d.<\/p>\n<p>No dia 21 de Dezembro do ano letivo 2018\/2019, recebeu o seu diploma de ensino secund\u00e1rio, finalizando assim uma etapa \u00e1rdua de doze anos de escolaridade.<\/p>\n<p>Depois do liceu, ingressou no Centro Cultural Brasil Guin\u00e9-Bissau (CCBGB) num curso de aperfei\u00e7oamento da l\u00edngua portuguesa. No CCBGB, tive a oportunidade de participar na segunda semana liter\u00e1ria em homenagem \u00e0 Clarice Lispector aos seus 100 anos e, participou na forma\u00e7\u00e3o dos Jovens Ativistas cujo tema era \u201cMutila\u00e7\u00e3o genital feminina\u201d (MGF) no dia 21 de Fevereiro do ano 2020, o ano que acredito n\u00e3o ser um dos melhores j\u00e1 passados pela humanidade. A forma\u00e7\u00e3o foi realizada no SENAI (Servi\u00e7o Nacional de Aprendizagem Industrial) em Bissau.<\/p>\n<p><img decoding=\"async\" class=\"aligncenter size-medium wp-image-924\" src=\"http:\/\/radioiep.com\/wp-content\/uploads\/2021\/08\/WhatsApp-Image-2021-08-26-at-20.26.51-135x300.jpeg\" alt=\"\" width=\"135\" height=\"300\" srcset=\"https:\/\/radioiep.com\/site\/wp-content\/uploads\/2021\/08\/WhatsApp-Image-2021-08-26-at-20.26.51-135x300.jpeg 135w, https:\/\/radioiep.com\/site\/wp-content\/uploads\/2021\/08\/WhatsApp-Image-2021-08-26-at-20.26.51-461x1024.jpeg 461w, https:\/\/radioiep.com\/site\/wp-content\/uploads\/2021\/08\/WhatsApp-Image-2021-08-26-at-20.26.51.jpeg 468w\" sizes=\"(max-width: 135px) 100vw, 135px\" \/><\/p>\n<p>Erciana ressalta ter \u00a0grande paix\u00e3o pela literatura desde a inf\u00e2ncia,, mas come\u00e7ou a demonstr\u00e1-la s\u00f3 no ano de 2020, atrav\u00e9s de um convite feito pela sua irm\u00e3 Suaila Fonseca, para participar de uma grava\u00e7\u00e3o para um programa apresentado por ela na Televis\u00e3o da Guin\u00e9-Bissau (TGB), o tal intitulado &#8220;A FALA DO POETA&#8221;.\u00a0 Depois daquele dia de grava\u00e7\u00e3o, a paix\u00e3o pela literatura foi crescendo e despertou a poetisa adormecida na mesma, passou a escrever poemas e poesias, e ousou ir al\u00e9m, decidindo \u00a0concorrer num concurso de \u201cpoetas vivos\u201d \u201cSunhus Sukundidus\u201d no dia 20 de Janeiro do ano<\/p>\n<p>2021, o qual se apresentava com dois temas: \u201cGuinendadi\u201d e \u201cCorrup\u00e7\u00e3o e Justi\u00e7a\u201d, sendo sua primeira experi\u00eancia num concurso de declama\u00e7\u00e3o. Erciana conquistou a terceira coloca\u00e7\u00e3o. Tamb\u00e9m participou no concurso de declama\u00e7\u00e3o de poesia promovido pelo Centro de L\u00edngua Portuguesa- Cam\u00f5es I.P da Escola Superior de Educa\u00e7\u00e3o-Unidade de Ensino Tchico T\u00e9, e ainda participou no Concurso Liter\u00e1rio \u201cEscrever em Portugu\u00eas\u201d promovido pelo mesmo Centro.<\/p>\n<p>Ingressou na Universidade Lus\u00f3fona da Guin\u00e9-Bissau em 2021 depois de ter ficado quase dois anos sem conseguir continuar os seus estudos (entrar num ensino superior). Erciana \u00e9 cursando o curso dos sonhos de crian\u00e7a, que \u00e9 o Direito, pois sempre sonhou em \u00a0dar o seu contributo para o pa\u00eds que a viu nascer. A mesma teve que desistir do curso depois de ter conseguido apurar na sele\u00e7\u00e3o da bolsa de UNILAB (Universidade da Integra\u00e7\u00e3o Internacional da Lus\u00f3fona Afro-Brasileira). Atualmente est\u00e1 cursando via remota o bacharelado em Humanidade na mesma Universidade, UNILAB.<br \/>\nUma menina ambiciosamente humilda, cheia de sonhos e dona de uma beleza indescrit\u00edvel, Erciana tem um futuro promissor, e \u00e9 uma fonte de inspira\u00e7\u00e3o para crian\u00e7as que sonham em conquistar o mundo.<\/p>\n<p>R\u00e1dio Internacional Em Portugu\u00eas.<br \/>\nA R\u00e1dio Que Fala a l\u00edngua Dos Povos!<\/p>\n<p><img loading=\"lazy\" decoding=\"async\" class=\"aligncenter size-medium wp-image-925\" src=\"http:\/\/radioiep.com\/wp-content\/uploads\/2021\/08\/WhatsApp-Image-2021-08-26-at-20.26.51-1-135x300.jpeg\" alt=\"\" width=\"135\" height=\"300\" srcset=\"https:\/\/radioiep.com\/site\/wp-content\/uploads\/2021\/08\/WhatsApp-Image-2021-08-26-at-20.26.51-1-135x300.jpeg 135w, https:\/\/radioiep.com\/site\/wp-content\/uploads\/2021\/08\/WhatsApp-Image-2021-08-26-at-20.26.51-1-461x1024.jpeg 461w, https:\/\/radioiep.com\/site\/wp-content\/uploads\/2021\/08\/WhatsApp-Image-2021-08-26-at-20.26.51-1.jpeg 468w\" sizes=\"(max-width: 135px) 100vw, 135px\" \/> <img loading=\"lazy\" decoding=\"async\" class=\"aligncenter size-medium wp-image-926\" src=\"http:\/\/radioiep.com\/wp-content\/uploads\/2021\/08\/WhatsApp-Image-2021-08-26-at-20.26.46-169x300.jpeg\" alt=\"\" width=\"169\" height=\"300\" srcset=\"https:\/\/radioiep.com\/site\/wp-content\/uploads\/2021\/08\/WhatsApp-Image-2021-08-26-at-20.26.46-169x300.jpeg 169w, https:\/\/radioiep.com\/site\/wp-content\/uploads\/2021\/08\/WhatsApp-Image-2021-08-26-at-20.26.46-576x1024.jpeg 576w, https:\/\/radioiep.com\/site\/wp-content\/uploads\/2021\/08\/WhatsApp-Image-2021-08-26-at-20.26.46.jpeg 607w\" sizes=\"(max-width: 169px) 100vw, 169px\" \/> <img loading=\"lazy\" decoding=\"async\" class=\"aligncenter size-medium wp-image-927\" src=\"http:\/\/radioiep.com\/wp-content\/uploads\/2021\/08\/WhatsApp-Image-2021-08-26-at-20.33.53-1-169x300.jpeg\" alt=\"\" width=\"169\" height=\"300\" srcset=\"https:\/\/radioiep.com\/site\/wp-content\/uploads\/2021\/08\/WhatsApp-Image-2021-08-26-at-20.33.53-1-169x300.jpeg 169w, https:\/\/radioiep.com\/site\/wp-content\/uploads\/2021\/08\/WhatsApp-Image-2021-08-26-at-20.33.53-1-576x1024.jpeg 576w, https:\/\/radioiep.com\/site\/wp-content\/uploads\/2021\/08\/WhatsApp-Image-2021-08-26-at-20.33.53-1.jpeg 581w\" sizes=\"(max-width: 169px) 100vw, 169px\" \/><img loading=\"lazy\" decoding=\"async\" class=\"aligncenter size-medium wp-image-929\" src=\"http:\/\/radioiep.com\/wp-content\/uploads\/2021\/08\/WhatsApp-Image-2021-08-26-at-20.31.38-1-169x300.jpeg\" alt=\"\" width=\"169\" height=\"300\" srcset=\"https:\/\/radioiep.com\/site\/wp-content\/uploads\/2021\/08\/WhatsApp-Image-2021-08-26-at-20.31.38-1-169x300.jpeg 169w, https:\/\/radioiep.com\/site\/wp-content\/uploads\/2021\/08\/WhatsApp-Image-2021-08-26-at-20.31.38-1-576x1024.jpeg 576w, https:\/\/radioiep.com\/site\/wp-content\/uploads\/2021\/08\/WhatsApp-Image-2021-08-26-at-20.31.38-1.jpeg 581w\" sizes=\"(max-width: 169px) 100vw, 169px\" \/><\/p>\n<p id=\"rop\"><small>Originally posted 2021-08-27 04:00:57. <\/small><\/p>","protected":false},"excerpt":{"rendered":"<p>Pois eis que surge mais uma dessas mulheres com beleza rara, ela se chama ERCIANA RIBEIRO, nascida na capital de Bissau, vem arrancando suspiros ao redor do mundo com sua beleza e tom de pele que de t\u00e3o escuro chega a brilhar, o que levou a ser chamada de \u201cBarbie Negra\u201d. Nascida aos 22 de [&hellip;]<\/p>\n","protected":false},"author":3,"featured_media":920,"comment_status":"open","ping_status":"open","sticky":false,"template":"","format":"standard","meta":{"footnotes":""},"categories":[9],"tags":[],"class_list":["post-919","post","type-post","status-publish","format-standard","has-post-thumbnail","hentry","category-artigos"],"_links":{"self":[{"href":"https:\/\/radioiep.com\/site\/wp-json\/wp\/v2\/posts\/919","targetHints":{"allow":["GET"]}}],"collection":[{"href":"https:\/\/radioiep.com\/site\/wp-json\/wp\/v2\/posts"}],"about":[{"href":"https:\/\/radioiep.com\/site\/wp-json\/wp\/v2\/types\/post"}],"author":[{"embeddable":true,"href":"https:\/\/radioiep.com\/site\/wp-json\/wp\/v2\/users\/3"}],"replies":[{"embeddable":true,"href":"https:\/\/radioiep.com\/site\/wp-json\/wp\/v2\/comments?post=919"}],"version-history":[{"count":0,"href":"https:\/\/radioiep.com\/site\/wp-json\/wp\/v2\/posts\/919\/revisions"}],"wp:featuredmedia":[{"embeddable":true,"href":"https:\/\/radioiep.com\/site\/wp-json\/wp\/v2\/media\/920"}],"wp:attachment":[{"href":"https:\/\/radioiep.com\/site\/wp-json\/wp\/v2\/media?parent=919"}],"wp:term":[{"taxonomy":"category","embeddable":true,"href":"https:\/\/radioiep.com\/site\/wp-json\/wp\/v2\/categories?post=919"},{"taxonomy":"post_tag","embeddable":true,"href":"https:\/\/radioiep.com\/site\/wp-json\/wp\/v2\/tags?post=919"}],"curies":[{"name":"wp","href":"https:\/\/api.w.org\/{rel}","templated":true}]}}