{"id":895,"date":"2026-01-27T12:20:51","date_gmt":"2026-01-27T12:20:51","guid":{"rendered":"https:\/\/radioiep.com\/?p=895"},"modified":"2026-01-27T12:20:51","modified_gmt":"2026-01-27T12:20:51","slug":"895-2","status":"publish","type":"post","link":"https:\/\/radioiep.com\/site\/895-2\/","title":{"rendered":"Folclore"},"content":{"rendered":"<p>Folclore \u00e9 o conjunto de manifesta\u00e7\u00f5es da cultura popular que s\u00e3o t\u00edpicas de um determinado povo, podendo realizar-se nas dan\u00e7as, contos e ritmos, por exemplo:<br \/>\nA dan\u00e7a \u00e9 um dos elementos que comp\u00f5em o folclore de um povo.<br \/>\nFolclore \u00e9 o que conhecemos como manifesta\u00e7\u00f5es da cultura popular que acontecem e que formam a identidade social de um povo. O folclore \u00e9 reproduzido tanto individualmente quanto coletivamente, bem como \u00e9 transmitido de gera\u00e7\u00e3o para gera\u00e7\u00e3o. Ele \u00e9, por excel\u00eancia, o campo que manifesta a cultura popular e n\u00e3o a \u201calta cultura\u201d, nome pelo qual conhecemos a cultura erudita.<\/p>\n<p>A manifesta\u00e7\u00f5es folcl\u00f3ricas d\u00e3o-se basicamente por meio de mitos, contos, m\u00fasica, dan\u00e7a, crendices, jogos, brincadeiras, festas populares, entre outros. Esses elementos s\u00e3o conhecidos, dentro das \u00e1reas que os estudam, como fatos folcl\u00f3ricos.<\/p>\n<p><img decoding=\"async\" class=\"aligncenter size-medium wp-image-899\" src=\"http:\/\/radioiep.com\/wp-content\/uploads\/2021\/08\/WhatsApp-Image-2021-08-22-at-22.15.44-3-144x300.jpeg\" alt=\"\" width=\"144\" height=\"300\" srcset=\"https:\/\/radioiep.com\/site\/wp-content\/uploads\/2021\/08\/WhatsApp-Image-2021-08-22-at-22.15.44-3-144x300.jpeg 144w, https:\/\/radioiep.com\/site\/wp-content\/uploads\/2021\/08\/WhatsApp-Image-2021-08-22-at-22.15.44-3.jpeg 156w\" sizes=\"(max-width: 144px) 100vw, 144px\" \/><\/p>\n<p>A import\u00e2ncia do folclore \u00e9 reconhecida pela Unesco, entidade vinculada \u00e0 Organiza\u00e7\u00e3o das Na\u00e7\u00f5es Unidas (ONU), que reconhece o folclore como Patrim\u00f4nio Cultural Imaterial ressaltando a import\u00e2ncia da preserva\u00e7\u00e3o das diferentes manifesta\u00e7\u00f5es que o formam.<\/p>\n<p><strong><em>Quando surgiu o termo folclore?<\/em><\/strong><br \/>\nA palavra folclore foi criada no s\u00e9culo XIX e sua origem est\u00e1 associada ao idioma ingl\u00eas. O termo em portugu\u00eas \u00e9 um aportuguesamento de folklore e, no ingl\u00eas, deriva de folk-lore, termo proposto pelo escritor William John Thoms, em 1846. O termo ficou registrado por meio de uma carta de Thoms, que foi publicada por uma revista chamada The Atheneum.<\/p>\n<p>A proposta de Thoms consistia basicamente na jun\u00e7\u00e3o de duas palavras do idioma ingl\u00eas, que eram:<\/p>\n<p>Folk, significando \u201cpovo\u201d;<\/p>\n<p>Lore, significando \u201cconhecimento\u201d ou \u201csaber\u201d.<\/p>\n<p>O antrop\u00f3logo prop\u00f4s juntar as duas palavras formando a express\u00e3o folk-lore, cujo significado \u00e9 \u201csaber tradicional de um povo\u201d. A proposta de Thoms n\u00e3o se espalhou de imediato e s\u00f3 se fixou no vocabul\u00e1rio quando surgiu a Sociedade do Folclore, em Londres, em 1878.<\/p>\n<p><img fetchpriority=\"high\" decoding=\"async\" class=\"aligncenter size-medium wp-image-900\" src=\"http:\/\/radioiep.com\/wp-content\/uploads\/2021\/08\/WhatsApp-Image-2021-08-22-at-22.15.44-2-300x225.jpeg\" alt=\"\" width=\"300\" height=\"225\" srcset=\"https:\/\/radioiep.com\/site\/wp-content\/uploads\/2021\/08\/WhatsApp-Image-2021-08-22-at-22.15.44-2-300x225.jpeg 300w, https:\/\/radioiep.com\/site\/wp-content\/uploads\/2021\/08\/WhatsApp-Image-2021-08-22-at-22.15.44-2.jpeg 640w\" sizes=\"(max-width: 300px) 100vw, 300px\" \/><\/p>\n<p><strong><em>Hist\u00f3ria do folclore<\/em><\/strong><\/p>\n<p>Diferentes m\u00e1scaras s\u00e3o utilizadas em rituais e cerim\u00f4nias t\u00edpicas do folclore de diferentes culturas.<\/p>\n<p>Atualmente, os especialistas consideram que o folclore \u00e9 uma \u00e1rea do conhecimento vinculada \u00e0 antropologia. Os estudos nesse tema come\u00e7aram no s\u00e9culo XVIII e ganharam for\u00e7a na segunda metade do s\u00e9culo XIX, quando surgiram associa\u00e7\u00f5es voltadas para sua investiga\u00e7\u00e3o. Os pioneiros nos estudos do folclore foram os irm\u00e3os Grimm e Johan von Herder.<\/p>\n<p>A primeira institui\u00e7\u00e3o criada com o objetivo de estudar o folclore foi a mencionada Sociedade do Folclore (Folklore Society), que surgiu em Londres, em 1878. Os debates realizados por esse grupo levaram-no a considerar como folclore elementos que pertenciam aos seguintes par\u00e2metros:<\/p>\n<p>Narrativas tradicionais: contos, mitos e lendas;<\/p>\n<p>Costumes tradicionais: festas populares, dan\u00e7as tradicionais etc.;<\/p>\n<p>Cren\u00e7as e supersti\u00e7\u00f5es: crendices populares e outros elementos, como magia e bruxaria;<\/p>\n<p>Linguagem popular: dialetos e jarg\u00f5es populares.<\/p>\n<p>Os estudos realizados por essa sociedade londrina contribu\u00edram para a populariza\u00e7\u00e3o da mat\u00e9ria, e logo outras associa\u00e7\u00f5es voltadas para estudar o folclore foram criadas na Europa e nos Estados Unidos.<\/p>\n<p>Aqui no Brasil, os estudos na \u00e1rea do folclore s\u00f3 se popularizaram em meados do s\u00e9culo XX, e alguns nomes, como Lu\u00eds da C\u00e2mara Cascudo, Florestan Fernandes, Amadeu Amaral e M\u00e1rio de Andrade, destacaram-se. Em 1951, foi realizado no Rio de Janeiro o I Congresso Brasileiro de Folclore.<\/p>\n<p>Nesse congresso ficou reconhecido que o estudo do folclore era parte integrante das ci\u00eancias antropol\u00f3gicas e culturais e que \u201cas maneiras de pensar e agir de um povo, preservadas pela tradi\u00e7\u00e3o popular e pela imita\u00e7\u00e3o, e que n\u00e3o sejam influenciadas pelos c\u00edrculos eruditos\u201ds\u00e3o um fato folcl\u00f3rico.<\/p>\n<p><img decoding=\"async\" class=\"aligncenter size-medium wp-image-901\" src=\"http:\/\/radioiep.com\/wp-content\/uploads\/2021\/08\/WhatsApp-Image-2021-08-22-at-22.15.44-1-300x204.jpeg\" alt=\"\" width=\"300\" height=\"204\" srcset=\"https:\/\/radioiep.com\/site\/wp-content\/uploads\/2021\/08\/WhatsApp-Image-2021-08-22-at-22.15.44-1-300x204.jpeg 300w, https:\/\/radioiep.com\/site\/wp-content\/uploads\/2021\/08\/WhatsApp-Image-2021-08-22-at-22.15.44-1.jpeg 486w\" sizes=\"(max-width: 300px) 100vw, 300px\" \/><\/p>\n<p><em><strong>Caracter\u00edsticas<\/strong><\/em><br \/>\nA defini\u00e7\u00e3o de caracter\u00edsticas b\u00e1sicas do folclore \u00e9 bastante discutida pelos estudiosos da \u00e1rea. Esse debate nasceu na Europa, espalhou-se para os Estados Unidos e, por fim, chegou ao Brasil. No entanto, mesmo com as resolu\u00e7\u00f5es existentes hoje e sendo resultado de mais de um s\u00e9culo de estudos e debates, a defini\u00e7\u00e3o de folclore n\u00e3o \u00e9 definitiva.<\/p>\n<p>Novos estudos e debates t\u00eam sido realizados na \u00e1rea, e elementos que um dia que foram considerados basilares hoje j\u00e1 n\u00e3o s\u00e3o enxergados como unanimidade. Assim, \u00e9 importante pontuar que os elementos levantados nesse texto podem ser ou s\u00e3o fruto de debates e questionamentos entre os especialistas.<\/p>\n<p><img loading=\"lazy\" decoding=\"async\" class=\"aligncenter size-medium wp-image-902\" src=\"http:\/\/radioiep.com\/wp-content\/uploads\/2021\/08\/WhatsApp-Image-2021-08-22-at-22.15.44-300x190.jpeg\" alt=\"\" width=\"300\" height=\"190\" srcset=\"https:\/\/radioiep.com\/site\/wp-content\/uploads\/2021\/08\/WhatsApp-Image-2021-08-22-at-22.15.44-300x190.jpeg 300w, https:\/\/radioiep.com\/site\/wp-content\/uploads\/2021\/08\/WhatsApp-Image-2021-08-22-at-22.15.44.jpeg 695w\" sizes=\"(max-width: 300px) 100vw, 300px\" \/><\/p>\n<p><strong><em>Algumas das caracter\u00edsticas b\u00e1sicas do folclore s\u00e3o:<\/em><\/strong><\/p>\n<p>Anonimato: Elementos da cultura popular s\u00f3 eram considerados como fato folcl\u00f3rico se fossem an\u00f4nimos. Atualmente, muitos especialistas questionam esse princ\u00edpio.<\/p>\n<p>Aceita\u00e7\u00e3o coletiva: Os elementos da cultura popular s\u00f3 integram o folclore de um pa\u00eds se tiverem sido popularizados coletivamente.<\/p>\n<p>Transmiss\u00e3o oral: Os saberes que formam o folclore s\u00e3o oriundos de tempos remotos e transmitidos oralmente de gera\u00e7\u00e3o para gera\u00e7\u00e3o.<\/p>\n<p>Espontaneidade: Al\u00e9m disso, os elementos do folclore devem surgir de maneira espont\u00e2nea e s\u00e3o definidores da coes\u00e3o cultural de um povo.<\/p>\n<p><strong>Por<\/strong> <em>Mah Silva<\/em> &#8211; Vice Presidente da r\u00e1dio internacional em Portugu\u00eas.<\/p>\n<p><strong>Pela r\u00e1dio que fala a l\u00edngua dos povos.<\/strong><\/p>\n<p id=\"rop\"><small>Originally posted 2021-08-22 22:16:43. <\/small><\/p>","protected":false},"excerpt":{"rendered":"<p>Folclore \u00e9 o conjunto de manifesta\u00e7\u00f5es da cultura popular que s\u00e3o t\u00edpicas de um determinado povo, podendo realizar-se nas dan\u00e7as, contos e ritmos, por exemplo: A dan\u00e7a \u00e9 um dos elementos que comp\u00f5em o folclore de um povo. Folclore \u00e9 o que conhecemos como manifesta\u00e7\u00f5es da cultura popular que acontecem e que formam a identidade [&hellip;]<\/p>\n","protected":false},"author":3,"featured_media":896,"comment_status":"open","ping_status":"open","sticky":false,"template":"","format":"standard","meta":{"footnotes":""},"categories":[9],"tags":[],"class_list":["post-895","post","type-post","status-publish","format-standard","has-post-thumbnail","hentry","category-artigos"],"_links":{"self":[{"href":"https:\/\/radioiep.com\/site\/wp-json\/wp\/v2\/posts\/895","targetHints":{"allow":["GET"]}}],"collection":[{"href":"https:\/\/radioiep.com\/site\/wp-json\/wp\/v2\/posts"}],"about":[{"href":"https:\/\/radioiep.com\/site\/wp-json\/wp\/v2\/types\/post"}],"author":[{"embeddable":true,"href":"https:\/\/radioiep.com\/site\/wp-json\/wp\/v2\/users\/3"}],"replies":[{"embeddable":true,"href":"https:\/\/radioiep.com\/site\/wp-json\/wp\/v2\/comments?post=895"}],"version-history":[{"count":0,"href":"https:\/\/radioiep.com\/site\/wp-json\/wp\/v2\/posts\/895\/revisions"}],"wp:featuredmedia":[{"embeddable":true,"href":"https:\/\/radioiep.com\/site\/wp-json\/wp\/v2\/media\/896"}],"wp:attachment":[{"href":"https:\/\/radioiep.com\/site\/wp-json\/wp\/v2\/media?parent=895"}],"wp:term":[{"taxonomy":"category","embeddable":true,"href":"https:\/\/radioiep.com\/site\/wp-json\/wp\/v2\/categories?post=895"},{"taxonomy":"post_tag","embeddable":true,"href":"https:\/\/radioiep.com\/site\/wp-json\/wp\/v2\/tags?post=895"}],"curies":[{"name":"wp","href":"https:\/\/api.w.org\/{rel}","templated":true}]}}