{"id":869,"date":"2026-01-27T12:20:49","date_gmt":"2026-01-27T12:20:49","guid":{"rendered":"https:\/\/radioiep.com\/?p=869"},"modified":"2026-01-27T12:20:49","modified_gmt":"2026-01-27T12:20:49","slug":"artista-cabo-verdiano-se-destaca-ao-apresentar-seu-trabalho-na-lusofonia-em-2021","status":"publish","type":"post","link":"https:\/\/radioiep.com\/site\/artista-cabo-verdiano-se-destaca-ao-apresentar-seu-trabalho-na-lusofonia-em-2021\/","title":{"rendered":"Artista Cabo-verdiano se destaca ao apresentar seu trabalho na lusofonia em 2021"},"content":{"rendered":"<p><img fetchpriority=\"high\" decoding=\"async\" class=\"aligncenter size-medium wp-image-875\" src=\"http:\/\/radioiep.com\/wp-content\/uploads\/2021\/08\/cabo-verde-bandeira-300x200.png\" alt=\"\" width=\"300\" height=\"200\" \/>Nossa conversa de hoje \u00e9 com o jovem Hewitt Luigi Monteiro, filho da cabo verdiana \u00a0\u00a0Arlinda Monteiro Inoc\u00eancio e o Italiano Francesco Di Stefano .\u00a0 Luigi BW Natural de Cabo Verde nascido em Mindelo de S\u00e3o Vicente no dia 22\/08\/96.<\/p>\n<p>Nossa conversa hoje e com o aniversariante desse dia 22 de agosto \u00a0Luigi BW cantor Cabo Verdeano que iniciou seu contato com o mundo da m\u00fasica aos 5 anos de idade no coro da escola Centro Escol\u00e1stico Altivilla na It\u00e1lia, onde viveu boa parte de sua vida na e que atualmente se encontra em Cabo Verde.<\/p>\n<p>Luigi BW \u00a0como \u00e9 conhecido no mundo da musica \u00e9 um Jovem \u00a0humilde e de uma simpatia impressionante que conquista amizades pela sua simplicidade e talento. Pontuamos algumas quest\u00f5es para conhecermos um pouco do trabalho de Luigi BW<\/p>\n<p>RIEP: Sua\u00a0 primeira produ\u00e7\u00e3o musical:<\/p>\n<p>Luigii BW: A minha primeira produ\u00e7\u00e3o foi uma musica chamada Levam Ma Bsot, um ragateoon<\/p>\n<p>RIEP:\u00a0 Seus planos para futuro:<\/p>\n<p>Luigii BW: Meus planos futuros agora fazer outro v\u00eddeo clip de ver\u00e3o e musica muito chamativa e vou trabalhar tamb\u00e9m \u00a0para um \u00e1lbum de nove faixas . Estou cheio de expectativas logo t\u00e3o breve estarei disponibilizando para que todos\u00a0 meus f\u00e2s e amigos tenham acesso.<\/p>\n<p>RIEP: Quais artistas te inspiram a realizar seu trabalho com m\u00fasica.<\/p>\n<p>Luigii BW:\u00a0 Um dos\u00a0 artista que sempre admiro muito de inspira\u00e7\u00e3o e sou f\u00e3 \u00e9 o Dynamo cantor cabo verdiano e o\u00a0 Grace \u00c9vora. Quanto a n\u00edvel mundial tenho como referencia o Maluma cantor, ator e compositor colombiano.<\/p>\n<p>RIEP:\u00a0 Suas composi\u00e7\u00f5es s\u00e3o independentes?<\/p>\n<p>Luigii BW: Algumas composi\u00e7\u00f5es minhas s\u00e3o independente e outras tive contribui\u00e7\u00e3o de amigos na produ\u00e7\u00e3o.<\/p>\n<p>RIEP:\u00a0 Voc\u00ea tem parceria com artistas de Cabo Verde na produ\u00e7\u00e3o de trabalhos?<\/p>\n<p>Luigii BW: Pois entrei num grupo que \u00e9ramos 3 membros e ainda estou nele, se chama grupo Black &amp; White. Era formado pelo meu\u00a0 Colega\u00a0 Elti Bw e Kappa Bw e eu.<\/p>\n<p>RIEP: Voc\u00ea consegue apoio para desenvolver seu trabalho na \u00e1rea m\u00fasical em Cabo Verde:<\/p>\n<p>Luigii BW: Tenho muito apoio a maior parte s\u00e3o dos meus f\u00e3s e amigos. S\u00e3o essas pessoas especiais em minha vida que me incentivam a continuar meu trabalho e produzir musicas em Cabo Verde. Todo artistas que desenvolve um trabalho musical sonha com uma oportunidade maior para divulgar seu trabalho, eu tamb\u00e9m penso nessa possibilidade e assim puder lan\u00e7ar melhor a minha carreira musical.<\/p>\n<p>RIEP:\u00a0 Quais s\u00e3o suas expectativas futuras:<\/p>\n<p>Luigii BW: Olha falar de expectativa no mundo art\u00edstico principalmente na \u00e1rea musical que \u00e9 o que desenvolvo me faz pensar a realidade atual que nos encontramos diante dessa pandemia, pois tivemos de parar absolutamente tudo o que faz\u00edamos. Tenho esperan\u00e7a que tudo volte a normalidade e que possamos retornar \u00a0a realizar nossos trabalhos com shows ao vivo e principalmente com nosso publico, esse \u00e9 meu desejo hoje.<\/p>\n<p>RIEP:\u00a0 Deixa um recado aos seus f\u00e2s e as pessoas que admiram seu trabalho.<\/p>\n<p>Luigii BW: Agrade\u00e7o a oportunidade e muito obrigado.\u00a0 Enorme gratid\u00e3o de estar conversando com voc\u00eas da radio internacional em Portugu\u00eas e aos meus f\u00e2s e amigos digo que na vida o melhor tesouro que temos s\u00e3o as pessoas especiais que est\u00e3o a nossa volta e a gratid\u00e3o que tenho por cada uma \u00e9 a for\u00e7a que me faz lutar e continuar o meu trabalho. Deixo um abra\u00e7o enorme a todos e principalmente a minha querida m\u00e3e Arlinda Monteiro Inoc\u00eancio e meu pai Francesco Di Stefano.<\/p>\n<p>RIEP:\u00a0 Essa foi nossa conversa com o artista Luigi BW que faz aniversario nesse dia 22 de agosto.\u00a0 A r\u00e1dio internacional em portugu\u00eas parabeniza e deseja sucesso em seus projetos.<\/p>\n<p>&nbsp;<\/p>\n<p>Hewitt Luigi Monteiro<\/p>\n<p>Contatos: monteiroluigi@gmail.com<\/p>\n<p>Instragram: luigi_bw_official<\/p>\n<p>Facebook: Luigi Monteiro Bw<\/p>\n<p>A r\u00e1dio que fala a l\u00edngua dos povos.<\/p>\n<p>Por Jos\u00e9 Ant\u00f4nio Pereira.<img decoding=\"async\" class=\"aligncenter size-full wp-image-865\" src=\"http:\/\/radioiep.com\/wp-content\/uploads\/2021\/08\/Luigi.jpeg\" alt=\"\" width=\"864\" height=\"1296\" \/><img decoding=\"async\" class=\"aligncenter size-full wp-image-866\" src=\"http:\/\/radioiep.com\/wp-content\/uploads\/2021\/08\/Luigi-bw.jpeg\" alt=\"\" width=\"719\" height=\"1280\" \/><\/p>\n<p id=\"rop\"><small>Originally posted 2021-08-21 22:20:09. <\/small><\/p>","protected":false},"excerpt":{"rendered":"<p>Nossa conversa de hoje \u00e9 com o jovem Hewitt Luigi Monteiro, filho da cabo verdiana \u00a0\u00a0Arlinda Monteiro Inoc\u00eancio e o Italiano Francesco Di Stefano .\u00a0 Luigi BW Natural de Cabo Verde nascido em Mindelo de S\u00e3o Vicente no dia 22\/08\/96. Nossa conversa hoje e com o aniversariante desse dia 22 de agosto \u00a0Luigi BW cantor [&hellip;]<\/p>\n","protected":false},"author":3,"featured_media":876,"comment_status":"open","ping_status":"open","sticky":false,"template":"","format":"standard","meta":{"footnotes":""},"categories":[9],"tags":[],"class_list":["post-869","post","type-post","status-publish","format-standard","has-post-thumbnail","hentry","category-artigos"],"_links":{"self":[{"href":"https:\/\/radioiep.com\/site\/wp-json\/wp\/v2\/posts\/869","targetHints":{"allow":["GET"]}}],"collection":[{"href":"https:\/\/radioiep.com\/site\/wp-json\/wp\/v2\/posts"}],"about":[{"href":"https:\/\/radioiep.com\/site\/wp-json\/wp\/v2\/types\/post"}],"author":[{"embeddable":true,"href":"https:\/\/radioiep.com\/site\/wp-json\/wp\/v2\/users\/3"}],"replies":[{"embeddable":true,"href":"https:\/\/radioiep.com\/site\/wp-json\/wp\/v2\/comments?post=869"}],"version-history":[{"count":0,"href":"https:\/\/radioiep.com\/site\/wp-json\/wp\/v2\/posts\/869\/revisions"}],"wp:featuredmedia":[{"embeddable":true,"href":"https:\/\/radioiep.com\/site\/wp-json\/wp\/v2\/media\/876"}],"wp:attachment":[{"href":"https:\/\/radioiep.com\/site\/wp-json\/wp\/v2\/media?parent=869"}],"wp:term":[{"taxonomy":"category","embeddable":true,"href":"https:\/\/radioiep.com\/site\/wp-json\/wp\/v2\/categories?post=869"},{"taxonomy":"post_tag","embeddable":true,"href":"https:\/\/radioiep.com\/site\/wp-json\/wp\/v2\/tags?post=869"}],"curies":[{"name":"wp","href":"https:\/\/api.w.org\/{rel}","templated":true}]}}