{"id":804,"date":"2026-01-27T12:20:46","date_gmt":"2026-01-27T12:20:46","guid":{"rendered":"http:\/\/radioiep.com\/?p=804"},"modified":"2026-01-27T12:20:46","modified_gmt":"2026-01-27T12:20:46","slug":"teresa-adao-joao-sebastiao-a-forca-do-imigrante-em-sao-paulo","status":"publish","type":"post","link":"https:\/\/radioiep.com\/site\/teresa-adao-joao-sebastiao-a-forca-do-imigrante-em-sao-paulo\/","title":{"rendered":"TERESA AD\u00c3O JO\u00c3O SEBASTI\u00c3O &#8220;A FOR\u00c7A DO IMIGRANTE EM S\u00c3O PAULO&#8221;"},"content":{"rendered":"<p>Teresa Ad\u00e3o Jo\u00e3o Sebasti\u00e3o, \u00e9 angolana, m\u00e3e, formadora de opini\u00e3o e residente em S\u00e3o Paulo desde 2008.<\/p>\n<p>Afirma que o termo &#8220;L\u00edder&#8221; n\u00e3o se aplica ao que tem feito. H\u00e1 dois anos vem desenvolvendo algumas a\u00e7\u00f5es no enfrentamento das causas que a pandemia do Covid-19 tem causado no seio da nossa comunidade. Auxiliando de forma f\u00edsica atrav\u00e9s da ajuda de amigos e parceiros brasileiros com cestas b\u00e1sicas e bens de primeira necessidade. Hoje s\u00e3o mais de 80 m\u00e3es de fam\u00edlias angolanas cadastradas sob a denomina\u00e7\u00e3o &#8220;Coletivo de M\u00e3es Angolanas&#8221;. Sempre que poss\u00edvel encaminho demandas de matr\u00edculas e tamb\u00e9m auxiliando em quest\u00f5es informativas no que diz respeito \u00e0 regulariza\u00e7\u00e3o das citadas.<\/p>\n<p>Em 2019 foi candidata ao Conselho Participativo Municipal do Distrito da Penha (CPM) em SP. Sendo eleita pelo voto democr\u00e1tico pela comunidade imigrante e atualmente est\u00e1 no segundo ano de mandato ocupando a cadeira de Conselheira Distrital Imigrante.<\/p>\n<p>Na \u00faltima Sexta-Feira (25 de Junho de 2021) foi devidamente empossada como Conselheira Municipal Imigrante. Decorrente de elei\u00e7\u00e3o direta presencial e virtual. Eleita pelo voto democr\u00e1tico da Comunidade Imigrante.<\/p>\n<p>\u00d3rg\u00e3o Consultivo vinculado \u00e0 Coordena\u00e7\u00e3o de Pol\u00edticas para Imigrantes e Promo\u00e7\u00e3o de Trabalho Decente da Secretaria Municipal de Direitos Humanos e Cidadania. Cargo n\u00e3o remunerado de car\u00e1ter participativo social na formula\u00e7\u00e3o de cria\u00e7\u00e3o e articula\u00e7\u00e3o de pol\u00edticas p\u00fablicas para imigrantes na cidade de S\u00e3o Paulo.<\/p>\n<p>Teresa \u00e9 uma exemplo a ser seguido, \u00e9 uma pessoa de car\u00e1ter e que honra seus princ\u00edpios, merecedora de cada conquista at\u00e9 o momento, e uma grande fonte de inspira\u00e7\u00e3o.<br \/>\nPara conhecer um pouco mais dessa hist\u00f3ria e dessa super mulher maravilha, acompanhe o trabalho dela atrav\u00e9s dos seus canais oficiais:<br \/>\nTeresa AJ Sebasti\u00e3o<\/p>\n<p>Conselheira Municipal Imigrante<br \/>\nConselheira Participativa Distrital.<br \/>\nInforma\u00e7\u00f5es pessoais para contato:<br \/>\nE-mail: teresasebastiao@live.com<br \/>\nRedes sociais:<br \/>\nFacebook &#8211; Teresa AJ Sebasti\u00e3o<br \/>\nInstagram &#8211; @tajsimigrante<\/p>\n<p><img fetchpriority=\"high\" decoding=\"async\" class=\"aligncenter size-full wp-image-806\" src=\"http:\/\/radioiep.com\/wp-content\/uploads\/2021\/06\/WhatsApp-Image-2021-06-27-at-05.57.45-1.jpeg\" alt=\"\" width=\"853\" height=\"1067\" srcset=\"https:\/\/radioiep.com\/site\/wp-content\/uploads\/2021\/06\/WhatsApp-Image-2021-06-27-at-05.57.45-1.jpeg 853w, https:\/\/radioiep.com\/site\/wp-content\/uploads\/2021\/06\/WhatsApp-Image-2021-06-27-at-05.57.45-1-240x300.jpeg 240w, https:\/\/radioiep.com\/site\/wp-content\/uploads\/2021\/06\/WhatsApp-Image-2021-06-27-at-05.57.45-1-819x1024.jpeg 819w, https:\/\/radioiep.com\/site\/wp-content\/uploads\/2021\/06\/WhatsApp-Image-2021-06-27-at-05.57.45-1-768x961.jpeg 768w\" sizes=\"(max-width: 853px) 100vw, 853px\" \/><\/p>\n<p id=\"rop\"><small>Originally posted 2021-06-27 14:12:39. <\/small><\/p>","protected":false},"excerpt":{"rendered":"<p>Teresa Ad\u00e3o Jo\u00e3o Sebasti\u00e3o, \u00e9 angolana, m\u00e3e, formadora de opini\u00e3o e residente em S\u00e3o Paulo desde 2008. Afirma que o termo &#8220;L\u00edder&#8221; n\u00e3o se aplica ao que tem feito. H\u00e1 dois anos vem desenvolvendo algumas a\u00e7\u00f5es no enfrentamento das causas que a pandemia do Covid-19 tem causado no seio da nossa comunidade. Auxiliando de forma [&hellip;]<\/p>\n","protected":false},"author":3,"featured_media":815,"comment_status":"open","ping_status":"open","sticky":false,"template":"","format":"standard","meta":{"footnotes":""},"categories":[9],"tags":[],"class_list":["post-804","post","type-post","status-publish","format-standard","has-post-thumbnail","hentry","category-artigos"],"_links":{"self":[{"href":"https:\/\/radioiep.com\/site\/wp-json\/wp\/v2\/posts\/804","targetHints":{"allow":["GET"]}}],"collection":[{"href":"https:\/\/radioiep.com\/site\/wp-json\/wp\/v2\/posts"}],"about":[{"href":"https:\/\/radioiep.com\/site\/wp-json\/wp\/v2\/types\/post"}],"author":[{"embeddable":true,"href":"https:\/\/radioiep.com\/site\/wp-json\/wp\/v2\/users\/3"}],"replies":[{"embeddable":true,"href":"https:\/\/radioiep.com\/site\/wp-json\/wp\/v2\/comments?post=804"}],"version-history":[{"count":0,"href":"https:\/\/radioiep.com\/site\/wp-json\/wp\/v2\/posts\/804\/revisions"}],"wp:featuredmedia":[{"embeddable":true,"href":"https:\/\/radioiep.com\/site\/wp-json\/wp\/v2\/media\/815"}],"wp:attachment":[{"href":"https:\/\/radioiep.com\/site\/wp-json\/wp\/v2\/media?parent=804"}],"wp:term":[{"taxonomy":"category","embeddable":true,"href":"https:\/\/radioiep.com\/site\/wp-json\/wp\/v2\/categories?post=804"},{"taxonomy":"post_tag","embeddable":true,"href":"https:\/\/radioiep.com\/site\/wp-json\/wp\/v2\/tags?post=804"}],"curies":[{"name":"wp","href":"https:\/\/api.w.org\/{rel}","templated":true}]}}