{"id":798,"date":"2026-01-27T12:20:45","date_gmt":"2026-01-27T12:20:45","guid":{"rendered":"http:\/\/radioiep.com\/?p=798"},"modified":"2026-01-27T12:20:45","modified_gmt":"2026-01-27T12:20:45","slug":"sao-paulo-ganha-centro-cultural-casa-de-angola","status":"publish","type":"post","link":"https:\/\/radioiep.com\/site\/sao-paulo-ganha-centro-cultural-casa-de-angola\/","title":{"rendered":"S\u00e3o Paulo ganha centro cultural casa de Angola"},"content":{"rendered":"<p>A cidade S\u00e3o Paulo (Brasil) ganhou,no \u00faltimo s\u00e1bado, 26, o Centro Cultural Casa de Angola.<br \/>\nSegundo nota a que a Riep teve acesso, o espa\u00e7o servir\u00e1 para apresentar, compartilhar e fortalecer os la\u00e7os culturais entre Angola e o Brasil.<\/p>\n<p>A abertura da casa contou com a anima\u00e7\u00e3o da Irm\u00e3 Sofia, Leonardo Matumona e Jo\u00e3o Canda.<\/p>\n<p>Teve ainda a entrega dos trof\u00e9us Rainha Njinga a Mbandi, Rei Katyavala Bwila e Uanhenga Xitu, numa homenagem aos angolanos, africanos e brasileiros que contribu\u00edram na luta contra o racismo, na constru\u00e7\u00e3o da identidade dos povos de Angola e na promo\u00e7\u00e3o da literatura angolana.<br \/>\nEntre tudo aconteceu uma exposi\u00e7\u00e3o fotogr\u00e1fica sobre o patrim\u00f3nio cultural dos povos de Angola e uma exposi\u00e7\u00e3o individual do artista pl\u00e1stico Isidro Sanene.<\/p>\n<p>Entre os presentes, na cerim\u00f3nia de inagura\u00e7\u00e3o tivemos a presen\u00e7a do embaixador de Angola no Brasil, Flor\u00eancio de Almeida, o vereador Toninho Vespoli, vereadora Juliana Cardoso, a C\u00f4nsul de Angola, Maria Santiago, entre outros.<\/p>\n<p>Vale recordar que Angola tem j\u00e1 um espa\u00e7o id\u00eantico na Bahia.<\/p>\n<p>A r\u00e1dio internacional como apoiadora e incentivadora da cultura lus\u00f3fona, tem a maior satisfa\u00e7\u00e3o em compartilhar esse momento t\u00e3o importante com voc\u00eas.<br \/>\nR\u00c1DIO INTERNACIONAL EM PORTUGU\u00caS. \u270a\ud83c\udfff<br \/>\nA R\u00c1DIO QUE FALA A L\u00cdNGUA DOS POVOS.\u270a\ud83c\udfff<\/p>\n<div style=\"width: 640px;\" class=\"wp-video\"><video class=\"wp-video-shortcode\" id=\"video-798-1\" width=\"640\" height=\"1138\" preload=\"metadata\" controls=\"controls\"><source type=\"video\/mp4\" src=\"http:\/\/radioiep.com\/wp-content\/uploads\/2021\/06\/VID-20210627-WA0000-2.mp4?_=1\" \/><a href=\"http:\/\/radioiep.com\/wp-content\/uploads\/2021\/06\/VID-20210627-WA0000-2.mp4\">http:\/\/radioiep.com\/wp-content\/uploads\/2021\/06\/VID-20210627-WA0000-2.mp4<\/a><\/video><\/div>\n<p id=\"rop\"><small>Originally posted 2021-06-27 03:04:57. <\/small><\/p>","protected":false},"excerpt":{"rendered":"<p>A cidade S\u00e3o Paulo (Brasil) ganhou,no \u00faltimo s\u00e1bado, 26, o Centro Cultural Casa de Angola. Segundo nota a que a Riep teve acesso, o espa\u00e7o servir\u00e1 para apresentar, compartilhar e fortalecer os la\u00e7os culturais entre Angola e o Brasil. A abertura da casa contou com a anima\u00e7\u00e3o da Irm\u00e3 Sofia, Leonardo Matumona e Jo\u00e3o Canda. [&hellip;]<\/p>\n","protected":false},"author":3,"featured_media":801,"comment_status":"open","ping_status":"open","sticky":false,"template":"","format":"standard","meta":{"footnotes":""},"categories":[9],"tags":[],"class_list":["post-798","post","type-post","status-publish","format-standard","has-post-thumbnail","hentry","category-artigos"],"_links":{"self":[{"href":"https:\/\/radioiep.com\/site\/wp-json\/wp\/v2\/posts\/798","targetHints":{"allow":["GET"]}}],"collection":[{"href":"https:\/\/radioiep.com\/site\/wp-json\/wp\/v2\/posts"}],"about":[{"href":"https:\/\/radioiep.com\/site\/wp-json\/wp\/v2\/types\/post"}],"author":[{"embeddable":true,"href":"https:\/\/radioiep.com\/site\/wp-json\/wp\/v2\/users\/3"}],"replies":[{"embeddable":true,"href":"https:\/\/radioiep.com\/site\/wp-json\/wp\/v2\/comments?post=798"}],"version-history":[{"count":0,"href":"https:\/\/radioiep.com\/site\/wp-json\/wp\/v2\/posts\/798\/revisions"}],"wp:featuredmedia":[{"embeddable":true,"href":"https:\/\/radioiep.com\/site\/wp-json\/wp\/v2\/media\/801"}],"wp:attachment":[{"href":"https:\/\/radioiep.com\/site\/wp-json\/wp\/v2\/media?parent=798"}],"wp:term":[{"taxonomy":"category","embeddable":true,"href":"https:\/\/radioiep.com\/site\/wp-json\/wp\/v2\/categories?post=798"},{"taxonomy":"post_tag","embeddable":true,"href":"https:\/\/radioiep.com\/site\/wp-json\/wp\/v2\/tags?post=798"}],"curies":[{"name":"wp","href":"https:\/\/api.w.org\/{rel}","templated":true}]}}