{"id":754,"date":"2026-01-27T12:20:44","date_gmt":"2026-01-27T12:20:44","guid":{"rendered":"http:\/\/radioiep.com\/?p=754"},"modified":"2026-01-27T12:20:44","modified_gmt":"2026-01-27T12:20:44","slug":"faisca-fagulha-fim","status":"publish","type":"post","link":"https:\/\/radioiep.com\/site\/faisca-fagulha-fim\/","title":{"rendered":"FA\u00cdSCA FAGULHA FIM"},"content":{"rendered":"<p>Fa\u00edscas Fagulhas Fim<\/p>\n<p>&nbsp;<\/p>\n<p>Em meio a correria meu nome j\u00e1 n\u00e3o \u00e9 lembrado<\/p>\n<p>Assim como os culpados por me arrancarem a vida nunca foram encontrados<\/p>\n<p>Mil dias se passaram e j\u00e1 n\u00e3o tenho mais vida n\u00e3o sou capaz de sorrir nem tive direito a despedida<\/p>\n<p>Tantos sonhos e planos de mim foram arrancados tiros calaram minha voz fa\u00edscas e fagulhas em meio ao meu \u00faltimo suspiro calavam pra sempre minha boca<\/p>\n<p>Agora eu me pergunto nesse vazio sem fim quantas Marielles Marias Anas e Am\u00e9lias ter\u00e3o suas vidas arrancadas e sua foz brutalmente silenciada?<\/p>\n<p>Agora j\u00e1 n\u00e3o me importa o que v\u00e3o pensar de mim mais em nome da minha hist\u00f3ria fa\u00e7o um apelo sem fim cuidem de nossas meninas e lutem por direitos iguais para que n\u00e3o precisem como eu estampar v\u00e1rios jornais<\/p>\n<p>Que estampem revistas de modas e redes sociais olha aquela preta \u00e9 do alto escal\u00e3o um dia vou ser igual \u00e9 refer\u00eancia e padr\u00e3o tem a pele mais linda que meus olhos j\u00e1 conseguiram enxergar as vezes me pergunto se Leonardo a conhecesse teria escolhido a Mona Lisa pra pintar?<\/p>\n<p>Pra mim n\u00e3o faz mais diferen\u00e7a lutar por direitos iguais pois o \u00fanico direto que tive foi de estampar os jornais e n\u00e3o foi pelo que construir e nem pelo que eu acreditava e sim pelo furos que fizeram meu corpo sangrar causados por arma de fogo e assim como muitas mulheres a \u00faltima luz que vi foram fa\u00edscas e fagulhas ceifando minha vida enquanto meu sangue escorria eu tentava entender meu Deus o que eu fiz pra ser morta assim queria dizer adeus as pessoas que me amavam que me faziam sorrir e em mim acreditavam<\/p>\n<p>Olhar nos olhos de quem ao meu lado lutou e quando eu n\u00e3o tive for\u00e7a em minha m\u00e3o segurou<\/p>\n<p>Enfim nada disso foi poss\u00edvel me contentei com as fa\u00edscas e fagulhas e dei meu \u00faltimo suspiro pe\u00e7o que n\u00e3o me esque\u00e7am e que meu fim acenda a fa\u00edsca e fagulha dentro dos seus cora\u00e7\u00f5es e que lutem com emo\u00e7\u00e3o pela igualdade verdadeira nesse mundo de ilus\u00e3o mil dias de saudade de aperto no cora\u00e7\u00e3o mil dias sem respostas esse \u00e9 o pa\u00eds da humilha\u00e7\u00e3o onde um pai vai preso por roubar um p\u00e3o e os ladr\u00f5es de verdade est\u00e3o no poder da na\u00e7\u00e3o.<\/p>\n<p>Entre fa\u00edscas e fagulhas o fim de uma vida de batalhas arrancada brutalmente de mim no meio daquela estrada mil dias e nada.<\/p>\n<p>Em homenagem a Marielle Franco e a todas as mulheres brutalmente assassinadas.<\/p>\n<p><img fetchpriority=\"high\" decoding=\"async\" class=\"alignnone size-full wp-image-756\" src=\"http:\/\/radioiep.com\/wp-content\/uploads\/2021\/03\/WhatsApp-Image-2021-03-14-at-21.10.37-2-1.jpeg\" alt=\"\" width=\"512\" height=\"320\" srcset=\"https:\/\/radioiep.com\/site\/wp-content\/uploads\/2021\/03\/WhatsApp-Image-2021-03-14-at-21.10.37-2-1.jpeg 512w, https:\/\/radioiep.com\/site\/wp-content\/uploads\/2021\/03\/WhatsApp-Image-2021-03-14-at-21.10.37-2-1-300x188.jpeg 300w\" sizes=\"(max-width: 512px) 100vw, 512px\" \/> <img decoding=\"async\" class=\"alignnone size-large wp-image-757\" src=\"http:\/\/radioiep.com\/wp-content\/uploads\/2021\/03\/WhatsApp-Image-2021-03-14-at-21.10.37-4.jpeg\" alt=\"\" width=\"640\" height=\"424\" srcset=\"https:\/\/radioiep.com\/site\/wp-content\/uploads\/2021\/03\/WhatsApp-Image-2021-03-14-at-21.10.37-4.jpeg 640w, https:\/\/radioiep.com\/site\/wp-content\/uploads\/2021\/03\/WhatsApp-Image-2021-03-14-at-21.10.37-4-300x199.jpeg 300w\" sizes=\"(max-width: 640px) 100vw, 640px\" \/> <img decoding=\"async\" class=\"alignnone size-large wp-image-758\" src=\"http:\/\/radioiep.com\/wp-content\/uploads\/2021\/03\/WhatsApp-Image-2021-03-14-at-21.10.37-3.jpeg\" alt=\"\" width=\"678\" height=\"452\" srcset=\"https:\/\/radioiep.com\/site\/wp-content\/uploads\/2021\/03\/WhatsApp-Image-2021-03-14-at-21.10.37-3.jpeg 678w, https:\/\/radioiep.com\/site\/wp-content\/uploads\/2021\/03\/WhatsApp-Image-2021-03-14-at-21.10.37-3-300x200.jpeg 300w\" sizes=\"(max-width: 678px) 100vw, 678px\" \/> <img loading=\"lazy\" decoding=\"async\" class=\"alignnone size-large wp-image-759\" src=\"http:\/\/radioiep.com\/wp-content\/uploads\/2021\/03\/WhatsApp-Image-2021-03-14-at-21.10.37-1.jpeg\" alt=\"\" width=\"677\" height=\"453\" srcset=\"https:\/\/radioiep.com\/site\/wp-content\/uploads\/2021\/03\/WhatsApp-Image-2021-03-14-at-21.10.37-1.jpeg 677w, https:\/\/radioiep.com\/site\/wp-content\/uploads\/2021\/03\/WhatsApp-Image-2021-03-14-at-21.10.37-1-300x201.jpeg 300w\" sizes=\"(max-width: 677px) 100vw, 677px\" \/> <img loading=\"lazy\" decoding=\"async\" class=\"alignnone size-large wp-image-760\" src=\"http:\/\/radioiep.com\/wp-content\/uploads\/2021\/03\/WhatsApp-Image-2021-03-14-at-21.10.37.jpeg\" alt=\"\" width=\"678\" height=\"452\" srcset=\"https:\/\/radioiep.com\/site\/wp-content\/uploads\/2021\/03\/WhatsApp-Image-2021-03-14-at-21.10.37.jpeg 678w, https:\/\/radioiep.com\/site\/wp-content\/uploads\/2021\/03\/WhatsApp-Image-2021-03-14-at-21.10.37-300x200.jpeg 300w\" sizes=\"(max-width: 678px) 100vw, 678px\" \/><\/p>\n<p>Por: Mah Silva vice-presidente e diretora geral<\/p>\n<p id=\"rop\"><small>Originally posted 2021-03-14 21:25:48. <\/small><\/p>","protected":false},"excerpt":{"rendered":"<p>Fa\u00edscas Fagulhas Fim &nbsp; Em meio a correria meu nome j\u00e1 n\u00e3o \u00e9 lembrado Assim como os culpados por me arrancarem a vida nunca foram encontrados Mil dias se passaram e j\u00e1 n\u00e3o tenho mais vida n\u00e3o sou capaz de sorrir nem tive direito a despedida Tantos sonhos e planos de mim foram arrancados tiros [&hellip;]<\/p>\n","protected":false},"author":5,"featured_media":756,"comment_status":"open","ping_status":"open","sticky":false,"template":"","format":"standard","meta":{"footnotes":""},"categories":[9],"tags":[],"class_list":["post-754","post","type-post","status-publish","format-standard","has-post-thumbnail","hentry","category-artigos"],"_links":{"self":[{"href":"https:\/\/radioiep.com\/site\/wp-json\/wp\/v2\/posts\/754","targetHints":{"allow":["GET"]}}],"collection":[{"href":"https:\/\/radioiep.com\/site\/wp-json\/wp\/v2\/posts"}],"about":[{"href":"https:\/\/radioiep.com\/site\/wp-json\/wp\/v2\/types\/post"}],"author":[{"embeddable":true,"href":"https:\/\/radioiep.com\/site\/wp-json\/wp\/v2\/users\/5"}],"replies":[{"embeddable":true,"href":"https:\/\/radioiep.com\/site\/wp-json\/wp\/v2\/comments?post=754"}],"version-history":[{"count":0,"href":"https:\/\/radioiep.com\/site\/wp-json\/wp\/v2\/posts\/754\/revisions"}],"wp:featuredmedia":[{"embeddable":true,"href":"https:\/\/radioiep.com\/site\/wp-json\/wp\/v2\/media\/756"}],"wp:attachment":[{"href":"https:\/\/radioiep.com\/site\/wp-json\/wp\/v2\/media?parent=754"}],"wp:term":[{"taxonomy":"category","embeddable":true,"href":"https:\/\/radioiep.com\/site\/wp-json\/wp\/v2\/categories?post=754"},{"taxonomy":"post_tag","embeddable":true,"href":"https:\/\/radioiep.com\/site\/wp-json\/wp\/v2\/tags?post=754"}],"curies":[{"name":"wp","href":"https:\/\/api.w.org\/{rel}","templated":true}]}}