{"id":698,"date":"2025-09-08T01:26:51","date_gmt":"2025-09-08T01:26:51","guid":{"rendered":"http:\/\/radioiep.com\/?p=698"},"modified":"2025-09-08T01:26:51","modified_gmt":"2025-09-08T01:26:51","slug":"dramatologia-portuguesa-em-lagrimas-faleceu-cecilia-guimaraes","status":"publish","type":"post","link":"https:\/\/radioiep.com\/site\/dramatologia-portuguesa-em-lagrimas-faleceu-cecilia-guimaraes\/","title":{"rendered":"DRAMATOLOGIA PORTUGUESA EM L\u00c1GRIMAS: FALECEU CEC\u00cdLIA GUIMAR\u00c3ES"},"content":{"rendered":"<p>&nbsp;<\/p>\n<p>A ter\u00e7a-feira (02), de fevereiro deste ano, ficou marcada negativamente \u00e0 cultura portuguesa, com a not\u00edcia inesperada do falecimento da conceituada atriz Cec\u00edlia Guimar\u00e3es. \u00c0 atriz perdeu a vida aos 93 anos, vitima da Covid-19, deixando a dramatologia portuguesa em luto. Vale salientar que a interprete do filme &#8220;Primo Bas\u00edlio&#8221; estava internada h\u00e1 dias, recebendo cuidados intensivos no hospital Santa Maria, em Lisboa.<\/p>\n<p><img fetchpriority=\"high\" decoding=\"async\" class=\"alignnone size-full wp-image-699\" src=\"http:\/\/radioiep.com\/wp-content\/uploads\/2021\/02\/10.jpg\" alt=\"\" width=\"720\" height=\"411\" srcset=\"https:\/\/radioiep.com\/site\/wp-content\/uploads\/2021\/02\/10.jpg 720w, https:\/\/radioiep.com\/site\/wp-content\/uploads\/2021\/02\/10-300x171.jpg 300w\" sizes=\"(max-width: 720px) 100vw, 720px\" \/><\/p>\n<p>Cec\u00edlia foi uma das primeiras atrizes a interpretar v\u00e1rias pe\u00e7as de teatro e atuar na televis\u00e3o. Durante 70 anos de carreira, dedicou-se \u00e0 arte e cultura portuguesa, onde se destacou no cinema com o filme, &#8220;Francisca\u201d e o \u201cPrinc\u00edpio da Incerteza&#8221;, de Manoel de Oliveira, e \u00e0 sua participa\u00e7\u00e3o foi not\u00f3ria na televis\u00e3o atrav\u00e9s da novela &#8220;\u00danica Mulher&#8221;, &#8220;Harpa de Ervas, de Truman Capote\u201d e na com\u00e9dia &#8220;Milion\u00e1rios \u00e0 For\u00e7a&#8221;, est\u00e1 que \u00e9 recente.<\/p>\n<p>&nbsp;<\/p>\n<p>A atriz nasceu em Lisboa, Portugal, em 28 de maio de 1927. Fez um curso no Conservat\u00f3rio Nacional, encarando pela primeira vez o palco em 1951, no teatro da rua da f\u00e9, para encenar a pe\u00e7a &#8220;A qualquer hora o diabo vem&#8221; de Pedro Bom, dois anos depois, em 1953, estreou-se como profissional, interpretando na pe\u00e7a &#8220;Duas Causas&#8221; de Ramada Curto no espa\u00e7o companhia Alves d\u00e1 Cunha.<\/p>\n<p><img decoding=\"async\" class=\"alignnone size-full wp-image-700\" src=\"http:\/\/radioiep.com\/wp-content\/uploads\/2021\/02\/11.jpg\" alt=\"\" width=\"720\" height=\"347\" srcset=\"https:\/\/radioiep.com\/site\/wp-content\/uploads\/2021\/02\/11.jpg 720w, https:\/\/radioiep.com\/site\/wp-content\/uploads\/2021\/02\/11-300x145.jpg 300w\" sizes=\"(max-width: 720px) 100vw, 720px\" \/><\/p>\n<p>Em vida contribuiu de forma significativa para o crescimento da cultura em seu pa\u00eds, tendo passado pela companhia Alves d\u00e1 Cunha, pelo Teatro Experimental do Porto, Teatro Experimental de Cascais, Teatro de Almada, Teatro Gerifalto, Teatro Braga, entre outros teatros na Capital. Foram sete d\u00e9cadas dedicadas \u00e0 arte, deixando uma heran\u00e7a imensur\u00e1vel \u00e0 dramaturgia.<\/p>\n<p>&nbsp;<\/p>\n<p>No cinema participou de v\u00e1rios filmes, a lista n\u00e3o \u00e9 pequena, por isso citaremos alguns de seus trabalhos, tais como;<\/p>\n<p>As horas de Maria, em 1979. Francisca em 1981. O lugar do morto em 1984, entre outros.<\/p>\n<p>E na televis\u00e3o fez v\u00e1rias telenovelas, como; Cluedo em 1995, Filhos do Vento em 1997, entre outros telefilmes e s\u00e9ries, al\u00e9m da indica\u00e7\u00e3o como melhor atriz, no filme primo Bas\u00edlio, pelo Secret\u00e1rio Nacional de Informa\u00e7\u00e3o (SNI).<\/p>\n<p>&nbsp;<\/p>\n<p>Seu contributo \u00e1 arte \u00e9 sem d\u00favida algo que merece ser lembrado e reverenciado, como motivo de inspira\u00e7\u00e3o na concep\u00e7\u00e3o humana e art\u00edstica. Uma part\u00edcula f\u00edsica se foi, m\u00e1s ficou sua hist\u00f3ria, exemplo e a experi\u00eancia que faz parte de um corpo chamado arte.<\/p>\n<p><img decoding=\"async\" class=\"alignnone size-full wp-image-701\" src=\"http:\/\/radioiep.com\/wp-content\/uploads\/2021\/02\/12.jpg\" alt=\"\" width=\"720\" height=\"388\" srcset=\"https:\/\/radioiep.com\/site\/wp-content\/uploads\/2021\/02\/12.jpg 720w, https:\/\/radioiep.com\/site\/wp-content\/uploads\/2021\/02\/12-300x162.jpg 300w\" sizes=\"(max-width: 720px) 100vw, 720px\" \/><\/p>\n<p>Fotos: https:\/\/m.facebook.com\/ceciliaguimaraesactriz\/photos\/?ref=page_internal&amp;mt_nav=0<\/p>\n<p>Matilde Cossa<\/p>\n<p id=\"rop\"><small>Originally posted 2021-02-03 20:03:44. <\/small><\/p>","protected":false},"excerpt":{"rendered":"<p>&nbsp; A ter\u00e7a-feira (02), de fevereiro deste ano, ficou marcada negativamente \u00e0 cultura portuguesa, com a not\u00edcia inesperada do falecimento da conceituada atriz Cec\u00edlia Guimar\u00e3es. \u00c0 atriz perdeu a vida aos 93 anos, vitima da Covid-19, deixando a dramatologia portuguesa em luto. Vale salientar que a interprete do filme &#8220;Primo Bas\u00edlio&#8221; estava internada h\u00e1 dias, [&hellip;]<\/p>\n","protected":false},"author":3,"featured_media":699,"comment_status":"open","ping_status":"open","sticky":false,"template":"","format":"standard","meta":{"footnotes":""},"categories":[9],"tags":[60,61,62,46],"class_list":["post-698","post","type-post","status-publish","format-standard","has-post-thumbnail","hentry","category-artigos","tag-actriz","tag-autor","tag-emeride","tag-portugal"],"_links":{"self":[{"href":"https:\/\/radioiep.com\/site\/wp-json\/wp\/v2\/posts\/698","targetHints":{"allow":["GET"]}}],"collection":[{"href":"https:\/\/radioiep.com\/site\/wp-json\/wp\/v2\/posts"}],"about":[{"href":"https:\/\/radioiep.com\/site\/wp-json\/wp\/v2\/types\/post"}],"author":[{"embeddable":true,"href":"https:\/\/radioiep.com\/site\/wp-json\/wp\/v2\/users\/3"}],"replies":[{"embeddable":true,"href":"https:\/\/radioiep.com\/site\/wp-json\/wp\/v2\/comments?post=698"}],"version-history":[{"count":0,"href":"https:\/\/radioiep.com\/site\/wp-json\/wp\/v2\/posts\/698\/revisions"}],"wp:featuredmedia":[{"embeddable":true,"href":"https:\/\/radioiep.com\/site\/wp-json\/wp\/v2\/media\/699"}],"wp:attachment":[{"href":"https:\/\/radioiep.com\/site\/wp-json\/wp\/v2\/media?parent=698"}],"wp:term":[{"taxonomy":"category","embeddable":true,"href":"https:\/\/radioiep.com\/site\/wp-json\/wp\/v2\/categories?post=698"},{"taxonomy":"post_tag","embeddable":true,"href":"https:\/\/radioiep.com\/site\/wp-json\/wp\/v2\/tags?post=698"}],"curies":[{"name":"wp","href":"https:\/\/api.w.org\/{rel}","templated":true}]}}