{"id":686,"date":"2025-09-08T01:26:49","date_gmt":"2025-09-08T01:26:49","guid":{"rendered":"http:\/\/radioiep.com\/?p=686"},"modified":"2025-09-08T01:26:49","modified_gmt":"2025-09-08T01:26:49","slug":"o-menino-que-se-escondia-embaixo-das-cobertas-vem-ser-tornando-referencia-no-mundo-da-musica-marcio-leal-amor-gratidao-e-empatia","status":"publish","type":"post","link":"https:\/\/radioiep.com\/site\/o-menino-que-se-escondia-embaixo-das-cobertas-vem-ser-tornando-referencia-no-mundo-da-musica-marcio-leal-amor-gratidao-e-empatia\/","title":{"rendered":"O MENINO QUE SE ESCONDIA EMBAIXO DAS COBERTAS VEM SE TORNANDO REFER\u00caNCIA NO MUNDO DA M\u00daSICA M\u00c1RCIO LEAL AMOR GRATID\u00c3O E EMPATIA."},"content":{"rendered":"<p>Me chamo M\u00e1rcio Valdeir Leal Filho, tenho 23 anos e sou filho de M\u00e1rcio Valdeir Leal e Alinete Alves da Silva Leal. Nascido na cidade de Montes Claros e criado at\u00e9 os 16 anos em S\u00e3o Francisco MG. Sempre fui apaixonado por m\u00fasica desde crian\u00e7a, mas devido a minha timidez cantava em casa embrulhado nas cobertas ao ver que algu\u00e9m estava me escutando. Aos 12 anos aprendi a tocar viol\u00e3o atrav\u00e9s de uma amiga e tomei gosto para entrar em uma aula de viol\u00e3o e come\u00e7ar os primeiros acordes, assim logo me apaixonei por tudo que havia aprendido. Inicialmente me apresentava em festivais escolares e algumas participa\u00e7\u00f5es em shows do professor de viol\u00e3o Umbelino. Tentei v\u00e1rias vezes formar duplas porque me inspirava na dupla Vitor e L\u00e9o, mas Deus me mostrava que eu deveria trilhar meus pr\u00f3prios caminhos s\u00f3. Aos quinze anos mudei para Montes Claros onde estudava e fazia conservat\u00f3rio, fazia pequenos shows pela cidade, mas foi em 2016 que me mudei para Paul\u00ednia onde iniciei a minha \u00faltima dupla com o nome \u201cMarcos Paulo e Raphael\u201d. Passamos por muitas dificuldades e assim comecei trilhar minha carreira solo. Finalmente em 2018 iniciei a carreira solo ao voltar para S\u00e3o Francisco com o nome \u201cM\u00e1rcio Leal\u201d, e gra\u00e7as a Deus atrav\u00e9s dos shows feitos n\u00e3o s\u00f3 em S\u00e3o Francisco, mas em diversas cidades da regi\u00e3o, pude construir materiais para que pudesse me ajudar a alavancar a carreira. Atrav\u00e9s de v\u00eddeos na internet conheci um empres\u00e1rio e me prop\u00f4s a cantar o g\u00eanero do pagode onde me encontro atualmente, gerando conte\u00fados e novos materiais para 2021 na volta dos shows. Contudo eu descobri que a vida me preparou muito bem pro momento que estamos vivendo, nos mostrou a verdadeira ess\u00eancia da vida, nos mostrou que o melhor sorriso \u00e9 sempre o pr\u00f3ximo, que Deus \u00e9 nosso porto seguro e que sempre temos que acreditar nos planos DELE.<\/p>\n<p>Em uma conversa descontra\u00edda <strong>M\u00e1rcio Leal<\/strong>, nos revelou um pouco de sua intimidade, sonhos, metas e ambi\u00e7\u00f5es, nos encantando ainda mais e nos mostrando que por tr\u00e1s desse jovem super talentoso, existe um grande homem com um cora\u00e7\u00e3o lindo e cheio de amor e respeito.<\/p>\n<p><strong>RWIP- Durante nossa conversa, percebi que voc\u00ea \u00e9 muito religioso e est\u00e1 sempre muito grato pelas batalhas ganhas, e acredito que essa mesma f\u00e9 te sustentou nos momentos mais delicados quando parecia que n\u00e3o daria certo, de onde vem tanta garra?<\/strong><\/p>\n<p><strong>R-<\/strong> \u00c9 exatamente isso, a minha f\u00e9 me sustentou e me conduziu pra que eu trilhasse meu caminho da forma correta, sem pisar em ningu\u00e9m, sem tentar passar ningu\u00e9m pra tr\u00e1s e sem mostrar ao mundo algo que eu n\u00e3o sou. Hoje eu consigo deitar e dormir tranquilo e a consci\u00eancia limpa \u00e9 o melhor de todos os travesseiros, acredito muito em DEUS, mais acredito no amor e nas pessoas, esse amor pela vida eu herdei da minha m\u00e3e, ela sempre esteve ao meu lado e sempre deu o seu melhor em tudo que faz, eu n\u00e3o poderia ser diferente, quanto a garra, \u00e9 o reflexo do meu super-her\u00f3i, o homem que sempre acompanhou meu trabalho de perto e nunca me deixou duvidar, meu pai \u00e9 \u00fanico, ele \u00e9 a nota mais doce de minhas melodias, \u00e9 o oxig\u00eanio dos meus pulm\u00f5es, \u00e9 meu porto, meu lugar de paz. Meu pai \u00e9 t\u00e3o incr\u00edvel que eu me perco ao falar dele, ent\u00e3o mais que tudo nesse mundo quero que eles saibam &#8220;pai, m\u00e3e&#8221;, amo voc\u00eas.<\/p>\n<p><strong>RWIP- Quando conversei com voc\u00ea, vi muita maturidade, muita entrega e amor no que voc\u00ea entrega pro seu p\u00fablico, de onde vem essa inspira\u00e7\u00e3o e qual sua maior motiva\u00e7\u00e3o?<\/strong><\/p>\n<p><strong>R- <\/strong>Eu sempre me preocupei com o meu material, por enumeras quest\u00f5es e a maior de todas \u00e9 o respeito \u00e0s pessoas que admiram e acompanham o meu trabalho, e principalmente respeito a meus pais que sempre me apoiaram e nunca duvidaram de meus sonhos, minha inspira\u00e7\u00e3o e maior motiva\u00e7\u00e3o, \u00e9 o sorriso de minha m\u00e3e, ela fala com os olhos e me abra\u00e7a sem me tocar, o amor de minha m\u00e3e \u00e9 t\u00e3o intenso que dentro de mim eu sou todo amor e consigo transmitir isso pro mundo atrav\u00e9s de minhas m\u00fasicas.<\/p>\n<p><strong>RWIP- Falando de futuro, quais suas metas, sonhos e ambi\u00e7\u00f5es?<\/strong><\/p>\n<p><strong>R-<\/strong> Est\u00e3o interligados metas, sonhos e ambi\u00e7\u00f5es, o primeiro \u00e9 ter meu trabalho cada vez mais reconhecido, \u00e9 me tornar referencia na m\u00fasica e mais que isso, eu quero ser inspira\u00e7\u00e3o na vida das pessoas, quero tocar a alma delas atrav\u00e9s da minha m\u00fasica ser aconchego pros cora\u00e7\u00f5es cansados e levar o desejo de sorrir e acreditar que podemos conquistar tudo que queremos, e nunca desistir dos nossos sonhos. Diante de todos o meu desejo mais ambicioso \u00e9 ter um trabalho voltado pras crian\u00e7as em situa\u00e7\u00e3o vulner\u00e1vel, um espa\u00e7o onde possam aprender a tocar e cantar, e principalmente ser acolhidas e alimentadas de maneira digna, eu cresci vendo minha m\u00e3e fazer isso, e ainda hoje ela trabalha com a casa da crian\u00e7a, ent\u00e3o sei que esse sonho tamb\u00e9m \u00e9 dela, acredito que esse seja o nosso legado.<\/p>\n<p><strong>RWIP- Nos dias atuais, quando voc\u00ea olha pra tr\u00e1s e v\u00ea o seu trajeto at\u00e9 aqui e percebe que aos 23 anos, voc\u00ea consegue olhar pro outro antes de enxergar a si pr\u00f3prio qual sentimento predomina?<\/strong><\/p>\n<p><strong>R-<\/strong>Gratid\u00e3o! Eu n\u00e3o consigo pensar de outra forma, e isso me engrandece todos os dias, esse crescimento e evolu\u00e7\u00e3o pessoal \u00e9 indispens\u00e1vel, pra voc\u00ea ser um bom profissional, antes precisa ser um bom ser humano, caso contr\u00e1rio as coisas n\u00e3o d\u00e3o certo, voc\u00ea passa a viver a corrida dos ratos, ent\u00e3o pra voc\u00ea amar outra pessoa, precisa se amar primeiro, pra ajudar algu\u00e9m precisa estar de bem consigo mesmo e isso \u00e9 crescimento pessoal coisa que dinheiro n\u00e3o \u00e9 capaz de comprar. Ent\u00e3o eu acredito que o mundo ainda tem jeito, s\u00f3 precisa ser gerido pelas pessoas certas da forma certa, precisa-se de pessoas que consigam ser o que dizem ser, porque a grande maioria das vezes, somos surpreendidos e quando somos capazes de nos doar ao pr\u00f3ximo contagiamos todos a nossa volta, isso tamb\u00e9m \u00e9 conhecido como lei do retorno, somos a m\u00e9dia das 5 pessoas a nossa volta.<\/p>\n<p><strong>RWIP- M\u00e1rcio Leal, eu amei conversar com voc\u00ea e em nome da nossa equipe te agrade\u00e7o pelo trabalho lindo que vem fazendo, e agrade\u00e7o a DEUS por sua vida, por ser esse menino lindo e cheio de amor ao pr\u00f3ximo e conseguir nos ensinar a ter mais empatia e que mais importante que ver \u00e9 enxergar.<\/strong><\/p>\n<p><strong>R-<\/strong>Quero parabenizar a equipe da r\u00e1dio internacional em portugu\u00eas, por esse trabalho incr\u00edvel quem voc\u00eas vem fazendo, construindo aqui o legado de voc\u00eas, e agradecer em nome de todos os jovens artistas e sonhadores assim como eu, esse trabalho de valorizar nosso trabalho e nos ajudar na divulga\u00e7\u00e3o \u00e9 um g\u00e1s a mais pra gente seguir em frente e acreditar que o mundo ainda tem jeito, acreditar que ainda existem pessoas boas e que quando fazemos o bem, o bem se encarrega de nos encontrar.<\/p>\n<p><img fetchpriority=\"high\" decoding=\"async\" class=\"alignnone size-large wp-image-689\" src=\"http:\/\/radioiep.com\/wp-content\/uploads\/2021\/02\/WhatsApp-Image-2021-01-31-at-02.51.49.jpeg\" alt=\"\" width=\"696\" height=\"869\" srcset=\"https:\/\/radioiep.com\/site\/wp-content\/uploads\/2021\/02\/WhatsApp-Image-2021-01-31-at-02.51.49.jpeg 720w, https:\/\/radioiep.com\/site\/wp-content\/uploads\/2021\/02\/WhatsApp-Image-2021-01-31-at-02.51.49-240x300.jpeg 240w\" sizes=\"(max-width: 696px) 100vw, 696px\" \/> <img decoding=\"async\" class=\"alignnone size-large wp-image-690\" src=\"http:\/\/radioiep.com\/wp-content\/uploads\/2021\/02\/WhatsApp-Image-2021-01-31-at-02.48.38.jpeg\" alt=\"\" width=\"696\" height=\"682\" srcset=\"https:\/\/radioiep.com\/site\/wp-content\/uploads\/2021\/02\/WhatsApp-Image-2021-01-31-at-02.48.38.jpeg 720w, https:\/\/radioiep.com\/site\/wp-content\/uploads\/2021\/02\/WhatsApp-Image-2021-01-31-at-02.48.38-300x294.jpeg 300w\" sizes=\"(max-width: 696px) 100vw, 696px\" \/> <img decoding=\"async\" class=\"alignnone size-large wp-image-687\" src=\"http:\/\/radioiep.com\/wp-content\/uploads\/2021\/02\/WhatsApp-Image-2021-01-31-at-02.47.51-768x1024.jpeg\" alt=\"\" width=\"696\" height=\"928\" srcset=\"https:\/\/radioiep.com\/site\/wp-content\/uploads\/2021\/02\/WhatsApp-Image-2021-01-31-at-02.47.51-768x1024.jpeg 768w, https:\/\/radioiep.com\/site\/wp-content\/uploads\/2021\/02\/WhatsApp-Image-2021-01-31-at-02.47.51-225x300.jpeg 225w, https:\/\/radioiep.com\/site\/wp-content\/uploads\/2021\/02\/WhatsApp-Image-2021-01-31-at-02.47.51.jpeg 960w\" sizes=\"(max-width: 696px) 100vw, 696px\" \/><\/p>\n<p><strong>Por: Mah Silva<\/strong><\/p>\n<p><strong>Vice-presidente da r\u00e1dio internacional em portugu\u00eas.<\/strong><\/p>\n<p><strong>A r\u00e1dio que fala a l\u00edngua dos povos.<\/strong><\/p>\n<p><strong>\u00a0<\/strong><\/p>\n<p>&nbsp;<\/p>\n<p>&nbsp;<\/p>\n<p id=\"rop\"><small>Originally posted 2021-02-01 01:09:58. <\/small><\/p>","protected":false},"excerpt":{"rendered":"<p>Me chamo M\u00e1rcio Valdeir Leal Filho, tenho 23 anos e sou filho de M\u00e1rcio Valdeir Leal e Alinete Alves da Silva Leal. Nascido na cidade de Montes Claros e criado at\u00e9 os 16 anos em S\u00e3o Francisco MG. Sempre fui apaixonado por m\u00fasica desde crian\u00e7a, mas devido a minha timidez cantava em casa embrulhado nas [&hellip;]<\/p>\n","protected":false},"author":4,"featured_media":687,"comment_status":"open","ping_status":"open","sticky":false,"template":"","format":"standard","meta":{"footnotes":""},"categories":[9],"tags":[],"class_list":["post-686","post","type-post","status-publish","format-standard","has-post-thumbnail","hentry","category-artigos"],"_links":{"self":[{"href":"https:\/\/radioiep.com\/site\/wp-json\/wp\/v2\/posts\/686","targetHints":{"allow":["GET"]}}],"collection":[{"href":"https:\/\/radioiep.com\/site\/wp-json\/wp\/v2\/posts"}],"about":[{"href":"https:\/\/radioiep.com\/site\/wp-json\/wp\/v2\/types\/post"}],"author":[{"embeddable":true,"href":"https:\/\/radioiep.com\/site\/wp-json\/wp\/v2\/users\/4"}],"replies":[{"embeddable":true,"href":"https:\/\/radioiep.com\/site\/wp-json\/wp\/v2\/comments?post=686"}],"version-history":[{"count":0,"href":"https:\/\/radioiep.com\/site\/wp-json\/wp\/v2\/posts\/686\/revisions"}],"wp:featuredmedia":[{"embeddable":true,"href":"https:\/\/radioiep.com\/site\/wp-json\/wp\/v2\/media\/687"}],"wp:attachment":[{"href":"https:\/\/radioiep.com\/site\/wp-json\/wp\/v2\/media?parent=686"}],"wp:term":[{"taxonomy":"category","embeddable":true,"href":"https:\/\/radioiep.com\/site\/wp-json\/wp\/v2\/categories?post=686"},{"taxonomy":"post_tag","embeddable":true,"href":"https:\/\/radioiep.com\/site\/wp-json\/wp\/v2\/tags?post=686"}],"curies":[{"name":"wp","href":"https:\/\/api.w.org\/{rel}","templated":true}]}}