{"id":679,"date":"2025-09-08T01:26:48","date_gmt":"2025-09-08T01:26:48","guid":{"rendered":"http:\/\/radioiep.com\/?p=679"},"modified":"2025-09-08T01:26:48","modified_gmt":"2025-09-08T01:26:48","slug":"a-musica-e-a-arte-fluindo-naturalmente-em-minha-vida-angelo-di-paiva","status":"publish","type":"post","link":"https:\/\/radioiep.com\/site\/a-musica-e-a-arte-fluindo-naturalmente-em-minha-vida-angelo-di-paiva\/","title":{"rendered":"&#8220;A M\u00daSICA \u00c9 A ARTE FLUINDO NATURALMENTE EM MINHA VIDA&#8221; \u00c2NGELO DI PAIVA."},"content":{"rendered":"<p>&nbsp;<\/p>\n<p>Um jovem artista da m\u00fasica pop contempor\u00e2nea, com mesclagens de outros g\u00eaneros musicais em seus sons, tr\u00e1s para n\u00f3s uma percep\u00e7\u00e3o rom\u00e2ntica, apaixonante, de um jeito gostoso, Feito Brigadeiro. \u00c2ngelo di Paiva, 22 anos, criado no Bairro, Jardim Teres\u00f3polis, na Cidade, Betim, estado de Minas Gerais, at\u00e9 seus 9 anos de idade, itinerante por algumas cidade mineiras, \u00e9 um artista interessado em hist\u00f3rias de amor.<\/p>\n<p><img fetchpriority=\"high\" decoding=\"async\" class=\"alignnone size-full wp-image-683\" src=\"http:\/\/radioiep.com\/wp-content\/uploads\/2021\/01\/Nova04.jpg\" alt=\"\" width=\"717\" height=\"702\" srcset=\"https:\/\/radioiep.com\/site\/wp-content\/uploads\/2021\/01\/Nova04.jpg 717w, https:\/\/radioiep.com\/site\/wp-content\/uploads\/2021\/01\/Nova04-300x294.jpg 300w\" sizes=\"(max-width: 717px) 100vw, 717px\" \/><\/p>\n<p>Ele teve sua estreia oficial em novembros de 2020, com seu EP, #BoraFechar?, contendo 6 m\u00fasicas sentimentais e divertidas, est\u00e1 dispon\u00edvel nas plataformas digitais e na play list da R\u00e1dio Internacional em Portugu\u00eas, embora ter lan\u00e7ado seu trabalho s\u00f3 no \u00faltimo ano, ele comp\u00f5e desde os 16 anos de idade. Cantor e tamb\u00e9m ator, em sua pluralidade art\u00edstica, ama se entregar ao desenvolver seus trabalhos. Em 2019, ele teve um projeto no YouTube de \u201cmusicalizar hist\u00f3rias de amor dos outros e da\u00ed veio a vontade de trabalhar com algo autoral\u201d, compor para um projeto e revirar suas composi\u00e7\u00f5es, escolhendo 5 m\u00fasicas e sua m\u00e3e escolheu a 6\u00aa, pois queria a opini\u00e3o dela.<\/p>\n<p>Seu EP tem influ\u00eancias de diversos g\u00eaneros, Pop-Rock, que \u00e9 bastante mineiro, nas can\u00e7\u00f5es arroba e Feito Brigadeiro, tem o estilo MPB na m\u00fasica, Voc\u00ea \u00e9 o amor da minha vida e Fico pra Vida, tamb\u00e9m tem uma m\u00fasica urbana, somada ao clima do Hava\u00ed, e um Funk com uma levada de 150 Batidas por Minutos \u2013 BPM, \u201cum dos estilos de funk que mais gosto \u00e9 originalmente fluminense\u201d ponderou \u00c2ngelo.<\/p>\n<p><img decoding=\"async\" class=\"alignnone size-full wp-image-682\" src=\"http:\/\/radioiep.com\/wp-content\/uploads\/2021\/01\/Nova03.jpg\" alt=\"\" width=\"720\" height=\"406\" srcset=\"https:\/\/radioiep.com\/site\/wp-content\/uploads\/2021\/01\/Nova03.jpg 720w, https:\/\/radioiep.com\/site\/wp-content\/uploads\/2021\/01\/Nova03-300x169.jpg 300w\" sizes=\"(max-width: 720px) 100vw, 720px\" \/><\/p>\n<p>O lan\u00e7amento mais recente do artista, 12 de janeiro de 2021, \u00e9 a m\u00fasica Faz Gostoso Comigo, que, na letra, ele fala de uma conversa de despedida, o fim de uma rela\u00e7\u00e3o, o \u00faltimo momento de um casal. De acordo com ele, agora, ir\u00e1 focar mais no Pop-Brasil, com m\u00fasicas mais dan\u00e7antes e animadas, como \u201cTudo Que Eu Quero\u201d, uma de suas m\u00fasicas de trabalho. Ainda de acordo com ele, seu trabalho, at\u00e9 aqui, \u00e9 realizado 100% independente e que trabalha propriamente para financi\u00e1-lo, investindo em si, somando a m\u00fasica \u00e0s suas viv\u00eancias como ator, no que diz que j\u00e1 s\u00e3o 8 anos nesta arte.<\/p>\n<p>Conversamos um pouco mais com \u00c2ngelo di Paiva sobre sua trajet\u00f3ria art\u00edstica como ator e cantor;<\/p>\n<p><strong>RWIP &#8211; Voc\u00ea um artista itinerante ou reside e seu trabalho concentra em Betim?<\/strong><\/p>\n<p>\u00c2ngelo &#8211; Na verdade eu s\u00f3 me mudo muito, mas, n\u00e3o s\u00f3 em fun\u00e7\u00e3o da arte. Eu j\u00e1 morei em S\u00e3o Joaquim de Bicas, em alguns bairros de Betim, e em S\u00e3o Jo\u00e3o Del-rei, fui pra l\u00e1 pra fazer faculdade de teatro mesmo, mas acabei me formando como ator em Belo Horizonte, Capital Mineira, em 2018.<\/p>\n<p><strong>RWIP &#8211; O que te leva a inspira\u00e7\u00e3o e o que conduz voc\u00ea a compor?<\/strong><\/p>\n<p>\u00c2ngelo &#8211; Eu nunca soube de fato. Mas eu acho que, igualmente tem gente que escreve, eu fa\u00e7o m\u00fasica. \u00c9 muito intuitivo. Mas, todas as composi\u00e7\u00f5es partem de situa\u00e7\u00f5es da vida, que eu vivo, observo e que me contam&#8230; \u00c0s vezes somo hist\u00f3rias pra dar uma m\u00fasica. Sei dizer que \u00e9 intuitivo. Flui muito natural. Meu pai compunha pra mim quando eu era crian\u00e7a, e acho que vem da\u00ed, de ouvir, &#8220;eu fiz uma m\u00fasica&#8221; sabe? Acabei querendo fazer tamb\u00e9m. \u00c9 uma possibilidade, n\u00e9?<\/p>\n<p>&nbsp;<\/p>\n<p><strong>RWIP &#8211; O que voc\u00ea preza mais ao compor e o que voc\u00ea evita deixar influenciar suas letras nos momentos de inspira\u00e7\u00f5es?<\/strong><\/p>\n<p>\u00c2ngelo &#8211; N\u00e3o tem algo que eu preze, mas depois de compor eu tento decidir se \u00e9 uma boa m\u00fasica ou n\u00e3o, eu cr\u00edtico o trabalho e vejo se realmente gosto ou n\u00e3o. Algo que eu evito no sentido influ\u00eancia \u00e9 a emo\u00e7\u00e3o, eu n\u00e3o gosto de compor quando t\u00f4 muito triste ou muito feliz, por que geralmente isso faz eu perder a m\u00e3o, por isso eu componho em momentos aleat\u00f3rios, que eu t\u00f4 est\u00e1vel, distra\u00eddo, as vezes componho na rua, andando, e chego em casa e passo pro viol\u00e3o&#8230; Mas se eu ficar triste eu tenho uma tend\u00eancia a pegar o viol\u00e3o e a\u00ed me controlo pra n come\u00e7ar a escrever por que sei q m vou gostar do que vir\u00e1 no final<\/p>\n<p><strong>RWIP &#8211; Quais suas influ\u00eancias musicais, e em quem voc\u00ea se inspira?<\/strong><\/p>\n<p>\u00c2ngelo &#8211; Eu gosto muito de m\u00fasica de massa, e gosto de m\u00fasica que fala de amor. Embora eu n\u00e3o cante sertanejo, a minha letra sofre muita influ\u00eancia do jeito mais &#8220;rasgado&#8221; de falar, \u00e9 menor po\u00e9tica, sabe? Pra mim, o maior letrista do Brasil \u00e9 o Caetano Veloso&#8230; Ent\u00e3o eu vejo que o Sertanejo, MPB, influenciam muito como escrevo, mas, tamb\u00e9m acho que o Ax\u00e9 o Funk; s\u00e3o os g\u00eaneros que mais escuto. No geral, esses 4. Funk mesmo eu nunca pensei em compor, mas, de tanto ouvir, surgiu \u00e0 necessidade de reproduzir, e tenho gostado dos que tenho feito, j\u00e1 tenho um, e t\u00f4 produzindo um pr\u00f3ximo.<\/p>\n<p>RWIP &#8211; Sobre o que toca atualmente, qual o seu ponto de vista, inclusive nas letras?<br \/>\nEu acho que geral t\u00e1 sofrendo demais, mas ao mesmo tempo, tem uma coisa legal em g\u00eaneros fortes tipo o Sertanejo, Pisadinha, Brega, que \u00e9 uma letra triste e uma melodia animada, a\u00ed eu acho legal porque o ouvinte sofre, mas tamb\u00e9m se diverte, sabe? Por outro lado, fora da m\u00fasica de massa, tem uma onda de composi\u00e7\u00f5es bem po\u00e9ticas e a\u00ed eu gosto, mas n\u00e3o consumo tanto.<\/p>\n<p>J\u00e1 o funk, eu acho que t\u00e1 no melhor momento, porque ele conseguiu espa\u00e7os \u00f3timos ao longo desses anos, e chegou a grandes festivais, o Funk Mineiro tem espa\u00e7o na cena nacional, coisa que antes era Rio de Janeiro e S\u00e3o Paulo, somente, ele tem se agregado a outros g\u00eaneros. Eu vejo assim, um cen\u00e1rio muito plural, mas com uma certeza: a m\u00fasica est\u00e1 divertida, nos chats por a\u00ed, a predomin\u00e2ncia \u00e9 das &#8220;farofas&#8221;, de m\u00fasicas dan\u00e7antes e animadas.<\/p>\n<p><strong>RWIP &#8211; Como ator, quais trabalhos voc\u00ea tem realizado?<\/strong><\/p>\n<p>\u00c2ngelo &#8211; T\u00f4 parado, por conta da pandemia tamb\u00e9m. Ano passado gravei o piloto de uma s\u00e9rie chamada &#8220;Bola na Rede&#8221;\/&#8221;As Boleiras&#8221;, que \u00e9 sobre futebol feminino, mas, o trabalho t\u00e1 em p\u00f3s produ\u00e7\u00e3o desse epis\u00f3dio, espero que volte a ser gravado daqui algum tempo, com seguran\u00e7a.<\/p>\n<p>Comecei na Trupe Alma Dell&#8217;Art, em Betim, aos 15 anos de idade. Participei de 2 festivais de arte na cidade, I Vira Cultura e Festival de Arte Esp\u00edrita. Depois fui me formar e atuar em Belo Horizonte, onde fiz pe\u00e7as de Nelson Rodrigues e tamb\u00e9m fiz a s\u00e9rie, Sou Amor, exibida na Rede Minas em 2018.<\/p>\n<p><strong>RWIP &#8211; Como voc\u00ea ficou conhecendo o projeto da R\u00e1dio Internacional em Portugu\u00eas, e qual mensagem voc\u00ea, com seu trabalho tem a deixar para nossos ouvinte e seguidores?<\/strong><\/p>\n<p>\u00c2ngelo &#8211; Eu estava buscando sobre m\u00fasica em l\u00edngua portuguesa, pra saber o que tem rolado fora da bolha comercial. A\u00ed esbarrei na r\u00e1dio, uma primeira vez, e vi que a Val Alves participava, a gente se conhece desde 2014 quando participamos juntos de um coletivo cultural, pro I Vira Cultura acontecer.<\/p>\n<p>Nessas primeiras can\u00e7\u00f5es, do EP &#8220;#BoraFechar?&#8221; A mensagem \u00e9 que, amar n\u00e3o \u00e9 t\u00e3o dif\u00edcil quanto dizem, n\u00e3o tem que ser sofrido, tem que ser algo leve, divertido e a\u00ed, como qualquer situa\u00e7\u00e3o na vida, pode ser eventualmente melanc\u00f3lico.<\/p>\n<p>Pessoalmente, eu quero dizer pras pessoas, seguidoras e ouvintes da R\u00e1dio, que, mesmo com muitos &#8220;por\u00e9ns&#8221;, d\u00e1 pra tentar realizar suas vontades mesmo que elas pare\u00e7am distantes; Quando eu comecei a pensar em gravar meu primeiro projeto, eu tinha 10 reais na conta, e a\u00ed coube esfor\u00e7o, apoio familiar e dedica\u00e7\u00e3o em aprender n\u00e9? Fui trabalhar como animador de festa, como professor de teatro e juntei a maior parte dos sal\u00e1rios pra conseguir gravar, e a\u00ed acaba sendo muito satisfat\u00f3rio, ent\u00e3o assim, se voc\u00ea quer fazer: d\u00e1 pra fazer; pode demorar mais tempo, pode ser complicado, mas em algum momento rola.<\/p>\n<p><img decoding=\"async\" class=\"alignnone size-full wp-image-680\" src=\"http:\/\/radioiep.com\/wp-content\/uploads\/2021\/01\/Nova01.jpg\" alt=\"\" width=\"720\" height=\"403\" srcset=\"https:\/\/radioiep.com\/site\/wp-content\/uploads\/2021\/01\/Nova01.jpg 720w, https:\/\/radioiep.com\/site\/wp-content\/uploads\/2021\/01\/Nova01-300x168.jpg 300w\" sizes=\"(max-width: 720px) 100vw, 720px\" \/> <img loading=\"lazy\" decoding=\"async\" class=\"alignnone size-full wp-image-681\" src=\"http:\/\/radioiep.com\/wp-content\/uploads\/2021\/01\/Nova02.jpg\" alt=\"\" width=\"720\" height=\"478\" srcset=\"https:\/\/radioiep.com\/site\/wp-content\/uploads\/2021\/01\/Nova02.jpg 720w, https:\/\/radioiep.com\/site\/wp-content\/uploads\/2021\/01\/Nova02-300x199.jpg 300w\" sizes=\"(max-width: 720px) 100vw, 720px\" \/><\/p>\n<p>\u00d3timo esse momento com \u00c2ngelo di Paiva, conhecer um pouco do seu trabalho e sua trajet\u00f3ria art\u00edstica, uma linda hist\u00f3ria. Toda equipe da R\u00e1dio Internacional em Portugu\u00eas, lhe deseja sucesso em sua carreira, e agradece por voc\u00ea compartilhar um pouco de sua experi\u00eancia, com a R\u00e1dio que Fala a L\u00edngua dos Povos. Conhe\u00e7am o trabalho do artista aqui na R\u00e1dio ou no link em uma das plataformas digitais, https:\/\/1som.co\/TacaStreamAngeloDiPaiva<\/p>\n<p>Por Luiz Nascimento<\/p>\n<p id=\"rop\"><small>Originally posted 2021-01-28 16:31:45. <\/small><\/p>","protected":false},"excerpt":{"rendered":"<p>&nbsp; Um jovem artista da m\u00fasica pop contempor\u00e2nea, com mesclagens de outros g\u00eaneros musicais em seus sons, tr\u00e1s para n\u00f3s uma percep\u00e7\u00e3o rom\u00e2ntica, apaixonante, de um jeito gostoso, Feito Brigadeiro. \u00c2ngelo di Paiva, 22 anos, criado no Bairro, Jardim Teres\u00f3polis, na Cidade, Betim, estado de Minas Gerais, at\u00e9 seus 9 anos de idade, itinerante por [&hellip;]<\/p>\n","protected":false},"author":4,"featured_media":683,"comment_status":"open","ping_status":"open","sticky":false,"template":"","format":"standard","meta":{"footnotes":""},"categories":[9,13],"tags":[29,19,59,23],"class_list":["post-679","post","type-post","status-publish","format-standard","has-post-thumbnail","hentry","category-artigos","category-cultura","tag-brasil","tag-cultura","tag-lusofonia","tag-musica"],"_links":{"self":[{"href":"https:\/\/radioiep.com\/site\/wp-json\/wp\/v2\/posts\/679","targetHints":{"allow":["GET"]}}],"collection":[{"href":"https:\/\/radioiep.com\/site\/wp-json\/wp\/v2\/posts"}],"about":[{"href":"https:\/\/radioiep.com\/site\/wp-json\/wp\/v2\/types\/post"}],"author":[{"embeddable":true,"href":"https:\/\/radioiep.com\/site\/wp-json\/wp\/v2\/users\/4"}],"replies":[{"embeddable":true,"href":"https:\/\/radioiep.com\/site\/wp-json\/wp\/v2\/comments?post=679"}],"version-history":[{"count":0,"href":"https:\/\/radioiep.com\/site\/wp-json\/wp\/v2\/posts\/679\/revisions"}],"wp:featuredmedia":[{"embeddable":true,"href":"https:\/\/radioiep.com\/site\/wp-json\/wp\/v2\/media\/683"}],"wp:attachment":[{"href":"https:\/\/radioiep.com\/site\/wp-json\/wp\/v2\/media?parent=679"}],"wp:term":[{"taxonomy":"category","embeddable":true,"href":"https:\/\/radioiep.com\/site\/wp-json\/wp\/v2\/categories?post=679"},{"taxonomy":"post_tag","embeddable":true,"href":"https:\/\/radioiep.com\/site\/wp-json\/wp\/v2\/tags?post=679"}],"curies":[{"name":"wp","href":"https:\/\/api.w.org\/{rel}","templated":true}]}}