{"id":645,"date":"2025-09-08T01:26:44","date_gmt":"2025-09-08T01:26:44","guid":{"rendered":"http:\/\/radioiep.com\/?p=645"},"modified":"2025-09-08T01:26:44","modified_gmt":"2025-09-08T01:26:44","slug":"explosao-de-poesia-musica","status":"publish","type":"post","link":"https:\/\/radioiep.com\/site\/explosao-de-poesia-musica\/","title":{"rendered":"EXPLOS\u00c3O DE POESIA &#038; M\u00daSICA"},"content":{"rendered":"<p>Poesia e musica no Janeiro Ac\u00fastico<br \/>\nA organiza\u00e7\u00e3o cultural Arte em Voz vai realizar o &#8220;JANEIRO-AC\u00daSTICO\u201d, no dia 23 de Janeiro de 2021, no audit\u00f3rio do horizonte Njinga Mbande, sendo que o Janeiro Ac\u00fastico \u00e9 uma actividade cultural que tem como pontos de artes (A poesia e a M\u00fasica).<br \/>\n&#8220;ARTE EM VOZ&#8221; \u00e9 uma organiza\u00e7\u00e3o criada a cerca de um m\u00eas, cuja finalidade \u00e9 suscitar e desenvolver o m\u00e1ximo gosto pela arte na camada juvenil e n\u00e3o s\u00f3, com a realiza\u00e7\u00e3o de diversas actividades recreativas e interativas ligadas a cultura, (filantr\u00f3picas e n\u00e3o s\u00f3). A Arte em voz tem tamb\u00e9m como prioridade conceder oportunidades para Escritores, m\u00fasicos, pintores, e todas as pessoas ligadas a arte de forma activa, onde o maior foco ser\u00e1 trazer ao p\u00fablico talentos escondidos, e ajudar as pessoas a brilharem mostrando seus talentos. Arte em Voz poder\u00e1 tamb\u00e9m contribuir na forma\u00e7\u00e3o e capacita\u00e7\u00e3o em certas \u00e1reas da vida fornecendo alguns cursos, parcerias e outras surpresas.<br \/>\nA mentora do projeto Jessira Kissama falou para o bateu bwe que \u201c o Janeiro Ac\u00fastico \u00e9 um projeto cultural que tem como objetivo principal dar mais visibilidade e ajudar no crescimento dos ritmos e da arte nacional, a fim proporcionar mais alegria aos convidados e enaltecer a arte em Angola<br \/>\nA mentora explicou ainda que o Janeiro ac\u00fastico \u00e9 um projeto cultural que n\u00e3o vai estar s\u00f3 ligado na poesia e na m\u00fasica, que a poesia e a m\u00fasica foram as \u00e1reas escolhidas para o inicio do projeto, sendo que a Arte em Voz (O grupo organizador), perspectiva adicionar outras \u00e1reas que fazem parte do mundo art\u00edsticos, como teatro, pintura etc..<br \/>\nOsmar Lisboa Sebasti\u00e3o artisticamente conhecido como o \u201cPoeta de Papel\u201d, \u00e9 um dos convidados e co-organizador do Janeiro Ac\u00fastico, falou que, o que lhe motivou a aceitar o convite e a participar na organiza\u00e7\u00e3o primeiramente foi o amor que tem pela arte, e segundo foi fazer aquilo que j\u00e1 fizeram por ele e apoiar um novo talento<br \/>\nSobre a sua maior ambi\u00e7\u00e3o acerca do projeto o Poeta de Papel falou ainda \u201cA minha maior ambi\u00e7\u00e3o em realizar o Janeiro ac\u00fastico \u00e9 mostrar que a juventude de hoje tem muito talento e que tem jovem que podem e conseguem erguer a arte nacional\u201d, o Poeta de Papel terminou dizendo ainda que a mentora do Janeiro Ac\u00fastico teve uma ideia divina e essa \u00e9 uma atividade que n\u00e3o sair\u00e1 das nossas mentes durante 1 ano<\/p>\n<p>O Janeiro Ac\u00fastico realizar-se-\u00e1 no dia 23 de Janeiro de 2021, no horizonte Njinga Mbande (1\u00aa de Maio), das 12h \u00e0s 15h, com actua\u00e7\u00f5es de 8 convidados maravilhosos e mais 7 participantes, a entrada est\u00e1 no pre\u00e7o de 1000kzs e as entradas \u00e9 limitada devido as medidas de seguran\u00e7a ao covi-19<br \/>\nAbrilhantaremos a nossa actividade com muita qualidade musical e declama\u00e7\u00e3o de poesias, jogos e outras surpresas.<br \/>\nFonte: Jessira Kissama e Poeta de Papel<\/p>\n<p>POR: JOS\u00c9 ANT\u00d4NIO<\/p>\n<p>R\u00e1dio internacional em portugu\u00eas, a r\u00e1dio que fala a l\u00edngua dos povo.<\/p>\n<p><img fetchpriority=\"high\" decoding=\"async\" class=\"alignnone size-large wp-image-647\" src=\"http:\/\/radioiep.com\/wp-content\/uploads\/2021\/01\/WhatsApp-Image-2021-01-16-at-23.02.45-682x1024.jpeg\" alt=\"\" width=\"682\" height=\"1024\" srcset=\"https:\/\/radioiep.com\/site\/wp-content\/uploads\/2021\/01\/WhatsApp-Image-2021-01-16-at-23.02.45-682x1024.jpeg 682w, https:\/\/radioiep.com\/site\/wp-content\/uploads\/2021\/01\/WhatsApp-Image-2021-01-16-at-23.02.45-200x300.jpeg 200w, https:\/\/radioiep.com\/site\/wp-content\/uploads\/2021\/01\/WhatsApp-Image-2021-01-16-at-23.02.45-768x1153.jpeg 768w, https:\/\/radioiep.com\/site\/wp-content\/uploads\/2021\/01\/WhatsApp-Image-2021-01-16-at-23.02.45.jpeg 823w\" sizes=\"(max-width: 682px) 100vw, 682px\" \/> <img decoding=\"async\" class=\"alignnone size-large wp-image-648\" src=\"http:\/\/radioiep.com\/wp-content\/uploads\/2021\/01\/WhatsApp-Image-2021-01-16-at-23.02.46-576x1024.jpeg\" alt=\"\" width=\"576\" height=\"1024\" srcset=\"https:\/\/radioiep.com\/site\/wp-content\/uploads\/2021\/01\/WhatsApp-Image-2021-01-16-at-23.02.46-576x1024.jpeg 576w, https:\/\/radioiep.com\/site\/wp-content\/uploads\/2021\/01\/WhatsApp-Image-2021-01-16-at-23.02.46-169x300.jpeg 169w, https:\/\/radioiep.com\/site\/wp-content\/uploads\/2021\/01\/WhatsApp-Image-2021-01-16-at-23.02.46.jpeg 581w\" sizes=\"(max-width: 576px) 100vw, 576px\" \/> <img decoding=\"async\" class=\"alignnone size-large wp-image-649\" src=\"http:\/\/radioiep.com\/wp-content\/uploads\/2021\/01\/WhatsApp-Image-2021-01-16-at-23.02.53-1024x1024.jpeg\" alt=\"\" width=\"696\" height=\"696\" srcset=\"https:\/\/radioiep.com\/site\/wp-content\/uploads\/2021\/01\/WhatsApp-Image-2021-01-16-at-23.02.53-1024x1024.jpeg 1024w, https:\/\/radioiep.com\/site\/wp-content\/uploads\/2021\/01\/WhatsApp-Image-2021-01-16-at-23.02.53-300x300.jpeg 300w, https:\/\/radioiep.com\/site\/wp-content\/uploads\/2021\/01\/WhatsApp-Image-2021-01-16-at-23.02.53-150x150.jpeg 150w, https:\/\/radioiep.com\/site\/wp-content\/uploads\/2021\/01\/WhatsApp-Image-2021-01-16-at-23.02.53-768x768.jpeg 768w, https:\/\/radioiep.com\/site\/wp-content\/uploads\/2021\/01\/WhatsApp-Image-2021-01-16-at-23.02.53.jpeg 1120w\" sizes=\"(max-width: 696px) 100vw, 696px\" \/><\/p>\n<p id=\"rop\"><small>Originally posted 2021-01-17 03:39:55. <\/small><\/p>","protected":false},"excerpt":{"rendered":"<p>Poesia e musica no Janeiro Ac\u00fastico A organiza\u00e7\u00e3o cultural Arte em Voz vai realizar o &#8220;JANEIRO-AC\u00daSTICO\u201d, no dia 23 de Janeiro de 2021, no audit\u00f3rio do horizonte Njinga Mbande, sendo que o Janeiro Ac\u00fastico \u00e9 uma actividade cultural que tem como pontos de artes (A poesia e a M\u00fasica). &#8220;ARTE EM VOZ&#8221; \u00e9 uma organiza\u00e7\u00e3o [&hellip;]<\/p>\n","protected":false},"author":4,"featured_media":646,"comment_status":"open","ping_status":"open","sticky":false,"template":"","format":"standard","meta":{"footnotes":""},"categories":[9],"tags":[],"class_list":["post-645","post","type-post","status-publish","format-standard","has-post-thumbnail","hentry","category-artigos"],"_links":{"self":[{"href":"https:\/\/radioiep.com\/site\/wp-json\/wp\/v2\/posts\/645","targetHints":{"allow":["GET"]}}],"collection":[{"href":"https:\/\/radioiep.com\/site\/wp-json\/wp\/v2\/posts"}],"about":[{"href":"https:\/\/radioiep.com\/site\/wp-json\/wp\/v2\/types\/post"}],"author":[{"embeddable":true,"href":"https:\/\/radioiep.com\/site\/wp-json\/wp\/v2\/users\/4"}],"replies":[{"embeddable":true,"href":"https:\/\/radioiep.com\/site\/wp-json\/wp\/v2\/comments?post=645"}],"version-history":[{"count":0,"href":"https:\/\/radioiep.com\/site\/wp-json\/wp\/v2\/posts\/645\/revisions"}],"wp:featuredmedia":[{"embeddable":true,"href":"https:\/\/radioiep.com\/site\/wp-json\/wp\/v2\/media\/646"}],"wp:attachment":[{"href":"https:\/\/radioiep.com\/site\/wp-json\/wp\/v2\/media?parent=645"}],"wp:term":[{"taxonomy":"category","embeddable":true,"href":"https:\/\/radioiep.com\/site\/wp-json\/wp\/v2\/categories?post=645"},{"taxonomy":"post_tag","embeddable":true,"href":"https:\/\/radioiep.com\/site\/wp-json\/wp\/v2\/tags?post=645"}],"curies":[{"name":"wp","href":"https:\/\/api.w.org\/{rel}","templated":true}]}}