{"id":636,"date":"2025-09-08T01:26:43","date_gmt":"2025-09-08T01:26:43","guid":{"rendered":"http:\/\/radioiep.com\/?p=636"},"modified":"2025-09-08T01:26:43","modified_gmt":"2025-09-08T01:26:43","slug":"12-de-janeiro-o-dia-que-o-mundo-parou","status":"publish","type":"post","link":"https:\/\/radioiep.com\/site\/12-de-janeiro-o-dia-que-o-mundo-parou\/","title":{"rendered":"12 DE JANEIRO O DIA QUE O MUNDO PAROU"},"content":{"rendered":"<p>Estamos no in\u00edcio de mais um ano, junto a ele o desejo de novas conquistas.<\/p>\n<p>Talvez esse ano eu consiga realizar o que n\u00e3o consegui no ano passado.<\/p>\n<p>Como qualquer outro come\u00e7o de ano, muitas expectativas e projetos.<\/p>\n<p>As esperan\u00e7as se renovam e a alegria de poder vivenciar mais um ano toma conta de todos.<\/p>\n<p>A f\u00e9 que esse ano ser\u00e1 melhor que os anteriores, que os novos 365 dias em branco seriam escritos de uma forma mais leve, trazendo luz para esse povo t\u00e3o sonhador.<\/p>\n<p>Infelizmente n\u00e3o foi dessa forma, a natureza tinha outros planos.<\/p>\n<p>O ano era 2010, o pa\u00eds Haiti. Era final de tarde, n\u00e3o existia nada de anormal, pessoas estavam nas ruas, crian\u00e7as e jovens saiam de suas escolas, comerciantes vendiam suas mercadorias, enfim.<\/p>\n<p>Um fim de tarde normal, com crian\u00e7as se divertindo nas cal\u00e7adas.<\/p>\n<p>Eram exatamente 16h:53m:10s horas, a m\u00e3e natureza nos revela seu plano pra esse in\u00edcio de ano.<\/p>\n<p>O sismo do Haiti de 2010 foi um terremoto catastr\u00f3fico que teve seu epicentro na parte oriental da pen\u00ednsula de Tiburon, a cerca de 25 km da capital haitiana, Porto Pr\u00edncipe, foi registrado \u00e0s 16h53m10s do hor\u00e1rio local, na ter\u00e7a-feira, 12 de janeiro de 2010.<\/p>\n<p>Pegando aquele povo de surpresa, sem dar nenhuma chance de defesa.<\/p>\n<p>Um povo que j\u00e1 era castigado pela explora\u00e7\u00e3o, sedentos por liberdade, padecentes pela pobreza e famintos por justi\u00e7a.<\/p>\n<p>O som de muros caindo e uma poeira branca se levanta da terra. O silencia das ruas d\u00e1 lugar a gritos de desespero e dor, s\u00e3o gritos de clamores de m\u00e3es que perderam filhos, filhos que perderam pais, pais que perderam suas esposas e esposas que perderam seus maridos. Um desespero coletivo tomava conta dos cora\u00e7\u00f5es outrora cheios de alegria, esperan\u00e7as e f\u00e9.<\/p>\n<p>Choros n\u00e3o s\u00e3o contidos, a dor \u00e9 compartilhado por todo o mundo. Os meios de comunica\u00e7\u00e3o noticiam a trag\u00e9dia. Aqueles que antes nunca ouvira falar sobre aquele pa\u00eds chamado Haiti, passa a conhec\u00ea-lo.<\/p>\n<p>O pa\u00eds mais pobre da Am\u00e9rica, at\u00e9 ent\u00e3o invisibilizado por todas as m\u00eddias, se torna a pauta principal. O mundo ent\u00e3o se comove pelas cenas que jamais sa\u00edram da mem\u00f3ria do povo caribenho.<\/p>\n<p>Hoje 12 de janeiro de 2021, onze anos se passaram, o Haiti e seu povo forte e destemido se refazem. Muitos acreditavam que jamais seria capaz de superar um massacre t\u00e3o brutal, a m\u00e3e natureza usou toda sua ira contra um povo cuja dor, a humilha\u00e7\u00e3o e o esquecimento mundial j\u00e1 havia dado senten\u00e7a de morte.<\/p>\n<p>O que o mundo n\u00e3o sabia \u00e9 que aquele povo abandonado e esquecido por todos, tem uma for\u00e7a impar\u00e1vel. Um povo resiliente, corajoso e persistente. Uma na\u00e7\u00e3o inteira se refaz das cinzas e ressurgem, ensinando ao mundo que a for\u00e7a est\u00e1 em ser, e n\u00e3o em ter.<\/p>\n<p>Haiti n\u00e3o \u00e9 apenas o pa\u00eds devastado por um terremoto, o Haiti \u00e9 o pa\u00eds de um povo guerreiro, \u00e9 o pa\u00eds que honra suas culturas, com uma na\u00e7\u00e3o rica de tudo que o dinheiro n\u00e3o pode pagar, agraciada com as belezas naturais, suas montanhas enriquecem as paisagens, cercando o pa\u00eds como muralhas naturais.<\/p>\n<p>Ent\u00e3o posso afirmar que 12 de janeiro faz parte da hist\u00f3ria do Haiti, mas n\u00e3o o define. O povo desolado pela destrui\u00e7\u00e3o, hoje vivencia a reconstru\u00e7\u00e3o. 12 de janeiro n\u00e3o foi capaz de paralisar, n\u00e3o foi capaz de terminar e muito menos de ditar o destino do Haiti. 12 de janeiro n\u00e3o foi capaz de apagar a luz daquela na\u00e7\u00e3o incr\u00edvel, que vive pra sonhar com dias melhores e que quer ser vista al\u00e9m da destrui\u00e7\u00e3o, quer ser conhecida pela sua for\u00e7a, por ser um povo lindo e acolhedor, cheio de brilho e amor que jamais deixa se abalar.<\/p>\n<p>A na\u00e7\u00e3o haitiana levanta todos os dias pra recome\u00e7ar, fazem onze anos e parece que foi ontem.<\/p>\n<p>O Haiti est\u00e1 de p\u00e9, sua na\u00e7\u00e3o luta a cada dia e \u00e9 exemplo pra todos n\u00f3s.<\/p>\n<p>Um abra\u00e7o saudoso pra todas as fam\u00edlias que perderam seus entes queridos, o mundo se orgulha da for\u00e7a desse povo e os tem como refer\u00eancia.<\/p>\n<p><img fetchpriority=\"high\" decoding=\"async\" class=\"alignnone wp-image-640\" src=\"http:\/\/radioiep.com\/wp-content\/uploads\/2021\/01\/WhatsApp-Image-2021-01-12-at-15.42.59-2.jpeg\" alt=\"\" width=\"717\" height=\"412\" \/> <img decoding=\"async\" class=\"alignnone size-large wp-image-641\" src=\"http:\/\/radioiep.com\/wp-content\/uploads\/2021\/01\/WhatsApp-Image-2021-01-12-at-15.42.59-1-1.jpeg\" alt=\"\" width=\"696\" height=\"422\" srcset=\"https:\/\/radioiep.com\/site\/wp-content\/uploads\/2021\/01\/WhatsApp-Image-2021-01-12-at-15.42.59-1-1.jpeg 711w, https:\/\/radioiep.com\/site\/wp-content\/uploads\/2021\/01\/WhatsApp-Image-2021-01-12-at-15.42.59-1-1-300x182.jpeg 300w\" sizes=\"(max-width: 696px) 100vw, 696px\" \/> <img decoding=\"async\" class=\"alignnone size-large wp-image-642\" src=\"http:\/\/radioiep.com\/wp-content\/uploads\/2021\/01\/WhatsApp-Image-2021-01-12-at-15.42.59.jpeg\" alt=\"\" width=\"696\" height=\"696\" srcset=\"https:\/\/radioiep.com\/site\/wp-content\/uploads\/2021\/01\/WhatsApp-Image-2021-01-12-at-15.42.59.jpeg 850w, https:\/\/radioiep.com\/site\/wp-content\/uploads\/2021\/01\/WhatsApp-Image-2021-01-12-at-15.42.59-300x300.jpeg 300w, https:\/\/radioiep.com\/site\/wp-content\/uploads\/2021\/01\/WhatsApp-Image-2021-01-12-at-15.42.59-150x150.jpeg 150w, https:\/\/radioiep.com\/site\/wp-content\/uploads\/2021\/01\/WhatsApp-Image-2021-01-12-at-15.42.59-768x768.jpeg 768w\" sizes=\"(max-width: 696px) 100vw, 696px\" \/><\/p>\n<p>&nbsp;<\/p>\n<p>Por: Mah Silva<\/p>\n<p>Colaboradora brasileira da r\u00e1dio internacional em portugu\u00eas.<\/p>\n<p>A r\u00e1dio que fala a l\u00edngua dos povos!<\/p>\n<p id=\"rop\"><small>Originally posted 2021-01-12 19:04:12. <\/small><\/p>","protected":false},"excerpt":{"rendered":"<p>Estamos no in\u00edcio de mais um ano, junto a ele o desejo de novas conquistas. Talvez esse ano eu consiga realizar o que n\u00e3o consegui no ano passado. Como qualquer outro come\u00e7o de ano, muitas expectativas e projetos. As esperan\u00e7as se renovam e a alegria de poder vivenciar mais um ano toma conta de todos. [&hellip;]<\/p>\n","protected":false},"author":5,"featured_media":639,"comment_status":"open","ping_status":"open","sticky":false,"template":"","format":"standard","meta":{"footnotes":""},"categories":[9],"tags":[],"class_list":["post-636","post","type-post","status-publish","format-standard","has-post-thumbnail","hentry","category-artigos"],"_links":{"self":[{"href":"https:\/\/radioiep.com\/site\/wp-json\/wp\/v2\/posts\/636","targetHints":{"allow":["GET"]}}],"collection":[{"href":"https:\/\/radioiep.com\/site\/wp-json\/wp\/v2\/posts"}],"about":[{"href":"https:\/\/radioiep.com\/site\/wp-json\/wp\/v2\/types\/post"}],"author":[{"embeddable":true,"href":"https:\/\/radioiep.com\/site\/wp-json\/wp\/v2\/users\/5"}],"replies":[{"embeddable":true,"href":"https:\/\/radioiep.com\/site\/wp-json\/wp\/v2\/comments?post=636"}],"version-history":[{"count":0,"href":"https:\/\/radioiep.com\/site\/wp-json\/wp\/v2\/posts\/636\/revisions"}],"wp:featuredmedia":[{"embeddable":true,"href":"https:\/\/radioiep.com\/site\/wp-json\/wp\/v2\/media\/639"}],"wp:attachment":[{"href":"https:\/\/radioiep.com\/site\/wp-json\/wp\/v2\/media?parent=636"}],"wp:term":[{"taxonomy":"category","embeddable":true,"href":"https:\/\/radioiep.com\/site\/wp-json\/wp\/v2\/categories?post=636"},{"taxonomy":"post_tag","embeddable":true,"href":"https:\/\/radioiep.com\/site\/wp-json\/wp\/v2\/tags?post=636"}],"curies":[{"name":"wp","href":"https:\/\/api.w.org\/{rel}","templated":true}]}}