{"id":577,"date":"2025-09-08T01:26:38","date_gmt":"2025-09-08T01:26:38","guid":{"rendered":"http:\/\/radioiep.com\/?p=577"},"modified":"2025-09-08T01:26:38","modified_gmt":"2025-09-08T01:26:38","slug":"dia-internacional-do-migrante","status":"publish","type":"post","link":"https:\/\/radioiep.com\/site\/dia-internacional-do-migrante\/","title":{"rendered":"DIA INTERNACIONAL DO MIGRANTE"},"content":{"rendered":"<p>&nbsp;<\/p>\n<p>O Dia Internacional das Migra\u00e7\u00f5es, ou Dia Internacional do Migrante, \u00e9 celebrado anualmente a 18 de dezembro. A data foi proclamada em 2000, pela Assembleia Geral das Na\u00e7\u00f5es Unidas, sendo celebrada neste dia desde ent\u00e3o.<\/p>\n<p>Quem \u00e9 migrante?<\/p>\n<p>\u00c9 considerado migrante a pessoa que: \u00e9 for\u00e7ada a deixar o seu pa\u00eds, ou que o faz voluntariamente; procura uma vida melhor ou uma vida diferente; possui autoriza\u00e7\u00e3o de resid\u00eancia num determinado pa\u00eds; vive na clandestinidade.<\/p>\n<p>No dia 18 de dezembro de 1990, a Assembleia Geral das Na\u00e7\u00f5es Unidas adotou a Conven\u00e7\u00e3o Internacional para a Prote\u00e7\u00e3o dos Direitos de Todos os Trabalhadores Migrantes e dos Membros das suas Fam\u00edlias. Anualmente neste dia realizam-se diversas atividades, desde vig\u00edlias em mem\u00f3ria daqueles que perderam a vida a sair do pa\u00eds natal, \u00e0 exibi\u00e7\u00e3o de document\u00e1rios sobre a migra\u00e7\u00e3o, por exemplo.<\/p>\n<p><img fetchpriority=\"high\" decoding=\"async\" class=\"alignnone size-medium wp-image-580\" src=\"http:\/\/radioiep.com\/wp-content\/uploads\/2020\/12\/03-3-300x225.jpg\" alt=\"\" width=\"300\" height=\"225\" srcset=\"https:\/\/radioiep.com\/site\/wp-content\/uploads\/2020\/12\/03-3-300x225.jpg 300w, https:\/\/radioiep.com\/site\/wp-content\/uploads\/2020\/12\/03-3.jpg 720w\" sizes=\"(max-width: 300px) 100vw, 300px\" \/><\/p>\n<p>Ao longo da hist\u00f3ria do homem, a migra\u00e7\u00e3o tem sido uma manifesta\u00e7\u00e3o corajosa da vontade da pessoa em superar a adversidade e em alcan\u00e7ar uma vida melhor. Com a globaliza\u00e7\u00e3o e com as novas tecnologias de comunica\u00e7\u00e3o, cada vez mais pessoas desejam passar fronteiras.<\/p>\n<p>A Agenda 2030 de Desenvolvimento Sustent\u00e1vel elaborada pela Organiza\u00e7\u00e3o das Na\u00e7\u00f5es Unidas (ONU) e em vigor desde 2016 apresenta 17 objetivos para transformar o nosso mundo. Assegurar a seguran\u00e7a da migra\u00e7\u00e3o e implementar pol\u00edticas que a tornem ordenada e regular s\u00e3o metas do objetivo 10 para reduzir as desigualdades.<\/p>\n<p>No dia Internacional de Migrantes e Refugiados<\/p>\n<p>Decorre em S\u00e3o Domingos segundo atelier de comunica\u00e7\u00e3o e sensibiliza\u00e7\u00e3o no quadro do Projeto MIGRA.<\/p>\n<p>MIGRA \u00e9 um projeto financiado pela AICS Dakar (Ag\u00eancia Italiana de Coopera\u00e7\u00e3o para o Desenvolvimento) no \u00e2mbito do programa &#8220;Iniciativa de emerg\u00eancia para proteger as popula\u00e7\u00f5es mais vulner\u00e1veis, deslocados, refugiados, migrantes irregulares e retornados no Senegal, Guin\u00e9 Bissau, Guin\u00e9, G\u00e2mbia e Mali&#8221;.<\/p>\n<p>Sexta-feira, 18\/12\/2020 \u00e9 o Dia Internacional do Migrante, uma ocasi\u00e3o para relembrar e sensibilizar sobre os direitos dos migrantes e os benef\u00edcios que a migra\u00e7\u00e3o traz em termos econ\u00f4micos, sociais e culturais.\u00a0 Apesar das dificuldades devidas \u00e0 pandemia COVID-19 e das barreiras em vigor, o projeto MIGRA (Migra\u00e7\u00e3o, Emprego, Juventude, Resili\u00eancia e Auto empreendedorismo) junta-se \u00e0 jornada atrav\u00e9s de v\u00e1rias atividades no Senegal, respeitando os padr\u00f5es solicitados.<\/p>\n<p>MIGRA \u00e9 um projeto financiado pela AICS (Ag\u00eancia Italiana de Coopera\u00e7\u00e3o para o Desenvolvimento) em regi\u00f5es fronteiri\u00e7as com forte voca\u00e7\u00e3o migrat\u00f3ria entre Guin\u00e9 Bissau e Senegal (regi\u00f5es de Cacheu e Ziguinchor) e entre Senegal e Guin\u00e9 Conakry (K\u00e9dogou e regi\u00f5es de Lab\u00e9) e implementado pelas ONGs LVIA (l\u00edder), COSPE e CISV e os parceiros CARP e AD para criar com organiza\u00e7\u00f5es locais da sociedade civil, oportunidades de emprego e vida para jovens, mulheres e migrantes de retorno.\u00a0 Al\u00e9m disso, est\u00e3o previstas a\u00e7\u00f5es de sensibiliza\u00e7\u00e3o e comunica\u00e7\u00e3o nos tr\u00eas pa\u00edses e na It\u00e1lia.<\/p>\n<p>Os resultados esperados do projeto s\u00e3o os seguintes:<\/p>\n<p>A1: fortalecer 25 pequenas e m\u00e9dias empresas selecionadas que poder\u00e3o oferecer um plano de est\u00e1gio, apoiado pelo projeto, a 100 jovens, mulheres e migrantes de retorno<\/p>\n<p>R2: apoiar a cria\u00e7\u00e3o de 70 microempresas lideradas por jovens e migrantes de retorno (50% mulheres)<\/p>\n<p>R3: fortalecer os servi\u00e7os de apoio psicossocial para o retorno de migrantes em situa\u00e7\u00f5es vulner\u00e1veis<\/p>\n<p>R4: realizar uma campanha de informa\u00e7\u00e3o e sensibiliza\u00e7\u00e3o na It\u00e1lia e nas 3 regi\u00f5es de interven\u00e7\u00e3o<\/p>\n<p>&nbsp;<\/p>\n<p>O projeto visa assim: responder eficazmente aos pedidos de emprego, especialmente para os mais jovens, em zonas onde o desemprego juvenil \u00e9 elevado e \u00e9 a principal causa da emigra\u00e7\u00e3o irregular;\u00a0 fortalecer o tecido empresarial para desenvolver o potencial das micro, pequenas e m\u00e9dias empresas locais, planejar a expans\u00e3o de suas atividades e promover a gera\u00e7\u00e3o de empregos;\u00a0 apoiar a reintegra\u00e7\u00e3o dos migrantes que retornam, considerando que o retorno constitui uma etapa da experi\u00eancia migrat\u00f3ria que requer esfor\u00e7os e adaptabilidade compar\u00e1veis aos de se estabelecer em um pa\u00eds estrangeiro.<\/p>\n<p><img decoding=\"async\" class=\"alignnone size-medium wp-image-579\" src=\"http:\/\/radioiep.com\/wp-content\/uploads\/2020\/12\/02-4-300x225.jpg\" alt=\"\" width=\"300\" height=\"225\" srcset=\"https:\/\/radioiep.com\/site\/wp-content\/uploads\/2020\/12\/02-4-300x225.jpg 300w, https:\/\/radioiep.com\/site\/wp-content\/uploads\/2020\/12\/02-4.jpg 720w\" sizes=\"(max-width: 300px) 100vw, 300px\" \/><\/p>\n<p>Por fim, a campanha de comunica\u00e7\u00e3o e sensibiliza\u00e7\u00e3o visa atrair a aten\u00e7\u00e3o de um p\u00fablico jovem e adulto para popularizar v\u00e1rias mensagens atrav\u00e9s do envolvimento direto de testemunhas chave.\u00a0 Neste sentido, v\u00e1rios atores (migrantes de retorno, associa\u00e7\u00f5es culturais, grupos de mulheres, autoridades locais, artistas, grupo de jovens &#8230;) pactuaram em redes em todas as \u00e1reas de interven\u00e7\u00e3o, a fim de corresponder \u00e0s mensagens e hist\u00f3rias que\u00a0 o projeto MIGRA pretende transmitir atrav\u00e9s de um plano de comunica\u00e7\u00e3o e sensibiliza\u00e7\u00e3o nos tr\u00eas pa\u00edses.<\/p>\n<p>&nbsp;<\/p>\n<p>&nbsp;<\/p>\n<p>Por Quinanata<\/p>\n<p>Pela r\u00e1dio que fala a l\u00edngua dos povos!<\/p>\n<p>&nbsp;<\/p>\n<p>&nbsp;<\/p>\n<p>&nbsp;<\/p>\n<p>&nbsp;<\/p>\n<p>&nbsp;<\/p>\n<p>&nbsp;<\/p>\n<p>&nbsp;<\/p>\n<p>&nbsp;<\/p>\n<p>&nbsp;<\/p>\n<p>&nbsp;<\/p>\n<p>&nbsp;<\/p>\n<p>&nbsp;<\/p>\n<p id=\"rop\"><small>Originally posted 2020-12-20 19:27:16. <\/small><\/p>","protected":false},"excerpt":{"rendered":"<p>&nbsp; O Dia Internacional das Migra\u00e7\u00f5es, ou Dia Internacional do Migrante, \u00e9 celebrado anualmente a 18 de dezembro. A data foi proclamada em 2000, pela Assembleia Geral das Na\u00e7\u00f5es Unidas, sendo celebrada neste dia desde ent\u00e3o. Quem \u00e9 migrante? \u00c9 considerado migrante a pessoa que: \u00e9 for\u00e7ada a deixar o seu pa\u00eds, ou que o [&hellip;]<\/p>\n","protected":false},"author":3,"featured_media":580,"comment_status":"open","ping_status":"open","sticky":false,"template":"","format":"standard","meta":{"footnotes":""},"categories":[9,24],"tags":[57,58],"class_list":["post-577","post","type-post","status-publish","format-standard","has-post-thumbnail","hentry","category-artigos","category-opiniao","tag-emigrante","tag-guine-bissau"],"_links":{"self":[{"href":"https:\/\/radioiep.com\/site\/wp-json\/wp\/v2\/posts\/577","targetHints":{"allow":["GET"]}}],"collection":[{"href":"https:\/\/radioiep.com\/site\/wp-json\/wp\/v2\/posts"}],"about":[{"href":"https:\/\/radioiep.com\/site\/wp-json\/wp\/v2\/types\/post"}],"author":[{"embeddable":true,"href":"https:\/\/radioiep.com\/site\/wp-json\/wp\/v2\/users\/3"}],"replies":[{"embeddable":true,"href":"https:\/\/radioiep.com\/site\/wp-json\/wp\/v2\/comments?post=577"}],"version-history":[{"count":0,"href":"https:\/\/radioiep.com\/site\/wp-json\/wp\/v2\/posts\/577\/revisions"}],"wp:featuredmedia":[{"embeddable":true,"href":"https:\/\/radioiep.com\/site\/wp-json\/wp\/v2\/media\/580"}],"wp:attachment":[{"href":"https:\/\/radioiep.com\/site\/wp-json\/wp\/v2\/media?parent=577"}],"wp:term":[{"taxonomy":"category","embeddable":true,"href":"https:\/\/radioiep.com\/site\/wp-json\/wp\/v2\/categories?post=577"},{"taxonomy":"post_tag","embeddable":true,"href":"https:\/\/radioiep.com\/site\/wp-json\/wp\/v2\/tags?post=577"}],"curies":[{"name":"wp","href":"https:\/\/api.w.org\/{rel}","templated":true}]}}