{"id":553,"date":"2025-09-08T01:26:36","date_gmt":"2025-09-08T01:26:36","guid":{"rendered":"http:\/\/radioiep.com\/?p=553"},"modified":"2025-09-08T01:26:36","modified_gmt":"2025-09-08T01:26:36","slug":"minas-belo-horizonte-memorias-das-gerais","status":"publish","type":"post","link":"https:\/\/radioiep.com\/site\/minas-belo-horizonte-memorias-das-gerais\/","title":{"rendered":"MINAS, BELO HORIZONTE, MEM\u00d3RIAS DAS GERAIS"},"content":{"rendered":"<p>&nbsp;<\/p>\n<p>Minas \u00e9 progresso, \u00e9 hist\u00f3ria nacional<\/p>\n<p>\u00c9 um orgulho, ser mineiro em Belo Horizonte, nossa Capital<\/p>\n<p>&nbsp;<\/p>\n<p>Nosso carinho se estende, para al\u00e9m desta data especial<\/p>\n<p>Pois o nosso amor por ambas, \u00e9 singular e atemporal<\/p>\n<p>&nbsp;<\/p>\n<p>De Aleijadinho que comp\u00f5e sua mem\u00f3ria<\/p>\n<p>\u00c9 estrada do ouro, nos trilhos do trem da hist\u00f3ria<\/p>\n<p>&nbsp;<\/p>\n<p>Belo Horizonte, nossa querida cidade em Minas Grais<\/p>\n<p>\u00c9 ber\u00e7o de um povo af\u00e1vel, de anseios e ideais<\/p>\n<p>&nbsp;<\/p>\n<p>Minas \u00e9 arte, cultura, tecnologia e tradi\u00e7\u00e3o<\/p>\n<p>Belo Horizonte \u00e9 nossa vida e inspira\u00e7\u00e3o<\/p>\n<p>Polo de Startups, um ecossistema de inova\u00e7\u00e3o<\/p>\n<p>&nbsp;<\/p>\n<p>Oh, terra amada, nossa paix\u00e3o!<\/p>\n<p>Que pulsa no cora\u00e7\u00e3o do Brasil, como a mais bela can\u00e7\u00e3o<\/p>\n<p>&nbsp;<\/p>\n<p>No esporte, na m\u00fasica, na culin\u00e1ria, uma poesia em constru\u00e7\u00e3o<\/p>\n<p>Uai, sou mineiro, e essa \u00e9 minha forma de express\u00e3o<\/p>\n<p>&nbsp;<\/p>\n<p>Ser Mineiro \u00e9 pr\u00f3prio da nossa natureza, \u00e9 pureza e humildade na eleg\u00e2ncia dos nossos, Uais.<\/p>\n<p>Que ecoam pelos admir\u00e1veis belos horizontes de Minas Gerais<\/p>\n<p>&nbsp;<\/p>\n<p>Minas e Belo Horizonte, s\u00e3o ricas em belezas naturais<\/p>\n<p>Sendo refer\u00eancias nacionais, na arquitetura, arte de rua, em seus murais.<\/p>\n<p>&nbsp;<\/p>\n<p>Uai, aqui tudo \u00e9 hist\u00f3ria e cultura, \u00e9 sabor e sonho das Gerais<\/p>\n<p>Pois \u201cquem conhece, n\u00e3o esquece jamais\u201d.<\/p>\n<p><img fetchpriority=\"high\" decoding=\"async\" class=\"alignnone size-large wp-image-554\" src=\"http:\/\/radioiep.com\/wp-content\/uploads\/2020\/12\/01-3-1024x682.jpg\" alt=\"\" width=\"696\" height=\"464\" srcset=\"https:\/\/radioiep.com\/site\/wp-content\/uploads\/2020\/12\/01-3-1024x682.jpg 1024w, https:\/\/radioiep.com\/site\/wp-content\/uploads\/2020\/12\/01-3-300x200.jpg 300w, https:\/\/radioiep.com\/site\/wp-content\/uploads\/2020\/12\/01-3-768x511.jpg 768w, https:\/\/radioiep.com\/site\/wp-content\/uploads\/2020\/12\/01-3.jpg 1232w\" sizes=\"(max-width: 696px) 100vw, 696px\" \/> <img decoding=\"async\" class=\"alignnone size-large wp-image-555\" src=\"http:\/\/radioiep.com\/wp-content\/uploads\/2020\/12\/02-3-1024x682.jpg\" alt=\"\" width=\"696\" height=\"464\" srcset=\"https:\/\/radioiep.com\/site\/wp-content\/uploads\/2020\/12\/02-3-1024x682.jpg 1024w, https:\/\/radioiep.com\/site\/wp-content\/uploads\/2020\/12\/02-3-300x200.jpg 300w, https:\/\/radioiep.com\/site\/wp-content\/uploads\/2020\/12\/02-3-768x511.jpg 768w, https:\/\/radioiep.com\/site\/wp-content\/uploads\/2020\/12\/02-3.jpg 1232w\" sizes=\"(max-width: 696px) 100vw, 696px\" \/> <img decoding=\"async\" class=\"alignnone size-large wp-image-556\" src=\"http:\/\/radioiep.com\/wp-content\/uploads\/2020\/12\/03-2-1024x682.jpg\" alt=\"\" width=\"696\" height=\"464\" srcset=\"https:\/\/radioiep.com\/site\/wp-content\/uploads\/2020\/12\/03-2-1024x682.jpg 1024w, https:\/\/radioiep.com\/site\/wp-content\/uploads\/2020\/12\/03-2-300x200.jpg 300w, https:\/\/radioiep.com\/site\/wp-content\/uploads\/2020\/12\/03-2-768x511.jpg 768w, https:\/\/radioiep.com\/site\/wp-content\/uploads\/2020\/12\/03-2.jpg 1232w\" sizes=\"(max-width: 696px) 100vw, 696px\" \/> <img loading=\"lazy\" decoding=\"async\" class=\"alignnone size-large wp-image-557\" src=\"http:\/\/radioiep.com\/wp-content\/uploads\/2020\/12\/04-1-1024x680.jpg\" alt=\"\" width=\"696\" height=\"462\" srcset=\"https:\/\/radioiep.com\/site\/wp-content\/uploads\/2020\/12\/04-1-1024x680.jpg 1024w, https:\/\/radioiep.com\/site\/wp-content\/uploads\/2020\/12\/04-1-300x199.jpg 300w, https:\/\/radioiep.com\/site\/wp-content\/uploads\/2020\/12\/04-1-768x510.jpg 768w, https:\/\/radioiep.com\/site\/wp-content\/uploads\/2020\/12\/04-1.jpg 1072w\" sizes=\"(max-width: 696px) 100vw, 696px\" \/> <img loading=\"lazy\" decoding=\"async\" class=\"alignnone size-large wp-image-558\" src=\"http:\/\/radioiep.com\/wp-content\/uploads\/2020\/12\/06-1-1024x682.jpg\" alt=\"\" width=\"696\" height=\"464\" srcset=\"https:\/\/radioiep.com\/site\/wp-content\/uploads\/2020\/12\/06-1-1024x682.jpg 1024w, https:\/\/radioiep.com\/site\/wp-content\/uploads\/2020\/12\/06-1-300x200.jpg 300w, https:\/\/radioiep.com\/site\/wp-content\/uploads\/2020\/12\/06-1-768x511.jpg 768w, https:\/\/radioiep.com\/site\/wp-content\/uploads\/2020\/12\/06-1.jpg 1232w\" sizes=\"(max-width: 696px) 100vw, 696px\" \/> <img loading=\"lazy\" decoding=\"async\" class=\"alignnone size-large wp-image-559\" src=\"http:\/\/radioiep.com\/wp-content\/uploads\/2020\/12\/07-1-1024x683.jpg\" alt=\"\" width=\"696\" height=\"464\" srcset=\"https:\/\/radioiep.com\/site\/wp-content\/uploads\/2020\/12\/07-1-1024x683.jpg 1024w, https:\/\/radioiep.com\/site\/wp-content\/uploads\/2020\/12\/07-1-300x200.jpg 300w, https:\/\/radioiep.com\/site\/wp-content\/uploads\/2020\/12\/07-1-768x512.jpg 768w, https:\/\/radioiep.com\/site\/wp-content\/uploads\/2020\/12\/07-1.jpg 1280w\" sizes=\"(max-width: 696px) 100vw, 696px\" \/> <img loading=\"lazy\" decoding=\"async\" class=\"alignnone size-large wp-image-560\" src=\"http:\/\/radioiep.com\/wp-content\/uploads\/2020\/12\/08-1024x682.jpg\" alt=\"\" width=\"696\" height=\"464\" srcset=\"https:\/\/radioiep.com\/site\/wp-content\/uploads\/2020\/12\/08-1024x682.jpg 1024w, https:\/\/radioiep.com\/site\/wp-content\/uploads\/2020\/12\/08-300x200.jpg 300w, https:\/\/radioiep.com\/site\/wp-content\/uploads\/2020\/12\/08-768x511.jpg 768w, https:\/\/radioiep.com\/site\/wp-content\/uploads\/2020\/12\/08.jpg 1232w\" sizes=\"(max-width: 696px) 100vw, 696px\" \/> <img loading=\"lazy\" decoding=\"async\" class=\"alignnone size-large wp-image-561\" src=\"http:\/\/radioiep.com\/wp-content\/uploads\/2020\/12\/09-1-1024x682.jpg\" alt=\"\" width=\"696\" height=\"464\" srcset=\"https:\/\/radioiep.com\/site\/wp-content\/uploads\/2020\/12\/09-1-1024x682.jpg 1024w, https:\/\/radioiep.com\/site\/wp-content\/uploads\/2020\/12\/09-1-300x200.jpg 300w, https:\/\/radioiep.com\/site\/wp-content\/uploads\/2020\/12\/09-1-768x511.jpg 768w, https:\/\/radioiep.com\/site\/wp-content\/uploads\/2020\/12\/09-1.jpg 1232w\" sizes=\"(max-width: 696px) 100vw, 696px\" \/> <img loading=\"lazy\" decoding=\"async\" class=\"alignnone size-large wp-image-562\" src=\"http:\/\/radioiep.com\/wp-content\/uploads\/2020\/12\/10-1024x683.jpg\" alt=\"\" width=\"696\" height=\"464\" srcset=\"https:\/\/radioiep.com\/site\/wp-content\/uploads\/2020\/12\/10-1024x683.jpg 1024w, https:\/\/radioiep.com\/site\/wp-content\/uploads\/2020\/12\/10-300x200.jpg 300w, https:\/\/radioiep.com\/site\/wp-content\/uploads\/2020\/12\/10-768x512.jpg 768w, https:\/\/radioiep.com\/site\/wp-content\/uploads\/2020\/12\/10.jpg 1280w\" sizes=\"(max-width: 696px) 100vw, 696px\" \/><\/p>\n<p>Fotos: http:\/\/www.turismo.gov.br\/%C3%BAltimas-not%C3%ADcias\/11091-minist%C3%A9rio-do-turismo-lan%C3%A7a-acervo-com-imagens-de-169-destinos.html<\/p>\n<p>Luiz Nascimento<\/p>\n<p>Pela R\u00e1dio Web Internacional em Portugu\u00eas, a r\u00e1dio que fala a l\u00edngua dos povos<\/p>\n<p id=\"rop\"><small>Originally posted 2020-12-12 20:15:34. <\/small><\/p>","protected":false},"excerpt":{"rendered":"<p>&nbsp; Minas \u00e9 progresso, \u00e9 hist\u00f3ria nacional \u00c9 um orgulho, ser mineiro em Belo Horizonte, nossa Capital &nbsp; Nosso carinho se estende, para al\u00e9m desta data especial Pois o nosso amor por ambas, \u00e9 singular e atemporal &nbsp; De Aleijadinho que comp\u00f5e sua mem\u00f3ria \u00c9 estrada do ouro, nos trilhos do trem da hist\u00f3ria &nbsp; [&hellip;]<\/p>\n","protected":false},"author":4,"featured_media":555,"comment_status":"open","ping_status":"open","sticky":false,"template":"","format":"standard","meta":{"footnotes":""},"categories":[13,24],"tags":[56,29],"class_list":["post-553","post","type-post","status-publish","format-standard","has-post-thumbnail","hentry","category-cultura","category-opiniao","tag-belo-horizonte","tag-brasil"],"_links":{"self":[{"href":"https:\/\/radioiep.com\/site\/wp-json\/wp\/v2\/posts\/553","targetHints":{"allow":["GET"]}}],"collection":[{"href":"https:\/\/radioiep.com\/site\/wp-json\/wp\/v2\/posts"}],"about":[{"href":"https:\/\/radioiep.com\/site\/wp-json\/wp\/v2\/types\/post"}],"author":[{"embeddable":true,"href":"https:\/\/radioiep.com\/site\/wp-json\/wp\/v2\/users\/4"}],"replies":[{"embeddable":true,"href":"https:\/\/radioiep.com\/site\/wp-json\/wp\/v2\/comments?post=553"}],"version-history":[{"count":0,"href":"https:\/\/radioiep.com\/site\/wp-json\/wp\/v2\/posts\/553\/revisions"}],"wp:featuredmedia":[{"embeddable":true,"href":"https:\/\/radioiep.com\/site\/wp-json\/wp\/v2\/media\/555"}],"wp:attachment":[{"href":"https:\/\/radioiep.com\/site\/wp-json\/wp\/v2\/media?parent=553"}],"wp:term":[{"taxonomy":"category","embeddable":true,"href":"https:\/\/radioiep.com\/site\/wp-json\/wp\/v2\/categories?post=553"},{"taxonomy":"post_tag","embeddable":true,"href":"https:\/\/radioiep.com\/site\/wp-json\/wp\/v2\/tags?post=553"}],"curies":[{"name":"wp","href":"https:\/\/api.w.org\/{rel}","templated":true}]}}