{"id":531,"date":"2025-09-08T01:26:33","date_gmt":"2025-09-08T01:26:33","guid":{"rendered":"http:\/\/radioiep.com\/?p=531"},"modified":"2025-09-08T01:26:33","modified_gmt":"2025-09-08T01:26:33","slug":"explosao-poetica","status":"publish","type":"post","link":"https:\/\/radioiep.com\/site\/explosao-poetica\/","title":{"rendered":"EXPLOS\u00c3O PO\u00c9TICA"},"content":{"rendered":"<p>Vai acontecer em Luanda, mais um evento de recita\u00e7\u00e3o, desta vez, de poesia tradicional. O evento organizado pela Kubata da poetisa, sob a tutela de Sandra Bande, poetisa angolana e contar\u00e1 com participa\u00e7\u00f5es de diversos artistas que v\u00e3o abrilhantar o palco com os seus poemas. O evento ir\u00e1 decorrer no audit\u00f3rio do restaurante Laramel, no Camama, pelas 14 horas de domingo (13 de dezembro).<\/p>\n<p><img fetchpriority=\"high\" decoding=\"async\" class=\"alignnone size-large wp-image-533\" src=\"http:\/\/radioiep.com\/wp-content\/uploads\/2020\/12\/02-1-960x1024.jpg\" alt=\"\" width=\"696\" height=\"742\" srcset=\"https:\/\/radioiep.com\/site\/wp-content\/uploads\/2020\/12\/02-1-960x1024.jpg 960w, https:\/\/radioiep.com\/site\/wp-content\/uploads\/2020\/12\/02-1-281x300.jpg 281w, https:\/\/radioiep.com\/site\/wp-content\/uploads\/2020\/12\/02-1-768x819.jpg 768w, https:\/\/radioiep.com\/site\/wp-content\/uploads\/2020\/12\/02-1.jpg 1200w\" sizes=\"(max-width: 696px) 100vw, 696px\" \/><\/p>\n<p>A Radiowip aproveitou o momento de conversa com a organizadora e fez uma breve entrevista, confira abaixo:<\/p>\n<p><strong>POETISA BANDE, PORQU\u00ca EXPLOS\u00c3O PO\u00c9TICA?<\/strong><\/p>\n<p>EXPLOS\u00c3O PO\u00c9TICA, porque a poesia \u00e9 uma arte que provoca um misto de emo\u00e7\u00f5es, no interior de quem ouve e faz. E principalmente pelo facto, do evento ser um encontro entre as duas formas de poesia falada que tem predominado nos dias de hoje.<\/p>\n<p>&nbsp;<\/p>\n<p><strong>PARA AL\u00c9M DE SER UM EVENTO DE RECITA\u00c7\u00c3O PO\u00c9TICA, PARTICULARMENTE, O QUE ESTE MOMENTO REPRESENTA PARA SI?<\/strong><\/p>\n<p>Para mim, este momento representa o in\u00edcio de uma nova hist\u00f3ria, pois,\u00a0 \u00e9 o cumprimento de algo j\u00e1 planejado h\u00e1 algum tempo, mais do que um simples evento, \u00e9 uma estreia no mundo da realiza\u00e7\u00e3o e produ\u00e7\u00e3o de evento.<\/p>\n<p><strong>NA SUA OPINI\u00c3O, J\u00c1 \u00c9 NOT\u00c1VEL A VALORIZA\u00c7\u00c3O DESTA ARTE EM ANGOLA?<\/strong><\/p>\n<p>Actualmente posso dizer que sim, n\u00f3s os poetas, temos conquistado o nosso lugar na sociedade. Hoje j\u00e1 \u00e9 poss\u00edvel contemplar a apresenta\u00e7\u00e3o de poesia em muitos eventos no nosso pa\u00eds.<\/p>\n<p>&nbsp;<\/p>\n<p><strong>QUAL \u00c9 O IMPACTO DA POESIA NAS NOSSAS COMUNIDADES?<\/strong><\/p>\n<p>A poesia tem um grande poder terap\u00eautico, mais do que uma cura f\u00edsica, cura a alma, mente. Por meio dos textos apresentados, poss\u00edvel incentivar a valoriza\u00e7\u00e3o da nossa cultura, tradi\u00e7\u00f5es, tornando assim, saud\u00e1vel a nossa conviv\u00eancia.<\/p>\n<p>&nbsp;<\/p>\n<p><strong>DURANTE OS \u00daLTIMOS TEMPOS, TEM SIDO MUITO FREQUENTE, EVENTOS DESTA NATUREZA. ACHA QUE \u00c9 CONSEQU\u00caNCIA DA PANDEMIA OU OUTRA RAZ\u00c3O ESPEC\u00cdFICA?<\/strong><\/p>\n<p>Pode-se dizer que sim, mas acredito, que esteja relacionado com desenvolvimento da poesia no nosso pa\u00eds,\u00a0a cada dia revelam-se mais e mais artistas e muito talentosos, e a necessidade de divulg\u00e1-los e contribuir para o crescimento do mesmo \u00e9 a base do surgimento destes eventos.<\/p>\n<p>&nbsp;<\/p>\n<p><strong>H\u00c1 UMA LINHA T\u00caNUE ENTRE POESIA E SLAM?<\/strong><\/p>\n<p>Isso iremos descobrir no dia do evento, mais do que falar, os nossos convidados ir\u00e3o demonstrar.<\/p>\n<p>&nbsp;<\/p>\n<p><strong>DIZEM QUE OS POETAS S\u00c3O LOUCOS E SONHADORES, QUE ANGOLA SONHA TER DAQUI A PELO MENOS, 5 ANOS?<\/strong><\/p>\n<p>Sonho com uma Angola que proporcionar\u00e1 total liberdade art\u00edstica. Onde poderemos ter testemunhos vivos de pessoa que foram transformadas por interm\u00e9dio da arte que fazemos.<\/p>\n<p>&nbsp;<\/p>\n<p><strong>OS ANGOLANOS, ASSIM COMO O RESTO DO MUNDO, EST\u00c3O A ATRAVESSAR UM PER\u00cdODO MUITO DIF\u00cdCIL, COM A CRISE DO NOVO CORONA V\u00cdRUS. QUE MENSAGEM DE CONFORTO QUERES DEIXAR PARA OS POVOS DE ANGOLA E SE FOR POSS\u00cdVEL, PARA O MUNDO?<\/strong><\/p>\n<p>N\u00e3o deixem de sonhar, n\u00e3o importa os obst\u00e1culos, as dificuldades ou as desilus\u00f5es. Acreditar que o amanh\u00e3 ser\u00e1 melhor \u00e9 segredo para obter a vit\u00f3ria.<\/p>\n<p>&nbsp;<\/p>\n<p><strong>DEIXE UMA MENSAGEM PARA A RADIO INTERNACIONAL EM PORTUGU\u00caS <\/strong><\/p>\n<p>A todos da r\u00e1dio internacional em portugu\u00eas, pe\u00e7o que sejam os protagonistas das vossas hist\u00f3rias, corram atr\u00e1s daquilo que querem alcan\u00e7ar, n\u00e3o desistam por nada, trabalhem e deixem legado para as futuras gera\u00e7\u00f5es.<\/p>\n<p><img decoding=\"async\" class=\"alignnone size-large wp-image-532\" src=\"http:\/\/radioiep.com\/wp-content\/uploads\/2020\/12\/01-1-682x1024.jpg\" alt=\"\" width=\"682\" height=\"1024\" srcset=\"https:\/\/radioiep.com\/site\/wp-content\/uploads\/2020\/12\/01-1-682x1024.jpg 682w, https:\/\/radioiep.com\/site\/wp-content\/uploads\/2020\/12\/01-1-200x300.jpg 200w, https:\/\/radioiep.com\/site\/wp-content\/uploads\/2020\/12\/01-1-768x1152.jpg 768w, https:\/\/radioiep.com\/site\/wp-content\/uploads\/2020\/12\/01-1.jpg 853w\" sizes=\"(max-width: 682px) 100vw, 682px\" \/><\/p>\n<p>Poetisa Sandra Bande<\/p>\n<p>Por: Lucas Cassule<\/p>\n<p>R\u00e1dio Internacional em Portugu\u00eas, a r\u00e1dio que fala a l\u00edngua dos povos!<\/p>\n<p id=\"rop\"><small>Originally posted 2020-12-09 17:57:33. <\/small><\/p>","protected":false},"excerpt":{"rendered":"<p>Vai acontecer em Luanda, mais um evento de recita\u00e7\u00e3o, desta vez, de poesia tradicional. O evento organizado pela Kubata da poetisa, sob a tutela de Sandra Bande, poetisa angolana e contar\u00e1 com participa\u00e7\u00f5es de diversos artistas que v\u00e3o abrilhantar o palco com os seus poemas. O evento ir\u00e1 decorrer no audit\u00f3rio do restaurante Laramel, no [&hellip;]<\/p>\n","protected":false},"author":3,"featured_media":533,"comment_status":"open","ping_status":"open","sticky":false,"template":"","format":"standard","meta":{"footnotes":""},"categories":[10,25,13],"tags":[16,51,52,12,40],"class_list":["post-531","post","type-post","status-publish","format-standard","has-post-thumbnail","hentry","category-arte","category-atividades","category-cultura","tag-angola","tag-luanda","tag-poema","tag-poesia","tag-slam"],"_links":{"self":[{"href":"https:\/\/radioiep.com\/site\/wp-json\/wp\/v2\/posts\/531","targetHints":{"allow":["GET"]}}],"collection":[{"href":"https:\/\/radioiep.com\/site\/wp-json\/wp\/v2\/posts"}],"about":[{"href":"https:\/\/radioiep.com\/site\/wp-json\/wp\/v2\/types\/post"}],"author":[{"embeddable":true,"href":"https:\/\/radioiep.com\/site\/wp-json\/wp\/v2\/users\/3"}],"replies":[{"embeddable":true,"href":"https:\/\/radioiep.com\/site\/wp-json\/wp\/v2\/comments?post=531"}],"version-history":[{"count":0,"href":"https:\/\/radioiep.com\/site\/wp-json\/wp\/v2\/posts\/531\/revisions"}],"wp:featuredmedia":[{"embeddable":true,"href":"https:\/\/radioiep.com\/site\/wp-json\/wp\/v2\/media\/533"}],"wp:attachment":[{"href":"https:\/\/radioiep.com\/site\/wp-json\/wp\/v2\/media?parent=531"}],"wp:term":[{"taxonomy":"category","embeddable":true,"href":"https:\/\/radioiep.com\/site\/wp-json\/wp\/v2\/categories?post=531"},{"taxonomy":"post_tag","embeddable":true,"href":"https:\/\/radioiep.com\/site\/wp-json\/wp\/v2\/tags?post=531"}],"curies":[{"name":"wp","href":"https:\/\/api.w.org\/{rel}","templated":true}]}}