{"id":521,"date":"2025-06-17T01:06:59","date_gmt":"2025-06-17T01:06:59","guid":{"rendered":"http:\/\/radioiep.com\/?p=521"},"modified":"2025-06-17T01:06:59","modified_gmt":"2025-06-17T01:06:59","slug":"cabo-verde-e-a-grande-inspiracao-de-urivaldo-lopes","status":"publish","type":"post","link":"https:\/\/radioiep.com\/site\/cabo-verde-e-a-grande-inspiracao-de-urivaldo-lopes\/","title":{"rendered":"CABO VERDE \u00c9 A GRANDE INSPIRA\u00c7\u00c3O DE URIVALDO LOPES"},"content":{"rendered":"<p>&nbsp;<\/p>\n<p>Nascido em Mindelo, S\u00e3o Vicente, o estilista, fot\u00f3grafo e designer de moda Urivaldo Lopes tem atualmente uma carreira invej\u00e1vel no mundo da moda. Passando pelas mais conceituadas revistas de moda do mundo Urivaldo deixa como marca um cheirinho de Cabo Verde naquilo que faz.<\/p>\n<p><img fetchpriority=\"high\" decoding=\"async\" class=\"alignnone size-large wp-image-522\" src=\"http:\/\/radioiep.com\/wp-content\/uploads\/2020\/12\/01-1024x1024.jpg\" alt=\"\" width=\"696\" height=\"696\" srcset=\"https:\/\/radioiep.com\/site\/wp-content\/uploads\/2020\/12\/01-1024x1024.jpg 1024w, https:\/\/radioiep.com\/site\/wp-content\/uploads\/2020\/12\/01-300x300.jpg 300w, https:\/\/radioiep.com\/site\/wp-content\/uploads\/2020\/12\/01-150x150.jpg 150w, https:\/\/radioiep.com\/site\/wp-content\/uploads\/2020\/12\/01-768x768.jpg 768w, https:\/\/radioiep.com\/site\/wp-content\/uploads\/2020\/12\/01.jpg 1114w\" sizes=\"(max-width: 696px) 100vw, 696px\" \/><\/p>\n<p>Para chegar neste patamar de qualidade ao n\u00edvel mundial, Urivaldo teve de batalhar. O sonho come\u00e7a em pequeno com os ent\u00e3o programas de moda na televis\u00e3o. Mas \u00e9 aos 17 anos que decide aventurar-se profissionalmente no mundo da moda em Paris.<\/p>\n<p>As oportunidades n\u00e3o tardaram a chegar. O talento de Urivaldo possibilitou-lhe chegar aos editoriais das revistas Elle, Vogue, L&#8217;Officiel, entre v\u00e1rias outras. O cabo-verdiano chegou a ser designer da conceituada marca de roupas Bluemarine.<\/p>\n<p>Atualmente \u00e9 diretor art\u00edstico da renomada revista de moda SlimiMagazine. O designer\u00a0 refere-se a esta revista como o projeto que mais lhe conquistou. Para Urivaldo a SlimiMag possibilitou-lhe transmitir as suas ra\u00edzes para o mundo atrav\u00e9s da vis\u00e3o de moda que possui.<\/p>\n<p><img decoding=\"async\" class=\"alignnone size-full wp-image-523\" src=\"http:\/\/radioiep.com\/wp-content\/uploads\/2020\/12\/02.jpg\" alt=\"\" width=\"640\" height=\"960\" srcset=\"https:\/\/radioiep.com\/site\/wp-content\/uploads\/2020\/12\/02.jpg 640w, https:\/\/radioiep.com\/site\/wp-content\/uploads\/2020\/12\/02-200x300.jpg 200w\" sizes=\"(max-width: 640px) 100vw, 640px\" \/><\/p>\n<p>Urivaldo carrega consigo grandes nomes mundiais com quem j\u00e1 trabalhou. Trabalhou com o rapper Off Set e com a atriz e cantora Lindsay Loahan. A cantora brasileira Anitta tamb\u00e9m foi fotografada pelas lentes de Urivaldo. O cantor JBalvin e a atriz Marina Ruy Barbosa e recentemente o cantor Dino d\u2019Santiago tamb\u00e9m fazem parte da vasta lista de artistas que trabalham com o fotogr\u00e1fo. A\u00a0 cabo-verdiana Mayra Andrade tamb\u00e9m foi fotografada em 2017 para a SlimiMag.<\/p>\n<p>Para estas cria\u00e7\u00f5es, Urivaldo Lopes inspira-se na beleza de Cabo Verde e nas muitas viagens que faz. Urivaldo valoriza as diferentes pessoas, as culturas diferentes e a forma de pensar como elementos cruciais no desenvolvimento da arte que faz.<\/p>\n<p>O fot\u00f3grafo tamb\u00e9m procura empoderar as mulheres, atrav\u00e9s da representa\u00e7\u00e3o de mulheres fortes, de car\u00e1ter e sem medo de serem sexy.<\/p>\n<p><img decoding=\"async\" class=\"alignnone size-large wp-image-525\" src=\"http:\/\/radioiep.com\/wp-content\/uploads\/2020\/12\/04-819x1024.jpg\" alt=\"\" width=\"696\" height=\"870\" srcset=\"https:\/\/radioiep.com\/site\/wp-content\/uploads\/2020\/12\/04-819x1024.jpg 819w, https:\/\/radioiep.com\/site\/wp-content\/uploads\/2020\/12\/04-240x300.jpg 240w, https:\/\/radioiep.com\/site\/wp-content\/uploads\/2020\/12\/04-768x960.jpg 768w, https:\/\/radioiep.com\/site\/wp-content\/uploads\/2020\/12\/04.jpg 853w\" sizes=\"(max-width: 696px) 100vw, 696px\" \/><\/p>\n<p>Urivaldo Lopes \u00e9, sem d\u00favidas, um embaixador da moda cabo-verdiana no mundo. O designer v\u00ea a moda como uma importante forma de divulga\u00e7\u00e3o de Cabo Verde al\u00e9m-fronteiras. No entanto, a moda em Cabo Verde \u00e9 bastante t\u00edmida, conforme diz.<\/p>\n<p>A paix\u00e3o pela moda valeu-lhe v\u00e1rias nomea\u00e7\u00f5es na gala Somos Cabo Verde ao longo dos anos.<\/p>\n<p>Sempre que pode o estilista vem a Cabo Verde desenvolver alguns trabalhos de moda. \u00c9 em Cabo Verde que Urivaldo tamb\u00e9m descobre talentos. Ele classifica o cabo-verdiano como pessoas com imenso potencial. Foi Urivaldo quem levou para as passarelles Djenice Duarte, Sara Morgado, Willy Peter.<\/p>\n<p>Os castings para a sele\u00e7\u00e3o de modelos em Mindelo s\u00e3o sempre recheados de talento, mas conforme diz Urivaldo, poucos est\u00e3o preparados psicologicamente para entrar no mundo da moda.<\/p>\n<p>A tarefa pode ser \u00e1rdua, mas n\u00e3o imposs\u00edvel. Para Urivaldo Lopes os mais corajosos e ambiciosos tem seus lugares reservados. O segredo \u00e9 pesquisar muito, ser curioso, sonhar alto e fazer de tudo para alcan\u00e7ar os objetivos.<\/p>\n<p><img loading=\"lazy\" decoding=\"async\" class=\"alignnone size-large wp-image-529\" src=\"http:\/\/radioiep.com\/wp-content\/uploads\/2020\/12\/09-769x1024.jpg\" alt=\"\" width=\"696\" height=\"927\" srcset=\"https:\/\/radioiep.com\/site\/wp-content\/uploads\/2020\/12\/09-769x1024.jpg 769w, https:\/\/radioiep.com\/site\/wp-content\/uploads\/2020\/12\/09-225x300.jpg 225w, https:\/\/radioiep.com\/site\/wp-content\/uploads\/2020\/12\/09-768x1023.jpg 768w, https:\/\/radioiep.com\/site\/wp-content\/uploads\/2020\/12\/09.jpg 961w\" sizes=\"(max-width: 696px) 100vw, 696px\" \/> <img loading=\"lazy\" decoding=\"async\" class=\"alignnone size-large wp-image-528\" src=\"http:\/\/radioiep.com\/wp-content\/uploads\/2020\/12\/07-819x1024.jpg\" alt=\"\" width=\"696\" height=\"870\" srcset=\"https:\/\/radioiep.com\/site\/wp-content\/uploads\/2020\/12\/07-819x1024.jpg 819w, https:\/\/radioiep.com\/site\/wp-content\/uploads\/2020\/12\/07-240x300.jpg 240w, https:\/\/radioiep.com\/site\/wp-content\/uploads\/2020\/12\/07-768x960.jpg 768w, https:\/\/radioiep.com\/site\/wp-content\/uploads\/2020\/12\/07.jpg 1024w\" sizes=\"(max-width: 696px) 100vw, 696px\" \/> <img loading=\"lazy\" decoding=\"async\" class=\"alignnone size-full wp-image-527\" src=\"http:\/\/radioiep.com\/wp-content\/uploads\/2020\/12\/06.jpg\" alt=\"\" width=\"750\" height=\"937\" srcset=\"https:\/\/radioiep.com\/site\/wp-content\/uploads\/2020\/12\/06.jpg 750w, https:\/\/radioiep.com\/site\/wp-content\/uploads\/2020\/12\/06-240x300.jpg 240w\" sizes=\"(max-width: 750px) 100vw, 750px\" \/> <img loading=\"lazy\" decoding=\"async\" class=\"alignnone size-large wp-image-526\" src=\"http:\/\/radioiep.com\/wp-content\/uploads\/2020\/12\/05-866x1024.jpg\" alt=\"\" width=\"696\" height=\"823\" srcset=\"https:\/\/radioiep.com\/site\/wp-content\/uploads\/2020\/12\/05-866x1024.jpg 866w, https:\/\/radioiep.com\/site\/wp-content\/uploads\/2020\/12\/05-254x300.jpg 254w, https:\/\/radioiep.com\/site\/wp-content\/uploads\/2020\/12\/05-768x908.jpg 768w, https:\/\/radioiep.com\/site\/wp-content\/uploads\/2020\/12\/05.jpg 1080w\" sizes=\"(max-width: 696px) 100vw, 696px\" \/> <img loading=\"lazy\" decoding=\"async\" class=\"alignnone size-full wp-image-524\" src=\"http:\/\/radioiep.com\/wp-content\/uploads\/2020\/12\/03.jpg\" alt=\"\" width=\"550\" height=\"825\" srcset=\"https:\/\/radioiep.com\/site\/wp-content\/uploads\/2020\/12\/03.jpg 550w, https:\/\/radioiep.com\/site\/wp-content\/uploads\/2020\/12\/03-200x300.jpg 200w\" sizes=\"(max-width: 550px) 100vw, 550px\" \/><\/p>\n<p>Por Ric\u00e9nio Lima<\/p>\n<p>R\u00e1dio Internacional em Portugu\u00eas, a r\u00e1dio que fala a l\u00edngua dos povos!<\/p>\n<p id=\"rop\"><small>Originally posted 2020-12-09 17:01:14. <\/small><\/p>","protected":false},"excerpt":{"rendered":"<p>&nbsp; Nascido em Mindelo, S\u00e3o Vicente, o estilista, fot\u00f3grafo e designer de moda Urivaldo Lopes tem atualmente uma carreira invej\u00e1vel no mundo da moda. Passando pelas mais conceituadas revistas de moda do mundo Urivaldo deixa como marca um cheirinho de Cabo Verde naquilo que faz. Para chegar neste patamar de qualidade ao n\u00edvel mundial, Urivaldo [&hellip;]<\/p>\n","protected":false},"author":3,"featured_media":526,"comment_status":"open","ping_status":"open","sticky":false,"template":"","format":"standard","meta":{"footnotes":""},"categories":[10,13,50],"tags":[26,47,48,49],"class_list":["post-521","post","type-post","status-publish","format-standard","has-post-thumbnail","hentry","category-arte","category-cultura","category-personalidade","tag-cabo-verde","tag-designer","tag-fotografo","tag-moda"],"_links":{"self":[{"href":"https:\/\/radioiep.com\/site\/wp-json\/wp\/v2\/posts\/521","targetHints":{"allow":["GET"]}}],"collection":[{"href":"https:\/\/radioiep.com\/site\/wp-json\/wp\/v2\/posts"}],"about":[{"href":"https:\/\/radioiep.com\/site\/wp-json\/wp\/v2\/types\/post"}],"author":[{"embeddable":true,"href":"https:\/\/radioiep.com\/site\/wp-json\/wp\/v2\/users\/3"}],"replies":[{"embeddable":true,"href":"https:\/\/radioiep.com\/site\/wp-json\/wp\/v2\/comments?post=521"}],"version-history":[{"count":0,"href":"https:\/\/radioiep.com\/site\/wp-json\/wp\/v2\/posts\/521\/revisions"}],"wp:featuredmedia":[{"embeddable":true,"href":"https:\/\/radioiep.com\/site\/wp-json\/wp\/v2\/media\/526"}],"wp:attachment":[{"href":"https:\/\/radioiep.com\/site\/wp-json\/wp\/v2\/media?parent=521"}],"wp:term":[{"taxonomy":"category","embeddable":true,"href":"https:\/\/radioiep.com\/site\/wp-json\/wp\/v2\/categories?post=521"},{"taxonomy":"post_tag","embeddable":true,"href":"https:\/\/radioiep.com\/site\/wp-json\/wp\/v2\/tags?post=521"}],"curies":[{"name":"wp","href":"https:\/\/api.w.org\/{rel}","templated":true}]}}