{"id":501,"date":"2025-06-17T01:06:57","date_gmt":"2025-06-17T01:06:57","guid":{"rendered":"http:\/\/radioiep.com\/?p=501"},"modified":"2025-06-17T01:06:57","modified_gmt":"2025-06-17T01:06:57","slug":"conheca-o-jovem-angolano-que-vem-revolucionando-o-mundo-dos-eventos","status":"publish","type":"post","link":"https:\/\/radioiep.com\/site\/conheca-o-jovem-angolano-que-vem-revolucionando-o-mundo-dos-eventos\/","title":{"rendered":"CONHE\u00c7A O JOVEM ANGOLANO QUE VEM REVOLUCIONANDO O MUNDO DOS EVENTOS!"},"content":{"rendered":"<p>Nascido em Luanda na capital de Angola, o jovem artista SALVADOR VIDAL, tem chamado a aten\u00e7\u00e3o dos holofotes ao redor do mundo com seus eventos grandiosos.<\/p>\n<p>O garoto de apenas 22 anos tem mostrado seu talento como produtor, criando eventos VIPS pra um p\u00fablico cada vez maior.<\/p>\n<p>VIDAL revela que esse amor pelas noites come\u00e7ou quando ele tinha apenas 17 anos, \u201cSEMPRE SONHEI EM SER RECONHECIDO PELO MEU TRABALHO\u201d.<\/p>\n<p>\u201cComecei como se minha vida toda dependesse disso, n\u00e3o queria viver apenas um sonho, ent\u00e3o comecei a trabalhar e me dedicar ao m\u00e1ximo para que os resultados viessem na mesma propor\u00e7\u00e3o.<\/p>\n<p>Agora sei que valeu apena e a cada dia tenho mais amor pelo que fa\u00e7o, ainda quero conquistar muitas coisas, e mostrar para as pessoas que mesmo em meio as limita\u00e7\u00f5es podemos evoluir, e conquistar tudo aquilo que um dia sonhamos.\u201d<\/p>\n<p>VIDAL afirma que sempre foi muito confiante e isso fez toda diferen\u00e7a no in\u00edcio da sua carreira, \u2018fa\u00e7o os maiores eventos, e me encarrego de que todos se divirtam ao m\u00e1ximo&#8217;.<\/p>\n<p>VIDAL deixa claro o desejo de levar seus eventos pra outros Pa\u00edses, e contagiar o mundo todo.<\/p>\n<p>Com eventos sempre de grande porte, conta com a presen\u00e7a de grandes artistas e tem sempre a lota\u00e7\u00e3o m\u00e1xima.<\/p>\n<p>Em um papo reto com nossa equipe, revela planos futuros e nos encanta com tanto carisma.<\/p>\n<p>&nbsp;<\/p>\n<p><strong>RWIP: QUANDO VOC\u00ca PERCEBEU QUE NASCEU PROS PALCOS?<\/strong><\/p>\n<p>&#8216;No princ\u00edpio comecei a trabalhar como protocolo de alguns eventos que outros produtores faziam na altura, e depois de algum tempo eles pararam de fazer eventos e eu tamb\u00e9m fiquei um tempo fora, mais depois percebi que eu era bom em fazer festas. A\u00ed passei de protocolo para promotor. Foi um trabalho \u00e1rduo durante alguns anos e depois percebi que podia ser um promotor de sucesso.<\/p>\n<p><strong>RWIP: QUAL \u00c9 O SEU MAIOR DESAFIO NO MOMENTO?<\/strong><\/p>\n<p><strong>&#8216;<\/strong>Eu n\u00e3o chamo de desafio e sim de maior compromisso, que tem sido agradar meu p\u00fablico ao m\u00e1ximo e manter minha equipe unida e motivada, eu tenho uma equipe muito competente e comprometida com o nosso trabalho esse sucesso \u00e9 nosso n\u00e3o apenas meu&#8217;.<\/p>\n<p><strong>RWIP: COMO VOC\u00ca TEM INFLUENCIADO OS JOVENS COM SEU TRABALHO?<\/strong><\/p>\n<p><strong>&#8216;<\/strong>Tenho inspirado muitos jovens na minha gera\u00e7\u00e3o, principalmente no meu pa\u00eds, mostrando pra eles que tudo \u00e9 poss\u00edvel se for feito da forma correta, trabalhando arduamente e acreditando no seu potencial&#8217;.<\/p>\n<p><strong>RWIP: O QUE MUDOU NA SUA VIDA AO SE TORNAR PRODUTOR?<\/strong><\/p>\n<p>&#8216;Tudo Mah, na verdade os eventos passaram a ser minha vida, o motivo pelo qual eu acordo todos os dia, a minha maior motiva\u00e7\u00e3o, aqui no meu espa\u00e7o me sinto vivo, tenho uma equipe que se tornou minha fam\u00edlia e hoje compartilhamos momentos de inteira alegria e conquistas&#8217;.<\/p>\n<p><strong>RWIP: J\u00c1 ALCANSOU TUDO QUE QUERIA?<\/strong><\/p>\n<p>&#8216;Na verdade j\u00e1 conquistei coisas grandiosas, mais quero muito mais, tenho como meta levar meus eventos pro mundo todo, carregar comigo o nome do meu pa\u00eds, a for\u00e7a do meu povo e saber que posso ser respons\u00e1vel por mudar indiretamente a vida de milhares de jovens que se inspiram em mim, sou grato a DEUS por isso&#8217;.<\/p>\n<p><strong>RWIP:\u00a0 SALVADOR VIDAL POR ELE MESMO?<\/strong><\/p>\n<p>&#8216;Falando o pouco de mim, sou um jovem determinado e super destemido, curto a beleza interior, gosto de ess\u00eancia, de pessoas de valor, pois prezo por meus valores, a maior beleza de um homem \u00e9 seu car\u00e1ter. Acredito em sonhos e n\u00e3o tenho medo de sonhar alto, por\u00e9m gosto mesmo \u00e9 do brilho do sol nascendo e me dizendo levanta e vai realizar tudo que sonhou durante a noite. Estou vivendo intensamente, se eu cair eu levanto, e continuo minha jornada. Gosto de correr atr\u00e1s de coisas imposs\u00edveis, adoro superar dificuldades pois elas me fortificam. O meu desejo maior \u00e9 conquistar o mundo&#8217;.<\/p>\n<p><strong>RWIP: O QUE QUER DEIXAR COMO CONSIDERA\u00c7\u00d5ES FINAIS?<\/strong><\/p>\n<p><strong>&#8216;<\/strong>Quero deixar meus agradecimentos \u00e0 equipe da <strong>RWIP<\/strong> pelo convite e por acreditarem no meu trabalho, mandar um abra\u00e7o pra todo o povo de Angola, e toda minha fam\u00edlia. Dizer aos jovens que n\u00f3s somos o futuro do mundo e precisamos acreditar nisso, despertando do mundo dos sonhos e realizando cada um deles, e que eles tenham certeza que desistir nunca foi uma op\u00e7\u00e3o&#8230;<\/p>\n<p>Dizer a minha equipe que ela \u00e9 a melhor e esse sucesso \u00e9 nosso e o mundo tamb\u00e9m.<\/p>\n<p>&#8216;FICO POR AQUI TRABALHANDO E CONSTRUINDO MEU LEGADO, MANTENDO MEUS P\u00c9S NO CH\u00c3O E MEU CORA\u00c7\u00c3O NO MUNDO&#8217;<\/p>\n<p><strong>&#8216;CADA SONHO QUE VOC\u00ca DEIXA PRA TR\u00c1S, \u00c9 UM PEDA\u00c7O DO SEU FULTURO QUE DEIXA DE EXISTIR&#8217; STEVE JOBS.<img fetchpriority=\"high\" decoding=\"async\" class=\"alignnone size-full wp-image-504\" src=\"http:\/\/radioiep.com\/wp-content\/uploads\/2020\/12\/WhatsApp-Image-2020-12-02-at-18.34.09.jpeg\" alt=\"\" width=\"720\" height=\"812\" srcset=\"https:\/\/radioiep.com\/site\/wp-content\/uploads\/2020\/12\/WhatsApp-Image-2020-12-02-at-18.34.09.jpeg 720w, https:\/\/radioiep.com\/site\/wp-content\/uploads\/2020\/12\/WhatsApp-Image-2020-12-02-at-18.34.09-266x300.jpeg 266w\" sizes=\"(max-width: 720px) 100vw, 720px\" \/><\/strong><\/p>\n<p><img decoding=\"async\" class=\"alignnone size-full wp-image-505\" src=\"http:\/\/radioiep.com\/wp-content\/uploads\/2020\/12\/WhatsApp-Image-2020-12-02-at-18.33.57.jpeg\" alt=\"\" width=\"720\" height=\"836\" srcset=\"https:\/\/radioiep.com\/site\/wp-content\/uploads\/2020\/12\/WhatsApp-Image-2020-12-02-at-18.33.57.jpeg 720w, https:\/\/radioiep.com\/site\/wp-content\/uploads\/2020\/12\/WhatsApp-Image-2020-12-02-at-18.33.57-258x300.jpeg 258w\" sizes=\"(max-width: 720px) 100vw, 720px\" \/><\/p>\n<p><img decoding=\"async\" class=\"alignnone size-full wp-image-506\" src=\"http:\/\/radioiep.com\/wp-content\/uploads\/2020\/12\/WhatsApp-Image-2020-12-02-at-10.09.59-1.jpeg\" alt=\"\" width=\"828\" height=\"540\" srcset=\"https:\/\/radioiep.com\/site\/wp-content\/uploads\/2020\/12\/WhatsApp-Image-2020-12-02-at-10.09.59-1.jpeg 828w, https:\/\/radioiep.com\/site\/wp-content\/uploads\/2020\/12\/WhatsApp-Image-2020-12-02-at-10.09.59-1-300x196.jpeg 300w, https:\/\/radioiep.com\/site\/wp-content\/uploads\/2020\/12\/WhatsApp-Image-2020-12-02-at-10.09.59-1-768x501.jpeg 768w\" sizes=\"(max-width: 828px) 100vw, 828px\" \/> <img loading=\"lazy\" decoding=\"async\" class=\"alignnone size-large wp-image-507\" src=\"http:\/\/radioiep.com\/wp-content\/uploads\/2020\/12\/WhatsApp-Image-2020-12-02-at-10.09.59-2.jpeg\" alt=\"\" width=\"696\" height=\"443\" srcset=\"https:\/\/radioiep.com\/site\/wp-content\/uploads\/2020\/12\/WhatsApp-Image-2020-12-02-at-10.09.59-2.jpeg 828w, https:\/\/radioiep.com\/site\/wp-content\/uploads\/2020\/12\/WhatsApp-Image-2020-12-02-at-10.09.59-2-300x191.jpeg 300w, https:\/\/radioiep.com\/site\/wp-content\/uploads\/2020\/12\/WhatsApp-Image-2020-12-02-at-10.09.59-2-768x489.jpeg 768w\" sizes=\"(max-width: 696px) 100vw, 696px\" \/> <img loading=\"lazy\" decoding=\"async\" class=\"alignnone size-large wp-image-508\" src=\"http:\/\/radioiep.com\/wp-content\/uploads\/2020\/12\/WhatsApp-Image-2020-12-02-at-10.09.59-3.jpeg\" alt=\"\" width=\"696\" height=\"488\" srcset=\"https:\/\/radioiep.com\/site\/wp-content\/uploads\/2020\/12\/WhatsApp-Image-2020-12-02-at-10.09.59-3.jpeg 828w, https:\/\/radioiep.com\/site\/wp-content\/uploads\/2020\/12\/WhatsApp-Image-2020-12-02-at-10.09.59-3-300x211.jpeg 300w, https:\/\/radioiep.com\/site\/wp-content\/uploads\/2020\/12\/WhatsApp-Image-2020-12-02-at-10.09.59-3-768x539.jpeg 768w\" sizes=\"(max-width: 696px) 100vw, 696px\" \/> <img loading=\"lazy\" decoding=\"async\" class=\"alignnone size-large wp-image-510\" src=\"http:\/\/radioiep.com\/wp-content\/uploads\/2020\/12\/WhatsApp-Image-2020-12-02-at-10.09.59-5.jpeg\" alt=\"\" width=\"664\" height=\"665\" srcset=\"https:\/\/radioiep.com\/site\/wp-content\/uploads\/2020\/12\/WhatsApp-Image-2020-12-02-at-10.09.59-5.jpeg 664w, https:\/\/radioiep.com\/site\/wp-content\/uploads\/2020\/12\/WhatsApp-Image-2020-12-02-at-10.09.59-5-300x300.jpeg 300w, https:\/\/radioiep.com\/site\/wp-content\/uploads\/2020\/12\/WhatsApp-Image-2020-12-02-at-10.09.59-5-150x150.jpeg 150w\" sizes=\"(max-width: 664px) 100vw, 664px\" \/> <img loading=\"lazy\" decoding=\"async\" class=\"alignnone size-large wp-image-511\" src=\"http:\/\/radioiep.com\/wp-content\/uploads\/2020\/12\/WhatsApp-Image-2020-12-02-at-10.09.59.jpeg\" alt=\"\" width=\"696\" height=\"696\" srcset=\"https:\/\/radioiep.com\/site\/wp-content\/uploads\/2020\/12\/WhatsApp-Image-2020-12-02-at-10.09.59.jpeg 720w, https:\/\/radioiep.com\/site\/wp-content\/uploads\/2020\/12\/WhatsApp-Image-2020-12-02-at-10.09.59-300x300.jpeg 300w, https:\/\/radioiep.com\/site\/wp-content\/uploads\/2020\/12\/WhatsApp-Image-2020-12-02-at-10.09.59-150x150.jpeg 150w\" sizes=\"(max-width: 696px) 100vw, 696px\" \/><\/p>\n<p>POR: <strong>MAH SILVA<\/strong><\/p>\n<p><strong>Colaboradora da r\u00e1dio internacional em Portugu\u00eas.<\/strong><\/p>\n<p><strong>A r\u00e1dio que fala a l\u00edngua dos povos.<\/strong><\/p>\n<p>&nbsp;<\/p>\n<p id=\"rop\"><small>Originally posted 2020-12-02 19:22:15. <\/small><\/p>","protected":false},"excerpt":{"rendered":"<p>Nascido em Luanda na capital de Angola, o jovem artista SALVADOR VIDAL, tem chamado a aten\u00e7\u00e3o dos holofotes ao redor do mundo com seus eventos grandiosos. O garoto de apenas 22 anos tem mostrado seu talento como produtor, criando eventos VIPS pra um p\u00fablico cada vez maior. VIDAL revela que esse amor pelas noites come\u00e7ou [&hellip;]<\/p>\n","protected":false},"author":3,"featured_media":515,"comment_status":"open","ping_status":"open","sticky":false,"template":"","format":"standard","meta":{"footnotes":""},"categories":[9],"tags":[],"class_list":["post-501","post","type-post","status-publish","format-standard","has-post-thumbnail","hentry","category-artigos"],"_links":{"self":[{"href":"https:\/\/radioiep.com\/site\/wp-json\/wp\/v2\/posts\/501","targetHints":{"allow":["GET"]}}],"collection":[{"href":"https:\/\/radioiep.com\/site\/wp-json\/wp\/v2\/posts"}],"about":[{"href":"https:\/\/radioiep.com\/site\/wp-json\/wp\/v2\/types\/post"}],"author":[{"embeddable":true,"href":"https:\/\/radioiep.com\/site\/wp-json\/wp\/v2\/users\/3"}],"replies":[{"embeddable":true,"href":"https:\/\/radioiep.com\/site\/wp-json\/wp\/v2\/comments?post=501"}],"version-history":[{"count":0,"href":"https:\/\/radioiep.com\/site\/wp-json\/wp\/v2\/posts\/501\/revisions"}],"wp:featuredmedia":[{"embeddable":true,"href":"https:\/\/radioiep.com\/site\/wp-json\/wp\/v2\/media\/515"}],"wp:attachment":[{"href":"https:\/\/radioiep.com\/site\/wp-json\/wp\/v2\/media?parent=501"}],"wp:term":[{"taxonomy":"category","embeddable":true,"href":"https:\/\/radioiep.com\/site\/wp-json\/wp\/v2\/categories?post=501"},{"taxonomy":"post_tag","embeddable":true,"href":"https:\/\/radioiep.com\/site\/wp-json\/wp\/v2\/tags?post=501"}],"curies":[{"name":"wp","href":"https:\/\/api.w.org\/{rel}","templated":true}]}}