{"id":498,"date":"2025-06-17T01:06:56","date_gmt":"2025-06-17T01:06:56","guid":{"rendered":"http:\/\/radioiep.com\/?p=498"},"modified":"2025-06-17T01:06:56","modified_gmt":"2025-06-17T01:06:56","slug":"a-arte-de-amanda-medeiros","status":"publish","type":"post","link":"https:\/\/radioiep.com\/site\/a-arte-de-amanda-medeiros\/","title":{"rendered":"A ARTE DE AMANDA MEDEIROS"},"content":{"rendered":"<p>Vai ser o tema de conversa com a artista nesta sexta-feira, 4 de dezembro, \u00e0s 18 horas de Bras\u00edlia, na nossa p\u00e1gina no instagram. Acompanhe a conversa agrad\u00e1vel com essa artista talentosa que vai ser entrevistada pelo escritor angolano, Lucas Cassule, nosso colaborador e habilite-se a ganhar uma tela \u00e0 sua escolha, desenhada por ela.<\/p>\n<p>Sigam a nossa p\u00e1gina no instragram @radiowip e saibam mais sobre o direto e as regras do sorteio.<\/p>\n<p><img fetchpriority=\"high\" decoding=\"async\" class=\"alignnone size-large wp-image-499\" src=\"http:\/\/radioiep.com\/wp-content\/uploads\/2020\/12\/live-amanda-1024x1024.jpg\" alt=\"\" width=\"696\" height=\"696\" srcset=\"https:\/\/radioiep.com\/site\/wp-content\/uploads\/2020\/12\/live-amanda-1024x1024.jpg 1024w, https:\/\/radioiep.com\/site\/wp-content\/uploads\/2020\/12\/live-amanda-300x300.jpg 300w, https:\/\/radioiep.com\/site\/wp-content\/uploads\/2020\/12\/live-amanda-150x150.jpg 150w, https:\/\/radioiep.com\/site\/wp-content\/uploads\/2020\/12\/live-amanda-768x768.jpg 768w, https:\/\/radioiep.com\/site\/wp-content\/uploads\/2020\/12\/live-amanda.jpg 1080w\" sizes=\"(max-width: 696px) 100vw, 696px\" \/><\/p>\n<p>Boa sorte a todos ????<br \/>\nPela r\u00e1dio internacional em portugu\u00eas, a r\u00e1dio que fala a l\u00edngua dos povos<\/p>\n<p id=\"rop\"><small>Originally posted 2020-12-02 05:22:48. <\/small><\/p>","protected":false},"excerpt":{"rendered":"<p>Vai ser o tema de conversa com a artista nesta sexta-feira, 4 de dezembro, \u00e0s 18 horas de Bras\u00edlia, na nossa p\u00e1gina no instagram. Acompanhe a conversa agrad\u00e1vel com essa artista talentosa que vai ser entrevistada pelo escritor angolano, Lucas Cassule, nosso colaborador e habilite-se a ganhar uma tela \u00e0 sua escolha, desenhada por ela. [&hellip;]<\/p>\n","protected":false},"author":3,"featured_media":499,"comment_status":"open","ping_status":"open","sticky":false,"template":"","format":"standard","meta":{"footnotes":""},"categories":[10,13],"tags":[16,42,29,45],"class_list":["post-498","post","type-post","status-publish","format-standard","has-post-thumbnail","hentry","category-arte","category-cultura","tag-angola","tag-artes-plasticas","tag-brasil","tag-live"],"_links":{"self":[{"href":"https:\/\/radioiep.com\/site\/wp-json\/wp\/v2\/posts\/498","targetHints":{"allow":["GET"]}}],"collection":[{"href":"https:\/\/radioiep.com\/site\/wp-json\/wp\/v2\/posts"}],"about":[{"href":"https:\/\/radioiep.com\/site\/wp-json\/wp\/v2\/types\/post"}],"author":[{"embeddable":true,"href":"https:\/\/radioiep.com\/site\/wp-json\/wp\/v2\/users\/3"}],"replies":[{"embeddable":true,"href":"https:\/\/radioiep.com\/site\/wp-json\/wp\/v2\/comments?post=498"}],"version-history":[{"count":0,"href":"https:\/\/radioiep.com\/site\/wp-json\/wp\/v2\/posts\/498\/revisions"}],"wp:featuredmedia":[{"embeddable":true,"href":"https:\/\/radioiep.com\/site\/wp-json\/wp\/v2\/media\/499"}],"wp:attachment":[{"href":"https:\/\/radioiep.com\/site\/wp-json\/wp\/v2\/media?parent=498"}],"wp:term":[{"taxonomy":"category","embeddable":true,"href":"https:\/\/radioiep.com\/site\/wp-json\/wp\/v2\/categories?post=498"},{"taxonomy":"post_tag","embeddable":true,"href":"https:\/\/radioiep.com\/site\/wp-json\/wp\/v2\/tags?post=498"}],"curies":[{"name":"wp","href":"https:\/\/api.w.org\/{rel}","templated":true}]}}