{"id":487,"date":"2025-06-17T01:06:55","date_gmt":"2025-06-17T01:06:55","guid":{"rendered":"http:\/\/radioiep.com\/?p=487"},"modified":"2025-06-17T01:06:55","modified_gmt":"2025-06-17T01:06:55","slug":"o-maior-evento-do-artesanato-nacional-em-um-so-lugar","status":"publish","type":"post","link":"https:\/\/radioiep.com\/site\/o-maior-evento-do-artesanato-nacional-em-um-so-lugar\/","title":{"rendered":"O MAIOR EVENTO DO ARTESANATO NACIONAL EM UM S\u00d3 LUGAR"},"content":{"rendered":"<p><strong>31\u00aa FEIRA NACIONAL DE ARTESANATO, EDIC\u00c3O 2020<\/strong><\/p>\n<p>Num pa\u00eds em que se vive e respira a arte e a cultura, por suas v\u00e1rias faces reveladoras, n\u00e3o podemos deixar de destacar o papel, a for\u00e7a e a contribui\u00e7\u00e3o do artesanato brasileiro, que fomenta tradi\u00e7\u00f5es locais e nacionais. Pelas m\u00e3os artes\u00e3s, os sonhos e inspira\u00e7\u00f5es se tornam realidades e transformam vidas. Este saber merece nosso valor. Em Belo Horizonte, Minas Gerais, esta semana, de 1\u00ba a 6 de dezembro, acontece a 31\u00aa Feira Nacional de Artesanato.<\/p>\n<p>Contando com todas as medidas de seguran\u00e7a, devido a pandemia do corona v\u00edrus, este \u00e9 o primeiro evento de grande porte, a ser realizado dentro dos crit\u00e9rios de flexibiliza\u00e7\u00f5es e normas estabelecidas pelos \u00f3rg\u00e3os governamentais e da sa\u00fade. Neste ano, conta com uma grande novidade, a Feria Virtual, uma forma de nos aproximarmos ainda mais com a arte inclusiva e acess\u00edvel \u00e0 todos por v\u00e1rio meios, que ficar\u00e1 dispon\u00edvel por 12 meses, tendo a possibilidade de contato direto com o Artes\u00e3o, por meio de uma plataforma exclusiva, segundo a assessoria de imprensa do evento.<\/p>\n<p>Por meio das tecnologias digitais, ferramentas da internet, os f\u00e3s de artesanato poder\u00e3o apreciar os produtos expostos em cada stand de onde estiverem, com a sensa\u00e7\u00e3o de estarem no local. Com cobertura panor\u00e2mica e imagens com vis\u00e3o 360\u00ba e real. Sem perder a tradi\u00e7\u00e3o, a Feira ir\u00e1 oferecer espa\u00e7os para a divulga\u00e7\u00e3o de projetos sociais, uma grande oportunidade para institutos, ONGs.<\/p>\n<p>\u201cO Artesanato \u00e9 respons\u00e1vel por, aproximadamente, 3% do Produto Interno Bruto (PIB), movimentando, em n\u00fameros aproximados, R$ 100 milh\u00f5es, em Minas Gerais o faturamento anual gira em tonos de R$ 6 bilh\u00f5es\u201d. E neste ano a feira conta com 2 mil expositores, divididos em 400 stands.\u00a0 Al\u00e9m de ser uma arte, gera economia, para munic\u00edpios, estado, pa\u00eds, e renda para fam\u00edlias artes\u00e3s.<\/p>\n<p>Para terem acesso ao evento no local, menores de 12 anos e maiores de 60 anos n\u00e3o pagam, os demais poder\u00e3o adquirir seus ingressos pelo site do Sympla, com pre\u00e7os acess\u00edveis, de R$10,00 \u00e0 R$50,00, por\u00e9m com capacidade limitada, devido \u00e0s restri\u00e7\u00f5es atuais de aglomera\u00e7\u00f5es provocadas pelo Covid-19, onde devemos priorizar e zelar pela vida e seguran\u00e7a dos visitantes. Ser\u00e1 realizada no Expominas, na Capital Mineira, Belo Horizonte, seguindo os protocolos sanit\u00e1rios de seguran\u00e7a \u00e0 sa\u00fade dos envolvidos no projeto e visitantes.<\/p>\n<p>A Feita Nacional de Artesanato \u00e9 uma realiza\u00e7\u00e3o do, Centro de Capacita\u00e7\u00e3o e Apoio ao Pequeno Empreendedor &#8211; Centro CAPE. O maior fomento ao artesanato brasileiro, considerado o maior evento do g\u00eanero da Am\u00e9rica Latina, \u201cvalorizando hist\u00f3rias de dedica\u00e7\u00e3o e luta de centenas de artistas que buscam manter viva culturas tradicionais de Minas e do pa\u00eds\u201d.<\/p>\n<p>&nbsp;<\/p>\n<p><img fetchpriority=\"high\" decoding=\"async\" class=\"alignnone size-large wp-image-488\" src=\"http:\/\/radioiep.com\/wp-content\/uploads\/2020\/11\/01-3-1024x682.jpg\" alt=\"\" width=\"696\" height=\"464\" srcset=\"https:\/\/radioiep.com\/site\/wp-content\/uploads\/2020\/11\/01-3-1024x682.jpg 1024w, https:\/\/radioiep.com\/site\/wp-content\/uploads\/2020\/11\/01-3-300x200.jpg 300w, https:\/\/radioiep.com\/site\/wp-content\/uploads\/2020\/11\/01-3-768x512.jpg 768w, https:\/\/radioiep.com\/site\/wp-content\/uploads\/2020\/11\/01-3.jpg 1280w\" sizes=\"(max-width: 696px) 100vw, 696px\" \/> <img decoding=\"async\" class=\"alignnone size-large wp-image-489\" src=\"http:\/\/radioiep.com\/wp-content\/uploads\/2020\/11\/02-2-1024x682.jpg\" alt=\"\" width=\"696\" height=\"464\" srcset=\"https:\/\/radioiep.com\/site\/wp-content\/uploads\/2020\/11\/02-2-1024x682.jpg 1024w, https:\/\/radioiep.com\/site\/wp-content\/uploads\/2020\/11\/02-2-300x200.jpg 300w, https:\/\/radioiep.com\/site\/wp-content\/uploads\/2020\/11\/02-2-768x512.jpg 768w, https:\/\/radioiep.com\/site\/wp-content\/uploads\/2020\/11\/02-2.jpg 1280w\" sizes=\"(max-width: 696px) 100vw, 696px\" \/> <img decoding=\"async\" class=\"alignnone size-large wp-image-490\" src=\"http:\/\/radioiep.com\/wp-content\/uploads\/2020\/11\/03-1-682x1024.jpg\" alt=\"\" width=\"682\" height=\"1024\" srcset=\"https:\/\/radioiep.com\/site\/wp-content\/uploads\/2020\/11\/03-1-682x1024.jpg 682w, https:\/\/radioiep.com\/site\/wp-content\/uploads\/2020\/11\/03-1-200x300.jpg 200w, https:\/\/radioiep.com\/site\/wp-content\/uploads\/2020\/11\/03-1-768x1152.jpg 768w, https:\/\/radioiep.com\/site\/wp-content\/uploads\/2020\/11\/03-1.jpg 853w\" sizes=\"(max-width: 682px) 100vw, 682px\" \/> <img loading=\"lazy\" decoding=\"async\" class=\"alignnone size-large wp-image-491\" src=\"http:\/\/radioiep.com\/wp-content\/uploads\/2020\/11\/fotoTania-1024x576.jpeg\" alt=\"\" width=\"696\" height=\"392\" srcset=\"https:\/\/radioiep.com\/site\/wp-content\/uploads\/2020\/11\/fotoTania-1024x576.jpeg 1024w, https:\/\/radioiep.com\/site\/wp-content\/uploads\/2020\/11\/fotoTania-300x169.jpeg 300w, https:\/\/radioiep.com\/site\/wp-content\/uploads\/2020\/11\/fotoTania-768x432.jpeg 768w, https:\/\/radioiep.com\/site\/wp-content\/uploads\/2020\/11\/fotoTania.jpeg 1280w\" sizes=\"(max-width: 696px) 100vw, 696px\" \/><\/p>\n<p>T\u00e2nia Machado, idealizadora e organizadora da Feira Nacional de Artesanato<\/p>\n<p>Fonte: <a href=\"http:\/\/www.feiranacionaldeartesanato.com.br\">www.feiranacionaldeartesanato.com.br<\/a><\/p>\n<p>Fotos: Glaucemara Castro\/BS Fotografias<\/p>\n<p>&nbsp;<\/p>\n<p>Luiz Nascimento<\/p>\n<p>Pela R\u00e1dio Web Internacional em Portugu\u00eas, a r\u00e1dio que fala a L\u00edngua dos Povos<\/p>\n<p>&nbsp;<\/p>\n<p id=\"rop\"><small>Originally posted 2020-11-30 20:20:19. <\/small><\/p>","protected":false},"excerpt":{"rendered":"<p>31\u00aa FEIRA NACIONAL DE ARTESANATO, EDIC\u00c3O 2020 Num pa\u00eds em que se vive e respira a arte e a cultura, por suas v\u00e1rias faces reveladoras, n\u00e3o podemos deixar de destacar o papel, a for\u00e7a e a contribui\u00e7\u00e3o do artesanato brasileiro, que fomenta tradi\u00e7\u00f5es locais e nacionais. Pelas m\u00e3os artes\u00e3s, os sonhos e inspira\u00e7\u00f5es se tornam [&hellip;]<\/p>\n","protected":false},"author":4,"featured_media":490,"comment_status":"open","ping_status":"open","sticky":false,"template":"","format":"standard","meta":{"footnotes":""},"categories":[25,13],"tags":[44,29],"class_list":["post-487","post","type-post","status-publish","format-standard","has-post-thumbnail","hentry","category-atividades","category-cultura","tag-artesanato","tag-brasil"],"_links":{"self":[{"href":"https:\/\/radioiep.com\/site\/wp-json\/wp\/v2\/posts\/487","targetHints":{"allow":["GET"]}}],"collection":[{"href":"https:\/\/radioiep.com\/site\/wp-json\/wp\/v2\/posts"}],"about":[{"href":"https:\/\/radioiep.com\/site\/wp-json\/wp\/v2\/types\/post"}],"author":[{"embeddable":true,"href":"https:\/\/radioiep.com\/site\/wp-json\/wp\/v2\/users\/4"}],"replies":[{"embeddable":true,"href":"https:\/\/radioiep.com\/site\/wp-json\/wp\/v2\/comments?post=487"}],"version-history":[{"count":0,"href":"https:\/\/radioiep.com\/site\/wp-json\/wp\/v2\/posts\/487\/revisions"}],"wp:featuredmedia":[{"embeddable":true,"href":"https:\/\/radioiep.com\/site\/wp-json\/wp\/v2\/media\/490"}],"wp:attachment":[{"href":"https:\/\/radioiep.com\/site\/wp-json\/wp\/v2\/media?parent=487"}],"wp:term":[{"taxonomy":"category","embeddable":true,"href":"https:\/\/radioiep.com\/site\/wp-json\/wp\/v2\/categories?post=487"},{"taxonomy":"post_tag","embeddable":true,"href":"https:\/\/radioiep.com\/site\/wp-json\/wp\/v2\/tags?post=487"}],"curies":[{"name":"wp","href":"https:\/\/api.w.org\/{rel}","templated":true}]}}