{"id":470,"date":"2025-06-17T01:06:54","date_gmt":"2025-06-17T01:06:54","guid":{"rendered":"http:\/\/radioiep.com\/?p=470"},"modified":"2025-06-17T01:06:54","modified_gmt":"2025-06-17T01:06:54","slug":"artista-paraibana-chama-atencao-do-mundo-com-sua-arte","status":"publish","type":"post","link":"https:\/\/radioiep.com\/site\/artista-paraibana-chama-atencao-do-mundo-com-sua-arte\/","title":{"rendered":"ARTISTA PARAIBANA\u00a0 CHAMA ATEN\u00c7\u00c3O DO MUNDO COM SUA ARTE"},"content":{"rendered":"<p>Nascida no interior da Para\u00edba na cidade de Malta, a artista brasileira, Amanda de Medeiros Nascimento, tem despertado os olhares ao redor do mundo atrav\u00e9s de suas pinturas.<\/p>\n<p>A jovem de apenas 20 anos, conta que sua paix\u00e3o pela arte foi desperta aos nove anos de idade. &#8220;Percebi que podia gritar para o mundo o que sentia sem dizer sequer uma palavra\u201d.<\/p>\n<p>A artista diz ser autodidata. \u201cAprendi tudo sozinha, hoje em dia a arte \u00e9 meu trabalho, o que eu amo fazer e me identifico&#8221;.<\/p>\n<p>A jovem Amanda menciona planos futuros e afirma o desejo de se mudar para o continente Europeu\u00a0 e assim poder viver da arte.<\/p>\n<p>Em um bate papo descontra\u00eddo, demonstrando que gosta realmente de dedicar ao mundo da arte, Amanda respondeu algumas perguntas a nossa equipe.<\/p>\n<p><strong>RWIP: Como voc\u00ea define sua arte?<\/strong><\/p>\n<p>&#8220;Nesse exato momento eu a defino como \u201ccontempor\u00e2nea digital\u201d . Estou inserida nesse contexto tecnol\u00f3gico que o mundo esta envolto. N\u00e3o tenho como me enquadrar em um \u00fanico estilo, flutuo em todos, partindo do surrealismo ao abstrato, figurativo e ao retrato de pessoas.&#8221;<\/p>\n<p><strong>RWIP: Voc\u00ea nos disse que desenha desde os 9 anos. Como nasceu essa paix\u00e3o?<\/strong><\/p>\n<p>&#8220;Como eu disse, era a forma que eu gritava para o mundo de boca fechada. Foi como um despertar de um sonho, de repente me vi desenhando de forma espont\u00e2nea. Descobri que podia desenhar por acaso. De l\u00e1 pra c\u00e1 nunca mais parei. Minha pintura \u00e9 meio emocional e intuitiva. Quando estou pintando coloco toda carga emocional e conhecimento adquirido nesses 11 anos dedicados ao trabalho com a arte.&#8221;<\/p>\n<p><strong>RWIP: Sabemos que cidades do interior e distantes das grandes\u00a0 Capitais dificilmente d\u00e3o visibilidade e muito menos oportunidade aos artistas. Como voc\u00ea se sente sendo artista e ao mesmo do interior.<\/strong><\/p>\n<p>&#8220;Sou artista por natureza, o mercado de artes no interior \u00e9 muito limitado. Falta muito para que tenhamos o reconhecimento do nosso trabalho e sermos valorizados. Meu desejo\u00a0 \u00e9 que mais pessoas tenham oportunidade e possam se expressar atrav\u00e9s da arte, que possamos tocar os cora\u00e7\u00f5es e as almas com nossas telas.&#8221;<\/p>\n<p><strong>RWIP: Sabemos que voc\u00ea \u00e9 muito jovem, mas gostar\u00edamos de saber qual seu desejo maior como artista, mulher e ser humano?<\/strong><\/p>\n<p>&#8220;Bom aos meus 20 anos, sendo 11 voltados a arte. Eu descobri atrav\u00e9s das cores que o mundo pode ser do jeito que queremos que ele seja. O que falta na verdade \u00e9 reciprocidade, \u00e9 doar sem esperar nada em troca, \u00e9 sorrir todas as manhas e agradecer os raios de sol que tocam nossa pele. O que falta \u00e9 olhar mais para o pr\u00f3ximo&#8230;&#8221;<\/p>\n<p>&#8220;Ent\u00e3o lhe digo que meu desejo \u00e9 viver da arte, fazer carreira na Europa e poder ter uma ONG onde eu possa ver fam\u00edlias sendo restauradas e edificadas atrav\u00e9s da arte. Poder levar igualdade em forma de arte. Amor atrav\u00e9s das cores e gratid\u00e3o atrav\u00e9s dos gestos.&#8221;<\/p>\n<p><strong>RWIP:\u00a0 Quais mensagens quer deixar como considera\u00e7\u00f5es finais?<\/strong><\/p>\n<p>&#8220;O mundo digital e principalmente as redes sociais me possibilitam uma vasta exposi\u00e7\u00e3o, atravessando assim barreiras antes inimagin\u00e1veis para uma jovem artista.<\/p>\n<p>Dizer aos jovens que acreditem em cada sonho que trazem em seus cora\u00e7\u00f5es, pois o primeiro passo para ter sucesso \u00e9 nunca desistir.<\/p>\n<p>Agradecer a minha m\u00e3e por sempre ter acreditado e me apoiado. Ser grata a Deus pela oportunidades que a vida me tr\u00e1s e agarrar cada uma delas como se minha vida dependesse delas.<\/p>\n<p>Agradecer a Radiowip pelo convite e parabeniz\u00e1-los pelo trabalho, desejando assim que tenham todo sucesso do mundo.<\/p>\n<p>E por aqui eu sigo desenhando e pintando minhas telas fazendo o que eu mais gosto.&#8221;<\/p>\n<p><img fetchpriority=\"high\" decoding=\"async\" class=\"alignnone size-large wp-image-471\" src=\"http:\/\/radioiep.com\/wp-content\/uploads\/2020\/11\/01-1-608x1024.jpg\" alt=\"\" width=\"608\" height=\"1024\" srcset=\"https:\/\/radioiep.com\/site\/wp-content\/uploads\/2020\/11\/01-1-608x1024.jpg 608w, https:\/\/radioiep.com\/site\/wp-content\/uploads\/2020\/11\/01-1-178x300.jpg 178w, https:\/\/radioiep.com\/site\/wp-content\/uploads\/2020\/11\/01-1.jpg 760w\" sizes=\"(max-width: 608px) 100vw, 608px\" \/> <img decoding=\"async\" class=\"alignnone size-large wp-image-472\" src=\"http:\/\/radioiep.com\/wp-content\/uploads\/2020\/11\/02-1-707x1024.jpg\" alt=\"\" width=\"696\" height=\"1008\" srcset=\"https:\/\/radioiep.com\/site\/wp-content\/uploads\/2020\/11\/02-1-707x1024.jpg 707w, https:\/\/radioiep.com\/site\/wp-content\/uploads\/2020\/11\/02-1-207x300.jpg 207w, https:\/\/radioiep.com\/site\/wp-content\/uploads\/2020\/11\/02-1-768x1112.jpg 768w, https:\/\/radioiep.com\/site\/wp-content\/uploads\/2020\/11\/02-1.jpg 882w\" sizes=\"(max-width: 696px) 100vw, 696px\" \/> <img decoding=\"async\" class=\"alignnone size-large wp-image-473\" src=\"http:\/\/radioiep.com\/wp-content\/uploads\/2020\/11\/03-850x1024.jpg\" alt=\"\" width=\"696\" height=\"838\" srcset=\"https:\/\/radioiep.com\/site\/wp-content\/uploads\/2020\/11\/03-850x1024.jpg 850w, https:\/\/radioiep.com\/site\/wp-content\/uploads\/2020\/11\/03-249x300.jpg 249w, https:\/\/radioiep.com\/site\/wp-content\/uploads\/2020\/11\/03-768x926.jpg 768w, https:\/\/radioiep.com\/site\/wp-content\/uploads\/2020\/11\/03.jpg 1062w\" sizes=\"(max-width: 696px) 100vw, 696px\" \/> <img loading=\"lazy\" decoding=\"async\" class=\"alignnone size-large wp-image-474\" src=\"http:\/\/radioiep.com\/wp-content\/uploads\/2020\/11\/04-1-715x1024.jpg\" alt=\"\" width=\"696\" height=\"997\" srcset=\"https:\/\/radioiep.com\/site\/wp-content\/uploads\/2020\/11\/04-1-715x1024.jpg 715w, https:\/\/radioiep.com\/site\/wp-content\/uploads\/2020\/11\/04-1-209x300.jpg 209w, https:\/\/radioiep.com\/site\/wp-content\/uploads\/2020\/11\/04-1-768x1100.jpg 768w, https:\/\/radioiep.com\/site\/wp-content\/uploads\/2020\/11\/04-1.jpg 842w\" sizes=\"(max-width: 696px) 100vw, 696px\" \/> <img loading=\"lazy\" decoding=\"async\" class=\"alignnone size-large wp-image-475\" src=\"http:\/\/radioiep.com\/wp-content\/uploads\/2020\/11\/05-718x1024.jpg\" alt=\"\" width=\"696\" height=\"993\" srcset=\"https:\/\/radioiep.com\/site\/wp-content\/uploads\/2020\/11\/05-718x1024.jpg 718w, https:\/\/radioiep.com\/site\/wp-content\/uploads\/2020\/11\/05-210x300.jpg 210w, https:\/\/radioiep.com\/site\/wp-content\/uploads\/2020\/11\/05-768x1095.jpg 768w, https:\/\/radioiep.com\/site\/wp-content\/uploads\/2020\/11\/05.jpg 898w\" sizes=\"(max-width: 696px) 100vw, 696px\" \/> <img loading=\"lazy\" decoding=\"async\" class=\"alignnone size-large wp-image-476\" src=\"http:\/\/radioiep.com\/wp-content\/uploads\/2020\/11\/06-1-811x1024.jpg\" alt=\"\" width=\"696\" height=\"879\" srcset=\"https:\/\/radioiep.com\/site\/wp-content\/uploads\/2020\/11\/06-1-811x1024.jpg 811w, https:\/\/radioiep.com\/site\/wp-content\/uploads\/2020\/11\/06-1-237x300.jpg 237w, https:\/\/radioiep.com\/site\/wp-content\/uploads\/2020\/11\/06-1-768x970.jpg 768w, https:\/\/radioiep.com\/site\/wp-content\/uploads\/2020\/11\/06-1.jpg 866w\" sizes=\"(max-width: 696px) 100vw, 696px\" \/> <img loading=\"lazy\" decoding=\"async\" class=\"alignnone size-large wp-image-477\" src=\"http:\/\/radioiep.com\/wp-content\/uploads\/2020\/11\/07-1-1024x741.jpg\" alt=\"\" width=\"696\" height=\"504\" srcset=\"https:\/\/radioiep.com\/site\/wp-content\/uploads\/2020\/11\/07-1-1024x741.jpg 1024w, https:\/\/radioiep.com\/site\/wp-content\/uploads\/2020\/11\/07-1-300x217.jpg 300w, https:\/\/radioiep.com\/site\/wp-content\/uploads\/2020\/11\/07-1-768x555.jpg 768w, https:\/\/radioiep.com\/site\/wp-content\/uploads\/2020\/11\/07-1.jpg 1207w\" sizes=\"(max-width: 696px) 100vw, 696px\" \/> <img loading=\"lazy\" decoding=\"async\" class=\"alignnone size-large wp-image-478\" src=\"http:\/\/radioiep.com\/wp-content\/uploads\/2020\/11\/08-1-799x1024.jpg\" alt=\"\" width=\"696\" height=\"892\" srcset=\"https:\/\/radioiep.com\/site\/wp-content\/uploads\/2020\/11\/08-1-799x1024.jpg 799w, https:\/\/radioiep.com\/site\/wp-content\/uploads\/2020\/11\/08-1-234x300.jpg 234w, https:\/\/radioiep.com\/site\/wp-content\/uploads\/2020\/11\/08-1-768x985.jpg 768w, https:\/\/radioiep.com\/site\/wp-content\/uploads\/2020\/11\/08-1.jpg 918w\" sizes=\"(max-width: 696px) 100vw, 696px\" \/> <img loading=\"lazy\" decoding=\"async\" class=\"alignnone size-large wp-image-479\" src=\"http:\/\/radioiep.com\/wp-content\/uploads\/2020\/11\/09-1-687x1024.jpg\" alt=\"\" width=\"687\" height=\"1024\" srcset=\"https:\/\/radioiep.com\/site\/wp-content\/uploads\/2020\/11\/09-1-687x1024.jpg 687w, https:\/\/radioiep.com\/site\/wp-content\/uploads\/2020\/11\/09-1-201x300.jpg 201w, https:\/\/radioiep.com\/site\/wp-content\/uploads\/2020\/11\/09-1-768x1145.jpg 768w, https:\/\/radioiep.com\/site\/wp-content\/uploads\/2020\/11\/09-1.jpg 817w\" sizes=\"(max-width: 687px) 100vw, 687px\" \/> <img loading=\"lazy\" decoding=\"async\" class=\"alignnone size-large wp-image-480\" src=\"http:\/\/radioiep.com\/wp-content\/uploads\/2020\/11\/10-1-718x1024.jpg\" alt=\"\" width=\"696\" height=\"993\" srcset=\"https:\/\/radioiep.com\/site\/wp-content\/uploads\/2020\/11\/10-1-718x1024.jpg 718w, https:\/\/radioiep.com\/site\/wp-content\/uploads\/2020\/11\/10-1-210x300.jpg 210w, https:\/\/radioiep.com\/site\/wp-content\/uploads\/2020\/11\/10-1-768x1096.jpg 768w, https:\/\/radioiep.com\/site\/wp-content\/uploads\/2020\/11\/10-1.jpg 897w\" sizes=\"(max-width: 696px) 100vw, 696px\" \/> <img loading=\"lazy\" decoding=\"async\" class=\"alignnone size-large wp-image-481\" src=\"http:\/\/radioiep.com\/wp-content\/uploads\/2020\/11\/11-1-834x1024.jpg\" alt=\"\" width=\"696\" height=\"855\" srcset=\"https:\/\/radioiep.com\/site\/wp-content\/uploads\/2020\/11\/11-1-834x1024.jpg 834w, https:\/\/radioiep.com\/site\/wp-content\/uploads\/2020\/11\/11-1-244x300.jpg 244w, https:\/\/radioiep.com\/site\/wp-content\/uploads\/2020\/11\/11-1-768x943.jpg 768w, https:\/\/radioiep.com\/site\/wp-content\/uploads\/2020\/11\/11-1.jpg 917w\" sizes=\"(max-width: 696px) 100vw, 696px\" \/> <img loading=\"lazy\" decoding=\"async\" class=\"alignnone size-large wp-image-482\" src=\"http:\/\/radioiep.com\/wp-content\/uploads\/2020\/11\/12-1-701x1024.jpg\" alt=\"\" width=\"696\" height=\"1017\" srcset=\"https:\/\/radioiep.com\/site\/wp-content\/uploads\/2020\/11\/12-1-701x1024.jpg 701w, https:\/\/radioiep.com\/site\/wp-content\/uploads\/2020\/11\/12-1-205x300.jpg 205w, https:\/\/radioiep.com\/site\/wp-content\/uploads\/2020\/11\/12-1-768x1122.jpg 768w, https:\/\/radioiep.com\/site\/wp-content\/uploads\/2020\/11\/12-1.jpg 876w\" sizes=\"(max-width: 696px) 100vw, 696px\" \/><\/p>\n<p>&nbsp;<\/p>\n<p>Por: Mah Silva<\/p>\n<p>Colaboradora da radio internacional em Portugu\u00eas<\/p>\n<p>A radio que fala a l\u00edngua dos povos.<\/p>\n<p id=\"rop\"><small>Originally posted 2020-11-28 15:04:58. <\/small><\/p>","protected":false},"excerpt":{"rendered":"<p>Nascida no interior da Para\u00edba na cidade de Malta, a artista brasileira, Amanda de Medeiros Nascimento, tem despertado os olhares ao redor do mundo atrav\u00e9s de suas pinturas. A jovem de apenas 20 anos, conta que sua paix\u00e3o pela arte foi desperta aos nove anos de idade. &#8220;Percebi que podia gritar para o mundo o [&hellip;]<\/p>\n","protected":false},"author":3,"featured_media":485,"comment_status":"open","ping_status":"open","sticky":false,"template":"","format":"standard","meta":{"footnotes":""},"categories":[9,13],"tags":[42,29,43],"class_list":["post-470","post","type-post","status-publish","format-standard","has-post-thumbnail","hentry","category-artigos","category-cultura","tag-artes-plasticas","tag-brasil","tag-paraiba"],"_links":{"self":[{"href":"https:\/\/radioiep.com\/site\/wp-json\/wp\/v2\/posts\/470","targetHints":{"allow":["GET"]}}],"collection":[{"href":"https:\/\/radioiep.com\/site\/wp-json\/wp\/v2\/posts"}],"about":[{"href":"https:\/\/radioiep.com\/site\/wp-json\/wp\/v2\/types\/post"}],"author":[{"embeddable":true,"href":"https:\/\/radioiep.com\/site\/wp-json\/wp\/v2\/users\/3"}],"replies":[{"embeddable":true,"href":"https:\/\/radioiep.com\/site\/wp-json\/wp\/v2\/comments?post=470"}],"version-history":[{"count":0,"href":"https:\/\/radioiep.com\/site\/wp-json\/wp\/v2\/posts\/470\/revisions"}],"wp:featuredmedia":[{"embeddable":true,"href":"https:\/\/radioiep.com\/site\/wp-json\/wp\/v2\/media\/485"}],"wp:attachment":[{"href":"https:\/\/radioiep.com\/site\/wp-json\/wp\/v2\/media?parent=470"}],"wp:term":[{"taxonomy":"category","embeddable":true,"href":"https:\/\/radioiep.com\/site\/wp-json\/wp\/v2\/categories?post=470"},{"taxonomy":"post_tag","embeddable":true,"href":"https:\/\/radioiep.com\/site\/wp-json\/wp\/v2\/tags?post=470"}],"curies":[{"name":"wp","href":"https:\/\/api.w.org\/{rel}","templated":true}]}}