{"id":447,"date":"2025-06-17T01:06:53","date_gmt":"2025-06-17T01:06:53","guid":{"rendered":"http:\/\/radioiep.com\/?p=447"},"modified":"2025-06-17T01:06:53","modified_gmt":"2025-06-17T01:06:53","slug":"slam-lunar-festa-de-palavras-acontece-neste-domingo","status":"publish","type":"post","link":"https:\/\/radioiep.com\/site\/slam-lunar-festa-de-palavras-acontece-neste-domingo\/","title":{"rendered":"SLAM LUNAR &#8211; FESTA DE PALAVRAS ACONTECE NESTE DOMINGO"},"content":{"rendered":"<p>Uma esp\u00e9cie de batalha po\u00e9tica, mas sem competi\u00e7\u00e3o, apenas celebra\u00e7\u00e3o a arte das palavras, ser\u00e1 realizada neste domingo (29 de Novembro), na Mediateca de Luanda, \u00e0s 15 horas. O evento contar\u00e1 com a participa\u00e7\u00e3o e realiza\u00e7\u00e3o da vencedora da \u201cMuhatu 2020\u201d, competi\u00e7\u00e3o de Spoken Word realizado anualmente em Angola. Ter\u00e1 na mesma atividade, a atua\u00e7\u00e3o de v\u00e1rios poetas, sobretudo jovens, haver\u00e1 momentos musicais e exibi\u00e7\u00e3o de uma pe\u00e7a teatral.<\/p>\n<p><img fetchpriority=\"high\" decoding=\"async\" class=\"alignnone size-full wp-image-448\" src=\"http:\/\/radioiep.com\/wp-content\/uploads\/2020\/11\/01.jpg\" alt=\"\" width=\"720\" height=\"720\" srcset=\"https:\/\/radioiep.com\/site\/wp-content\/uploads\/2020\/11\/01.jpg 720w, https:\/\/radioiep.com\/site\/wp-content\/uploads\/2020\/11\/01-300x300.jpg 300w, https:\/\/radioiep.com\/site\/wp-content\/uploads\/2020\/11\/01-150x150.jpg 150w\" sizes=\"(max-width: 720px) 100vw, 720px\" \/><\/p>\n<p>&nbsp;<\/p>\n<p>&#8220;Os slams s\u00e3o competi\u00e7\u00f5es, mas o nosso \u00e9 uma exce\u00e7\u00e3o a regra, \u00e9 uma esp\u00e9cie de festival da palavra falada&#8221;, contou \u00e0 RADIOWIP, Adolfina da Cruz, conhecida no mundo da arte como &#8220;Poetisa Lua&#8221;.<br \/>\nA R\u00e1dio Internacional em Portugu\u00eas parabeniza esta iniciativa que visa engrandecer a poesia e a literatura no geral, desejando sucessos a todos os envolvidos.<\/p>\n<p>Confira abaixo, mais cartazes do evento \ud83d\ude42<\/p>\n<p><img decoding=\"async\" class=\"alignnone size-full wp-image-449\" src=\"http:\/\/radioiep.com\/wp-content\/uploads\/2020\/11\/02.jpg\" alt=\"\" width=\"720\" height=\"720\" srcset=\"https:\/\/radioiep.com\/site\/wp-content\/uploads\/2020\/11\/02.jpg 720w, https:\/\/radioiep.com\/site\/wp-content\/uploads\/2020\/11\/02-300x300.jpg 300w, https:\/\/radioiep.com\/site\/wp-content\/uploads\/2020\/11\/02-150x150.jpg 150w\" sizes=\"(max-width: 720px) 100vw, 720px\" \/> <img decoding=\"async\" class=\"alignnone size-full wp-image-450\" src=\"http:\/\/radioiep.com\/wp-content\/uploads\/2020\/11\/04.jpg\" alt=\"\" width=\"720\" height=\"720\" srcset=\"https:\/\/radioiep.com\/site\/wp-content\/uploads\/2020\/11\/04.jpg 720w, https:\/\/radioiep.com\/site\/wp-content\/uploads\/2020\/11\/04-300x300.jpg 300w, https:\/\/radioiep.com\/site\/wp-content\/uploads\/2020\/11\/04-150x150.jpg 150w\" sizes=\"(max-width: 720px) 100vw, 720px\" \/> <img loading=\"lazy\" decoding=\"async\" class=\"alignnone size-full wp-image-451\" src=\"http:\/\/radioiep.com\/wp-content\/uploads\/2020\/11\/06.jpg\" alt=\"\" width=\"720\" height=\"720\" srcset=\"https:\/\/radioiep.com\/site\/wp-content\/uploads\/2020\/11\/06.jpg 720w, https:\/\/radioiep.com\/site\/wp-content\/uploads\/2020\/11\/06-300x300.jpg 300w, https:\/\/radioiep.com\/site\/wp-content\/uploads\/2020\/11\/06-150x150.jpg 150w\" sizes=\"(max-width: 720px) 100vw, 720px\" \/> <img loading=\"lazy\" decoding=\"async\" class=\"alignnone size-full wp-image-452\" src=\"http:\/\/radioiep.com\/wp-content\/uploads\/2020\/11\/07.jpg\" alt=\"\" width=\"720\" height=\"720\" srcset=\"https:\/\/radioiep.com\/site\/wp-content\/uploads\/2020\/11\/07.jpg 720w, https:\/\/radioiep.com\/site\/wp-content\/uploads\/2020\/11\/07-300x300.jpg 300w, https:\/\/radioiep.com\/site\/wp-content\/uploads\/2020\/11\/07-150x150.jpg 150w\" sizes=\"(max-width: 720px) 100vw, 720px\" \/> <img loading=\"lazy\" decoding=\"async\" class=\"alignnone size-full wp-image-453\" src=\"http:\/\/radioiep.com\/wp-content\/uploads\/2020\/11\/08.jpg\" alt=\"\" width=\"720\" height=\"720\" srcset=\"https:\/\/radioiep.com\/site\/wp-content\/uploads\/2020\/11\/08.jpg 720w, https:\/\/radioiep.com\/site\/wp-content\/uploads\/2020\/11\/08-300x300.jpg 300w, https:\/\/radioiep.com\/site\/wp-content\/uploads\/2020\/11\/08-150x150.jpg 150w\" sizes=\"(max-width: 720px) 100vw, 720px\" \/> <img loading=\"lazy\" decoding=\"async\" class=\"alignnone size-full wp-image-454\" src=\"http:\/\/radioiep.com\/wp-content\/uploads\/2020\/11\/09.jpg\" alt=\"\" width=\"720\" height=\"720\" srcset=\"https:\/\/radioiep.com\/site\/wp-content\/uploads\/2020\/11\/09.jpg 720w, https:\/\/radioiep.com\/site\/wp-content\/uploads\/2020\/11\/09-300x300.jpg 300w, https:\/\/radioiep.com\/site\/wp-content\/uploads\/2020\/11\/09-150x150.jpg 150w\" sizes=\"(max-width: 720px) 100vw, 720px\" \/> <img loading=\"lazy\" decoding=\"async\" class=\"alignnone size-full wp-image-455\" src=\"http:\/\/radioiep.com\/wp-content\/uploads\/2020\/11\/10.jpg\" alt=\"\" width=\"720\" height=\"720\" srcset=\"https:\/\/radioiep.com\/site\/wp-content\/uploads\/2020\/11\/10.jpg 720w, https:\/\/radioiep.com\/site\/wp-content\/uploads\/2020\/11\/10-300x300.jpg 300w, https:\/\/radioiep.com\/site\/wp-content\/uploads\/2020\/11\/10-150x150.jpg 150w\" sizes=\"(max-width: 720px) 100vw, 720px\" \/> <img loading=\"lazy\" decoding=\"async\" class=\"alignnone size-full wp-image-456\" src=\"http:\/\/radioiep.com\/wp-content\/uploads\/2020\/11\/11.jpg\" alt=\"\" width=\"720\" height=\"720\" srcset=\"https:\/\/radioiep.com\/site\/wp-content\/uploads\/2020\/11\/11.jpg 720w, https:\/\/radioiep.com\/site\/wp-content\/uploads\/2020\/11\/11-300x300.jpg 300w, https:\/\/radioiep.com\/site\/wp-content\/uploads\/2020\/11\/11-150x150.jpg 150w\" sizes=\"(max-width: 720px) 100vw, 720px\" \/> <img loading=\"lazy\" decoding=\"async\" class=\"alignnone size-full wp-image-457\" src=\"http:\/\/radioiep.com\/wp-content\/uploads\/2020\/11\/12.jpg\" alt=\"\" width=\"720\" height=\"720\" srcset=\"https:\/\/radioiep.com\/site\/wp-content\/uploads\/2020\/11\/12.jpg 720w, https:\/\/radioiep.com\/site\/wp-content\/uploads\/2020\/11\/12-300x300.jpg 300w, https:\/\/radioiep.com\/site\/wp-content\/uploads\/2020\/11\/12-150x150.jpg 150w\" sizes=\"(max-width: 720px) 100vw, 720px\" \/> <img loading=\"lazy\" decoding=\"async\" class=\"alignnone size-full wp-image-458\" src=\"http:\/\/radioiep.com\/wp-content\/uploads\/2020\/11\/13.jpg\" alt=\"\" width=\"720\" height=\"720\" srcset=\"https:\/\/radioiep.com\/site\/wp-content\/uploads\/2020\/11\/13.jpg 720w, https:\/\/radioiep.com\/site\/wp-content\/uploads\/2020\/11\/13-300x300.jpg 300w, https:\/\/radioiep.com\/site\/wp-content\/uploads\/2020\/11\/13-150x150.jpg 150w\" sizes=\"(max-width: 720px) 100vw, 720px\" \/> <img loading=\"lazy\" decoding=\"async\" class=\"alignnone size-full wp-image-459\" src=\"http:\/\/radioiep.com\/wp-content\/uploads\/2020\/11\/SlaM-Lunar1.jpg\" alt=\"\" width=\"1280\" height=\"1280\" srcset=\"https:\/\/radioiep.com\/site\/wp-content\/uploads\/2020\/11\/SlaM-Lunar1.jpg 1280w, https:\/\/radioiep.com\/site\/wp-content\/uploads\/2020\/11\/SlaM-Lunar1-300x300.jpg 300w, https:\/\/radioiep.com\/site\/wp-content\/uploads\/2020\/11\/SlaM-Lunar1-1024x1024.jpg 1024w, https:\/\/radioiep.com\/site\/wp-content\/uploads\/2020\/11\/SlaM-Lunar1-150x150.jpg 150w, https:\/\/radioiep.com\/site\/wp-content\/uploads\/2020\/11\/SlaM-Lunar1-768x768.jpg 768w\" sizes=\"(max-width: 1280px) 100vw, 1280px\" \/><\/p>\n<p>Pela R\u00e1dio Internacional em Portugu\u00eas<\/p>\n<p>A r\u00e1dio que fala a l\u00edngua dos povos<\/p>\n<p id=\"rop\"><small>Originally posted 2020-11-26 18:50:53. <\/small><\/p>","protected":false},"excerpt":{"rendered":"<p>Uma esp\u00e9cie de batalha po\u00e9tica, mas sem competi\u00e7\u00e3o, apenas celebra\u00e7\u00e3o a arte das palavras, ser\u00e1 realizada neste domingo (29 de Novembro), na Mediateca de Luanda, \u00e0s 15 horas. O evento contar\u00e1 com a participa\u00e7\u00e3o e realiza\u00e7\u00e3o da vencedora da \u201cMuhatu 2020\u201d, competi\u00e7\u00e3o de Spoken Word realizado anualmente em Angola. Ter\u00e1 na mesma atividade, a atua\u00e7\u00e3o [&hellip;]<\/p>\n","protected":false},"author":3,"featured_media":459,"comment_status":"open","ping_status":"open","sticky":false,"template":"","format":"standard","meta":{"footnotes":""},"categories":[10,25,13],"tags":[16,19,12,40,41,27],"class_list":["post-447","post","type-post","status-publish","format-standard","has-post-thumbnail","hentry","category-arte","category-atividades","category-cultura","tag-angola","tag-cultura","tag-poesia","tag-slam","tag-spoken-word","tag-teatro"],"_links":{"self":[{"href":"https:\/\/radioiep.com\/site\/wp-json\/wp\/v2\/posts\/447","targetHints":{"allow":["GET"]}}],"collection":[{"href":"https:\/\/radioiep.com\/site\/wp-json\/wp\/v2\/posts"}],"about":[{"href":"https:\/\/radioiep.com\/site\/wp-json\/wp\/v2\/types\/post"}],"author":[{"embeddable":true,"href":"https:\/\/radioiep.com\/site\/wp-json\/wp\/v2\/users\/3"}],"replies":[{"embeddable":true,"href":"https:\/\/radioiep.com\/site\/wp-json\/wp\/v2\/comments?post=447"}],"version-history":[{"count":0,"href":"https:\/\/radioiep.com\/site\/wp-json\/wp\/v2\/posts\/447\/revisions"}],"wp:featuredmedia":[{"embeddable":true,"href":"https:\/\/radioiep.com\/site\/wp-json\/wp\/v2\/media\/459"}],"wp:attachment":[{"href":"https:\/\/radioiep.com\/site\/wp-json\/wp\/v2\/media?parent=447"}],"wp:term":[{"taxonomy":"category","embeddable":true,"href":"https:\/\/radioiep.com\/site\/wp-json\/wp\/v2\/categories?post=447"},{"taxonomy":"post_tag","embeddable":true,"href":"https:\/\/radioiep.com\/site\/wp-json\/wp\/v2\/tags?post=447"}],"curies":[{"name":"wp","href":"https:\/\/api.w.org\/{rel}","templated":true}]}}