{"id":443,"date":"2025-06-17T01:06:52","date_gmt":"2025-06-17T01:06:52","guid":{"rendered":"http:\/\/radioiep.com\/?p=443"},"modified":"2025-06-17T01:06:52","modified_gmt":"2025-06-17T01:06:52","slug":"referencias-na-historia-do-futebol-nos-deixaram-esta-semana","status":"publish","type":"post","link":"https:\/\/radioiep.com\/site\/referencias-na-historia-do-futebol-nos-deixaram-esta-semana\/","title":{"rendered":"REFER\u00caNCIAS NA HIST\u00d3RIA DO FUTEBOL, NOS DEIXARAM ESTA SEMANA"},"content":{"rendered":"<p>&nbsp;<\/p>\n<p>Perdemos, Fernando Vanucci no Brasil, e na Argentina, nosso irm\u00e3o, Diego Maradona. A rela\u00e7\u00e3o entre estas duas personalidades \u00e9 a seguinte, uma das vozes que elevou o clima e a for\u00e7a do comentarismo esportivo brasileiro, com o carisma e empolga\u00e7\u00e3o, Fernando Vanucci, deixa a saudades com sua partida. Se jarg\u00e3o, caracter\u00edstico de sua profiss\u00e3o de comunicador, a qual exercia com muito orgulho e aprecia\u00e7\u00e3o, &#8220;Al\u00f4 voc\u00ea&#8221;! Uma frase emblem\u00e1tica, que caracterizou em sua marca e traduziu toda a sua emo\u00e7\u00e3o ao apresentar os programas de esportes na tv, brasileira, por isso lembramos, com carinho ao povo brasileiro, Fernando Vanucci, uma voz que representou, t\u00e3o bem a hist\u00f3ria do nosso futebol, n\u00e3o pode parar de ecoar. Lamentamos tamb\u00e9m, com muita tristeza, o falecimento, do grande crack do futebol argentino, Diego Maradona, uma lenda, para quem acompanhou sua trajet\u00f3ria. Deste, \u00eddolo do futebol, n\u00e3o podemos esquecer, de sua contribui\u00e7\u00e3o, para o fortalecimento do futebol mundialmente, pois se tornou hist\u00f3ria e ic\u00f4nica a sua participa\u00e7\u00e3o.<\/p>\n<p><img fetchpriority=\"high\" decoding=\"async\" class=\"alignnone size-full wp-image-444\" src=\"http:\/\/radioiep.com\/wp-content\/uploads\/2020\/11\/oo1.jpg\" alt=\"\" width=\"947\" height=\"638\" srcset=\"https:\/\/radioiep.com\/site\/wp-content\/uploads\/2020\/11\/oo1.jpg 947w, https:\/\/radioiep.com\/site\/wp-content\/uploads\/2020\/11\/oo1-300x202.jpg 300w, https:\/\/radioiep.com\/site\/wp-content\/uploads\/2020\/11\/oo1-768x517.jpg 768w\" sizes=\"(max-width: 947px) 100vw, 947px\" \/><\/p>\n<p>&nbsp;<\/p>\n<p><img decoding=\"async\" class=\"alignnone size-full wp-image-445\" src=\"http:\/\/radioiep.com\/wp-content\/uploads\/2020\/11\/oo2.jpg\" alt=\"\" width=\"700\" height=\"437\" srcset=\"https:\/\/radioiep.com\/site\/wp-content\/uploads\/2020\/11\/oo2.jpg 700w, https:\/\/radioiep.com\/site\/wp-content\/uploads\/2020\/11\/oo2-300x187.jpg 300w\" sizes=\"(max-width: 700px) 100vw, 700px\" \/><br \/>\nA arte do futebol, era a vida destas duas personalidades, que hoje nos deixam saudades.<\/p>\n<p>Nossos sinceros e fraternos sentimentos, \u00e0s fam\u00edlias de Diego Maradona e Fernando Vanucci.<\/p>\n<p>Luiz Nascimento<\/p>\n<p>Pela R\u00e1dio Internacional em Portugu\u00eas, a r\u00e1dio que fala a l\u00edngua dos povos<\/p>\n<p id=\"rop\"><small>Originally posted 2020-11-25 19:20:04. <\/small><\/p>","protected":false},"excerpt":{"rendered":"<p>&nbsp; Perdemos, Fernando Vanucci no Brasil, e na Argentina, nosso irm\u00e3o, Diego Maradona. A rela\u00e7\u00e3o entre estas duas personalidades \u00e9 a seguinte, uma das vozes que elevou o clima e a for\u00e7a do comentarismo esportivo brasileiro, com o carisma e empolga\u00e7\u00e3o, Fernando Vanucci, deixa a saudades com sua partida. Se jarg\u00e3o, caracter\u00edstico de sua profiss\u00e3o [&hellip;]<\/p>\n","protected":false},"author":3,"featured_media":445,"comment_status":"open","ping_status":"open","sticky":false,"template":"","format":"standard","meta":{"footnotes":""},"categories":[9],"tags":[],"class_list":["post-443","post","type-post","status-publish","format-standard","has-post-thumbnail","hentry","category-artigos"],"_links":{"self":[{"href":"https:\/\/radioiep.com\/site\/wp-json\/wp\/v2\/posts\/443","targetHints":{"allow":["GET"]}}],"collection":[{"href":"https:\/\/radioiep.com\/site\/wp-json\/wp\/v2\/posts"}],"about":[{"href":"https:\/\/radioiep.com\/site\/wp-json\/wp\/v2\/types\/post"}],"author":[{"embeddable":true,"href":"https:\/\/radioiep.com\/site\/wp-json\/wp\/v2\/users\/3"}],"replies":[{"embeddable":true,"href":"https:\/\/radioiep.com\/site\/wp-json\/wp\/v2\/comments?post=443"}],"version-history":[{"count":0,"href":"https:\/\/radioiep.com\/site\/wp-json\/wp\/v2\/posts\/443\/revisions"}],"wp:featuredmedia":[{"embeddable":true,"href":"https:\/\/radioiep.com\/site\/wp-json\/wp\/v2\/media\/445"}],"wp:attachment":[{"href":"https:\/\/radioiep.com\/site\/wp-json\/wp\/v2\/media?parent=443"}],"wp:term":[{"taxonomy":"category","embeddable":true,"href":"https:\/\/radioiep.com\/site\/wp-json\/wp\/v2\/categories?post=443"},{"taxonomy":"post_tag","embeddable":true,"href":"https:\/\/radioiep.com\/site\/wp-json\/wp\/v2\/tags?post=443"}],"curies":[{"name":"wp","href":"https:\/\/api.w.org\/{rel}","templated":true}]}}