{"id":439,"date":"2025-06-17T01:06:51","date_gmt":"2025-06-17T01:06:51","guid":{"rendered":"http:\/\/radioiep.com\/?p=439"},"modified":"2025-06-17T01:06:51","modified_gmt":"2025-06-17T01:06:51","slug":"25-de-novembro-dia-internacional-para-a-eliminacao-da-violencia-contra-a-mulher","status":"publish","type":"post","link":"https:\/\/radioiep.com\/site\/25-de-novembro-dia-internacional-para-a-eliminacao-da-violencia-contra-a-mulher\/","title":{"rendered":"25 DE NOVEMBRO, DIA INTERNACIONAL PARA A ELIMINA\u00c7\u00c3O DA VIOL\u00caNCIA CONTRA A MULHER  \u00a0"},"content":{"rendered":"<p>&nbsp;<\/p>\n<p>A luta pela conquista de espa\u00e7os e pelos direitos constitucionais em todas as esferas sociais, sempre foi um bandeira erguida pelas mulheres. A intoler\u00e2ncia machista sempre foi um sintoma estrutural, mais v\u00edvido que um v\u00edrus, presente em nosso meio. Por isso esta data de 25 de novembro, \u00e9 o dia Internacional para a Elimina\u00e7\u00e3o da Viol\u00eancia contra a Mulher.<\/p>\n<p>N\u00e3o podemos concordar coma dissemina\u00e7\u00e3o do \u00f3dio, a intoler\u00e2ncia e a viol\u00eancia predominante entre n\u00f3s e principalmente contra as mulheres. Geralmente contamos que a balan\u00e7a tenha um equil\u00edbrio, portanto, se ambos n\u00e3o poderem manter este equil\u00edbrio, \u00e9 s\u00e1bio que uma das partes pratiquem alguns m\u00e9todos para controlarem suas emo\u00e7\u00f5es e para que tudo ande bem em suas rela\u00e7\u00f5es, como; toler\u00e2ncia, resili\u00eancia, empatia, equidade e a pr\u00e1tica do perd\u00e3o.<\/p>\n<p><img fetchpriority=\"high\" decoding=\"async\" class=\"alignnone size-full wp-image-441\" src=\"http:\/\/radioiep.com\/wp-content\/uploads\/2020\/11\/mulher2.jpg\" alt=\"\" width=\"639\" height=\"365\" srcset=\"https:\/\/radioiep.com\/site\/wp-content\/uploads\/2020\/11\/mulher2.jpg 639w, https:\/\/radioiep.com\/site\/wp-content\/uploads\/2020\/11\/mulher2-300x171.jpg 300w\" sizes=\"(max-width: 639px) 100vw, 639px\" \/><\/p>\n<p>De acordo com dados das Na\u00e7\u00f5es Unidas, os casos de viol\u00eancia contra a mulher, cresceram muito durante a pandemia do Corona V\u00edrus \u2013 COVID-19, em uma escala global. \u201cViol\u00eancia contra mulheres e meninas, especialmente dom\u00e9stica\u201d. Campanhas em todas as m\u00eddias, s\u00e3o ferramentas de incentivo ao enfrentamento, a atos contra a vida das mulheres.<\/p>\n<p>\u201cGlobalmente, 35 por centro das mulheres j\u00e1 sofreram viol\u00eancia f\u00edsica e \/ ou sexual por parceiro \u00edntimo, &#8230; ou cometida por um n\u00e3o parceiro\u201d, estima-se que \u201ctodos os dias, 137 mulheres s\u00e3o mortas por um membro da fam\u00edlia\u201d, e \u201cmenos de 40 por cento das mulheres que sofrem viol\u00eancia procuram ajuda de qualquer tipo\u201d.<\/p>\n<p>Ainda de acordo com as Na\u00e7\u00f5es Unidas, h\u00e1 movimentos em favor das mulheres, como, \u201cpelo menos 155 pa\u00edses aprovaram leis sobre viol\u00eancia dom\u00e9stica e 140 pa\u00edses tem leis sobre ass\u00e9dio sexual no local de trabalho\u201d. Nos \u00faltimos tempos, \u201cpelo menos 200 milh\u00f5es de mulheres e meninas, com idade entre 15 e 49 anos, sofreram mutila\u00e7\u00e3o genital feminina em 31 pa\u00edses onde a pr\u00e1tica \u00e9 concentrada\u201d.<\/p>\n<p>Como sabemos, muitos atos contra a vida das mulheres n\u00e3o aparecem na m\u00eddia, por\u00e9m, n\u00e3o podemos concordar com a omiss\u00e3o existente em nosso meio, no entanto, devemos avivar a nosso voz, por mais amor e compaix\u00e3o de forma rec\u00edproca.<\/p>\n<p><img decoding=\"async\" class=\"alignnone size-full wp-image-440\" src=\"http:\/\/radioiep.com\/wp-content\/uploads\/2020\/11\/Mulher1.jpg\" alt=\"\" width=\"469\" height=\"548\" srcset=\"https:\/\/radioiep.com\/site\/wp-content\/uploads\/2020\/11\/Mulher1.jpg 469w, https:\/\/radioiep.com\/site\/wp-content\/uploads\/2020\/11\/Mulher1-257x300.jpg 257w\" sizes=\"(max-width: 469px) 100vw, 469px\" \/><\/p>\n<p>Fonte: un.org<\/p>\n<p>&nbsp;<\/p>\n<p>Luiz Nascimento<\/p>\n<p>&nbsp;<\/p>\n<p>Pela R\u00e1dio Internacional em Portugu\u00eas.<\/p>\n<p>A r\u00e1dio que fala a l\u00edngua dos povos.<\/p>\n<p id=\"rop\"><small>Originally posted 2020-11-25 04:02:08. <\/small><\/p>","protected":false},"excerpt":{"rendered":"<p>&nbsp; A luta pela conquista de espa\u00e7os e pelos direitos constitucionais em todas as esferas sociais, sempre foi um bandeira erguida pelas mulheres. A intoler\u00e2ncia machista sempre foi um sintoma estrutural, mais v\u00edvido que um v\u00edrus, presente em nosso meio. Por isso esta data de 25 de novembro, \u00e9 o dia Internacional para a Elimina\u00e7\u00e3o [&hellip;]<\/p>\n","protected":false},"author":4,"featured_media":440,"comment_status":"open","ping_status":"open","sticky":false,"template":"","format":"standard","meta":{"footnotes":""},"categories":[14,24],"tags":[37,38,39],"class_list":["post-439","post","type-post","status-publish","format-standard","has-post-thumbnail","hentry","category-educacao","category-opiniao","tag-mulher","tag-nacoes-unidas","tag-violencia"],"_links":{"self":[{"href":"https:\/\/radioiep.com\/site\/wp-json\/wp\/v2\/posts\/439","targetHints":{"allow":["GET"]}}],"collection":[{"href":"https:\/\/radioiep.com\/site\/wp-json\/wp\/v2\/posts"}],"about":[{"href":"https:\/\/radioiep.com\/site\/wp-json\/wp\/v2\/types\/post"}],"author":[{"embeddable":true,"href":"https:\/\/radioiep.com\/site\/wp-json\/wp\/v2\/users\/4"}],"replies":[{"embeddable":true,"href":"https:\/\/radioiep.com\/site\/wp-json\/wp\/v2\/comments?post=439"}],"version-history":[{"count":0,"href":"https:\/\/radioiep.com\/site\/wp-json\/wp\/v2\/posts\/439\/revisions"}],"wp:featuredmedia":[{"embeddable":true,"href":"https:\/\/radioiep.com\/site\/wp-json\/wp\/v2\/media\/440"}],"wp:attachment":[{"href":"https:\/\/radioiep.com\/site\/wp-json\/wp\/v2\/media?parent=439"}],"wp:term":[{"taxonomy":"category","embeddable":true,"href":"https:\/\/radioiep.com\/site\/wp-json\/wp\/v2\/categories?post=439"},{"taxonomy":"post_tag","embeddable":true,"href":"https:\/\/radioiep.com\/site\/wp-json\/wp\/v2\/tags?post=439"}],"curies":[{"name":"wp","href":"https:\/\/api.w.org\/{rel}","templated":true}]}}