{"id":410,"date":"2025-06-17T01:06:50","date_gmt":"2025-06-17T01:06:50","guid":{"rendered":"http:\/\/radioiep.com\/?p=410"},"modified":"2025-06-17T01:06:50","modified_gmt":"2025-06-17T01:06:50","slug":"dia-do-musico","status":"publish","type":"post","link":"https:\/\/radioiep.com\/site\/dia-do-musico\/","title":{"rendered":"DIA DO M\u00daSICO"},"content":{"rendered":"<p>????????Ser m\u00fasico \u00e9 um dom, o sil\u00eancio substancial produz a melodia&#8230;Criar as trilhas sonoras da vida numa linguagem que fala direto. Eis a miss\u00e3o do m\u00fasico.<\/p>\n<p>A voc\u00ea m\u00fasico que canta e encanta com a m\u00e1gica de criar um som, de tocar os cora\u00e7\u00f5es, de unir as almas. A nossa singela homenagem!<br \/>\nCante, Toque e Encante.<\/p>\n<p>Obrigado.????????????<\/p>\n<p><img fetchpriority=\"high\" decoding=\"async\" class=\"alignnone size-large wp-image-411\" src=\"http:\/\/radioiep.com\/wp-content\/uploads\/2020\/11\/guitarra-1024x769.jpg\" alt=\"\" width=\"696\" height=\"523\" srcset=\"https:\/\/radioiep.com\/site\/wp-content\/uploads\/2020\/11\/guitarra-1024x769.jpg 1024w, https:\/\/radioiep.com\/site\/wp-content\/uploads\/2020\/11\/guitarra-300x225.jpg 300w, https:\/\/radioiep.com\/site\/wp-content\/uploads\/2020\/11\/guitarra-768x577.jpg 768w, https:\/\/radioiep.com\/site\/wp-content\/uploads\/2020\/11\/guitarra.jpg 1182w\" sizes=\"(max-width: 696px) 100vw, 696px\" \/><\/p>\n<p>Fonte da imagem: https:\/\/musicclan.com.br\/blog\/tudo-sobre-tocar-guitarra\/<\/p>\n<p>Por: Mah Silva<\/p>\n<p>Colaboradora de Brasil<\/p>\n<p>Pela R\u00e1dio Internacional em Portugu\u00eas, a r\u00e1dio que fala a l\u00edngua dos povos<\/p>\n<p id=\"rop\"><small>Originally posted 2020-11-22 16:52:00. <\/small><\/p>","protected":false},"excerpt":{"rendered":"<p>????????Ser m\u00fasico \u00e9 um dom, o sil\u00eancio substancial produz a melodia&#8230;Criar as trilhas sonoras da vida numa linguagem que fala direto. Eis a miss\u00e3o do m\u00fasico. A voc\u00ea m\u00fasico que canta e encanta com a m\u00e1gica de criar um som, de tocar os cora\u00e7\u00f5es, de unir as almas. A nossa singela homenagem! Cante, Toque e [&hellip;]<\/p>\n","protected":false},"author":4,"featured_media":411,"comment_status":"open","ping_status":"open","sticky":false,"template":"","format":"standard","meta":{"footnotes":""},"categories":[10,13],"tags":[29,23],"class_list":["post-410","post","type-post","status-publish","format-standard","has-post-thumbnail","hentry","category-arte","category-cultura","tag-brasil","tag-musica"],"_links":{"self":[{"href":"https:\/\/radioiep.com\/site\/wp-json\/wp\/v2\/posts\/410","targetHints":{"allow":["GET"]}}],"collection":[{"href":"https:\/\/radioiep.com\/site\/wp-json\/wp\/v2\/posts"}],"about":[{"href":"https:\/\/radioiep.com\/site\/wp-json\/wp\/v2\/types\/post"}],"author":[{"embeddable":true,"href":"https:\/\/radioiep.com\/site\/wp-json\/wp\/v2\/users\/4"}],"replies":[{"embeddable":true,"href":"https:\/\/radioiep.com\/site\/wp-json\/wp\/v2\/comments?post=410"}],"version-history":[{"count":0,"href":"https:\/\/radioiep.com\/site\/wp-json\/wp\/v2\/posts\/410\/revisions"}],"wp:featuredmedia":[{"embeddable":true,"href":"https:\/\/radioiep.com\/site\/wp-json\/wp\/v2\/media\/411"}],"wp:attachment":[{"href":"https:\/\/radioiep.com\/site\/wp-json\/wp\/v2\/media?parent=410"}],"wp:term":[{"taxonomy":"category","embeddable":true,"href":"https:\/\/radioiep.com\/site\/wp-json\/wp\/v2\/categories?post=410"},{"taxonomy":"post_tag","embeddable":true,"href":"https:\/\/radioiep.com\/site\/wp-json\/wp\/v2\/tags?post=410"}],"curies":[{"name":"wp","href":"https:\/\/api.w.org\/{rel}","templated":true}]}}