{"id":400,"date":"2025-06-17T01:06:49","date_gmt":"2025-06-17T01:06:49","guid":{"rendered":"http:\/\/radioiep.com\/?p=400"},"modified":"2025-06-17T01:06:49","modified_gmt":"2025-06-17T01:06:49","slug":"20-de-novembro-dia-da-consciencia-negra-no-brasil","status":"publish","type":"post","link":"https:\/\/radioiep.com\/site\/20-de-novembro-dia-da-consciencia-negra-no-brasil\/","title":{"rendered":"20 DE NOVEMBRO, DIA DA CONSCI\u00caNCIA NEGRA NO BRASIL"},"content":{"rendered":"<p>&nbsp;<\/p>\n<p>Em pleno s\u00e9culo 20, persistem discursos de \u00f3dio, racismo e intoler\u00e2ncia, nas entranhas da sociedade. Nos fazendo refletir. O que \u00e9 ser negro no pa\u00eds, Brasil? Comemora\u00e7\u00f5es \u201cs\u00e3o realizadas no dia 20 de Novembro, Dia Nacional da Consci\u00eancia Negra no pa\u00eds \u201c. Onde a data fica a crit\u00e9rio de cada estado e cidade instituir como feriado ou n\u00e3o. Nos remetendo a questionar, pois, a burocracia para o negro \u00e9 gigante.<\/p>\n<p>Constitucionalmente, ter\u00edamos direitos iguais, mas, sabemos que na pr\u00e1tica n\u00e3o funciona. Os benef\u00edcios s\u00e3o pra poucos, e esses que s\u00e3o beneficiados se autodenominam, a elite. A cor da pele se tornou um produto, uma marca. O escravismo ideol\u00f3gico est\u00e1 enraizado na for\u00e7a do cabelo e sua voz. Por mais que haja movimentos de empoderamento, a luta ainda \u00e9 grande e continua a presente em nossas vidas, sonhando com uma liberdade justa, sem precisar pedir uma carta de alforria, um ato desumano, um certificado de emancipa\u00e7\u00e3o.<\/p>\n<p>Oh P\u00e1tria amada! O que ser\u00e1 dos nossos filhos e netos, eles ainda viver\u00e3o os agouros desta opress\u00e3o? Os obst\u00e1culos continuam, os mesmos, velados aos direitos que ningu\u00e9m tem. Ao me adentrar em uma loja, um shopping, um banco j\u00e1 sou barrado na porta, simplesmente pela cor da minha pele. Que sejam respeitados os nossos direitos b\u00e1sicos como cidad\u00e3os.<\/p>\n<p>Que a nossa cor n\u00e3o seja quest\u00e3o de escolha, na busca por uma posi\u00e7\u00e3o na sociedade, e muito menos fazer parte de um cota para ter direito a universidade. Que valor tem minha carta de alforria que at\u00e9 hoje preciso abaixar a cabe\u00e7a quando avisto a pol\u00edcia, e mesmo assim corro risco de ser capturado apenas por ter est\u00e1 pele negra, sendo v\u00edtima do preconceito e racismo que assolam nossa p\u00e1tria amada Brasil?<\/p>\n<p>A popula\u00e7\u00e3o negra ainda est\u00e1 a passos lentos na busca pelos seus direitos. Precisamos falar mais, revidar mais, vestir uma camisa e escolher uma lado para lutar unidos, e a todo momento fazer valer a palavra \u201cliberta\u00e7\u00e3o\u201d. N\u00e3o sendo apenas um produto da m\u00eddia ou de um sistema escravocrata mundial.<\/p>\n<p><img fetchpriority=\"high\" decoding=\"async\" class=\"alignnone size-full wp-image-401\" src=\"http:\/\/radioiep.com\/wp-content\/uploads\/2020\/11\/Negra.jpg\" alt=\"\" width=\"600\" height=\"600\" srcset=\"https:\/\/radioiep.com\/site\/wp-content\/uploads\/2020\/11\/Negra.jpg 600w, https:\/\/radioiep.com\/site\/wp-content\/uploads\/2020\/11\/Negra-300x300.jpg 300w, https:\/\/radioiep.com\/site\/wp-content\/uploads\/2020\/11\/Negra-150x150.jpg 150w\" sizes=\"(max-width: 600px) 100vw, 600px\" \/><\/p>\n<p>Luiz Nascimento | Val Alves<\/p>\n<p>&nbsp;<\/p>\n<p>Pela r\u00e1dio web internacional em portugu\u00eas, a r\u00e1dio que fala a l\u00edngua dos povos.<\/p>\n<p id=\"rop\"><small>Originally posted 2020-11-19 19:11:44. <\/small><\/p>","protected":false},"excerpt":{"rendered":"<p>&nbsp; Em pleno s\u00e9culo 20, persistem discursos de \u00f3dio, racismo e intoler\u00e2ncia, nas entranhas da sociedade. Nos fazendo refletir. O que \u00e9 ser negro no pa\u00eds, Brasil? Comemora\u00e7\u00f5es \u201cs\u00e3o realizadas no dia 20 de Novembro, Dia Nacional da Consci\u00eancia Negra no pa\u00eds \u201c. Onde a data fica a crit\u00e9rio de cada estado e cidade instituir [&hellip;]<\/p>\n","protected":false},"author":4,"featured_media":401,"comment_status":"open","ping_status":"open","sticky":false,"template":"","format":"standard","meta":{"footnotes":""},"categories":[9,24],"tags":[29,35,36],"class_list":["post-400","post","type-post","status-publish","format-standard","has-post-thumbnail","hentry","category-artigos","category-opiniao","tag-brasil","tag-consciencia-negra","tag-negro"],"_links":{"self":[{"href":"https:\/\/radioiep.com\/site\/wp-json\/wp\/v2\/posts\/400","targetHints":{"allow":["GET"]}}],"collection":[{"href":"https:\/\/radioiep.com\/site\/wp-json\/wp\/v2\/posts"}],"about":[{"href":"https:\/\/radioiep.com\/site\/wp-json\/wp\/v2\/types\/post"}],"author":[{"embeddable":true,"href":"https:\/\/radioiep.com\/site\/wp-json\/wp\/v2\/users\/4"}],"replies":[{"embeddable":true,"href":"https:\/\/radioiep.com\/site\/wp-json\/wp\/v2\/comments?post=400"}],"version-history":[{"count":0,"href":"https:\/\/radioiep.com\/site\/wp-json\/wp\/v2\/posts\/400\/revisions"}],"wp:featuredmedia":[{"embeddable":true,"href":"https:\/\/radioiep.com\/site\/wp-json\/wp\/v2\/media\/401"}],"wp:attachment":[{"href":"https:\/\/radioiep.com\/site\/wp-json\/wp\/v2\/media?parent=400"}],"wp:term":[{"taxonomy":"category","embeddable":true,"href":"https:\/\/radioiep.com\/site\/wp-json\/wp\/v2\/categories?post=400"},{"taxonomy":"post_tag","embeddable":true,"href":"https:\/\/radioiep.com\/site\/wp-json\/wp\/v2\/tags?post=400"}],"curies":[{"name":"wp","href":"https:\/\/api.w.org\/{rel}","templated":true}]}}