{"id":3750,"date":"2026-04-25T15:22:02","date_gmt":"2026-04-25T15:22:02","guid":{"rendered":"https:\/\/radioiep.com\/site\/?p=3750"},"modified":"2026-04-25T15:24:05","modified_gmt":"2026-04-25T15:24:05","slug":"arte-criatividade-e-cura-marcam-abertura-do-world-creativity-day-2026-em-belo-horizonte","status":"publish","type":"post","link":"https:\/\/radioiep.com\/site\/arte-criatividade-e-cura-marcam-abertura-do-world-creativity-day-2026-em-belo-horizonte\/","title":{"rendered":"Arte, criatividade e cura marcam abertura do World Creativity Day 2026 em Belo Horizonte"},"content":{"rendered":"<p><img decoding=\"async\" class=\"alignnone wp-image-3759\" src=\"https:\/\/radioiep.com\/site\/wp-content\/uploads\/2026\/04\/WhatsApp-Image-2026-04-24-at-20.15.37-5-300x200.jpeg\" alt=\"\" width=\"176\" height=\"117\" srcset=\"https:\/\/radioiep.com\/site\/wp-content\/uploads\/2026\/04\/WhatsApp-Image-2026-04-24-at-20.15.37-5-300x200.jpeg 300w, https:\/\/radioiep.com\/site\/wp-content\/uploads\/2026\/04\/WhatsApp-Image-2026-04-24-at-20.15.37-5-1024x682.jpeg 1024w, https:\/\/radioiep.com\/site\/wp-content\/uploads\/2026\/04\/WhatsApp-Image-2026-04-24-at-20.15.37-5-768x512.jpeg 768w, https:\/\/radioiep.com\/site\/wp-content\/uploads\/2026\/04\/WhatsApp-Image-2026-04-24-at-20.15.37-5-1536x1023.jpeg 1536w, https:\/\/radioiep.com\/site\/wp-content\/uploads\/2026\/04\/WhatsApp-Image-2026-04-24-at-20.15.37-5.jpeg 1600w\" sizes=\"(max-width: 176px) 100vw, 176px\" \/><\/p>\n<p>A cidade de Belo Horizonte celebrou o poder transformador da criatividade no \u00faltimo dia 18 de abril, durante a abertura do World Creativity Day 2026 (WCD 2026). A atividade foi realizada na Institui\u00e7\u00e3o Ramacrisna na cidade de Betim, MG.<br \/>\nMG, reunindo cerca de 80 participantes de diferentes idades em uma experi\u00eancia coletiva marcada por arte, reflex\u00e3o e express\u00e3o emocional.<\/p>\n<p>Com o tema \u201cArte e Cultura como Ferramentas de Cura para a Humanidade\u201d, o encontro prop\u00f4s uma abordagem sens\u00edvel e pr\u00e1tica sobre o papel da criatividade no enfrentamento de desafios individuais e sociais. A condu\u00e7\u00e3o da atividade foi inspirada no artigo de autoria da escritora, gestora e ativista<br \/>\ncultural Val Alves, que defende a arte como um recurso essencial para o desenvolvimento humano e para a promo\u00e7\u00e3o da sa\u00fade mental.<\/p>\n<p><strong>Viv\u00eancia coletiva e metodologia criativa<\/strong><\/p>\n<p>A programa\u00e7\u00e3o foi estruturada a partir da metodologia \u201cSementes de Supera\u00e7\u00e3o\u201d, que combina escuta ativa, express\u00e3o simb\u00f3lica e partilha coletiva. Um dos momentos centrais foi a din\u00e2mica \u201c\u00c1rvore da Cura\u201d, na qual os participantes foram convidados a representar, por meio de desenhos e palavras, suas trajet\u00f3rias pessoais incluindo ra\u00edzes (valores e afetos), desafios enfrentados e formas de supera\u00e7\u00e3o mediadas pela arte.<\/p>\n<p>A atividade estimulou diferentes linguagens, como poesia, m\u00fasica, desenho e narrativa, refor\u00e7ando a ideia de que a criatividade n\u00e3o \u00e9 um talento restrito, mas uma capacidade humana universal. Ao final, os participantes constru\u00edram coletivamente uma \u201c<strong>Floresta de Supera\u00e7\u00e3o<\/strong>\u201d, reunindo frases, desejos e reflex\u00f5es em um painel simb\u00f3lico, consolidando o car\u00e1ter colaborativo da experi\u00eancia.<\/p>\n<p><img fetchpriority=\"high\" decoding=\"async\" class=\"alignnone wp-image-3754 size-large\" src=\"https:\/\/radioiep.com\/site\/wp-content\/uploads\/2026\/04\/WhatsApp-Image-2026-04-24-at-20.05.24-1024x683.jpeg\" alt=\"\" width=\"800\" height=\"534\" srcset=\"https:\/\/radioiep.com\/site\/wp-content\/uploads\/2026\/04\/WhatsApp-Image-2026-04-24-at-20.05.24-1024x683.jpeg 1024w, https:\/\/radioiep.com\/site\/wp-content\/uploads\/2026\/04\/WhatsApp-Image-2026-04-24-at-20.05.24-300x200.jpeg 300w, https:\/\/radioiep.com\/site\/wp-content\/uploads\/2026\/04\/WhatsApp-Image-2026-04-24-at-20.05.24-768x512.jpeg 768w, https:\/\/radioiep.com\/site\/wp-content\/uploads\/2026\/04\/WhatsApp-Image-2026-04-24-at-20.05.24.jpeg 1536w\" sizes=\"(max-width: 800px) 100vw, 800px\" \/><\/p>\n<p>O painel coletivo denominado \u201c\u00c1rvore da Cura\u201d reuniu folhas preenchidas \u00e0 m\u00e3o por diferentes participantes, evidenciando a diversidade de express\u00f5es e caligrafias. A partir desse material, foi poss\u00edvel identificar padr\u00f5es simb\u00f3licos recorrentes entre um grupo diverso, como cura, supera\u00e7\u00e3o, fam\u00edlia, medo e educa\u00e7\u00e3o.<\/p>\n<p><strong>A an\u00e1lise do conte\u00fado revelou tr\u00eas eixos centrais:<\/strong><\/p>\n<p>1. Dimens\u00e3o emocional e psicol\u00f3gica<br \/>\n2. Processos de transforma\u00e7\u00e3o<br \/>\n3. V\u00ednculos e pertencimento<\/p>\n<p>Na pr\u00e1tica, a \u00e1rvore funcionou como um \u201cmapa coletivo de subjetividades\u201d: cada folha representa uma experi\u00eancia individual, enquanto o tronco simboliza a constru\u00e7\u00e3o coletiva. Essa din\u00e2mica refor\u00e7a a ideia da arte como um dispositivo de media\u00e7\u00e3o entre o indiv\u00edduo e o coletivo.<\/p>\n<p>Outro aspecto relevante foi que muitos participantes n\u00e3o apenas nomearam suas dores, mas tamb\u00e9m formularam narrativas de supera\u00e7\u00e3o, indicando que a atividade atuou n\u00e3o s\u00f3 como express\u00e3o, mas como reorganiza\u00e7\u00e3o simb\u00f3lica da<br \/>\nexperi\u00eancia.<\/p>\n<p><strong>Impacto e significado do evento<\/strong><\/p>\n<p>A realiza\u00e7\u00e3o da atividade durante o WCD 2026 amplia o debate sobre a criatividade como compet\u00eancia essencial para o s\u00e9culo XXI. Mais do que uma celebra\u00e7\u00e3o pontual, o evento evidencia uma tend\u00eancia global: reconhecer a criatividade como motor de inova\u00e7\u00e3o social e ferramenta de resili\u00eancia humana. Para os participantes, a experi\u00eancia tamb\u00e9m se consolidou como um espa\u00e7o de acolhimento e escuta, onde hist\u00f3rias pessoais puderam ser compartilhadas e resinificadas coletivamente.<\/p>\n<p>A atividade revela uma tens\u00e3o relevante: enquanto pol\u00edticas culturais frequentemente enfrentam limita\u00e7\u00f5es or\u00e7ament\u00e1rias, cresce o reconhecimentocient\u00edfico e social do impacto da arte na sa\u00fade mental e na coes\u00e3o social. Isso levanta uma quest\u00e3o estrutural, por que algo com benef\u00edcios amplamente documentados ainda ocupam um lugar perif\u00e9rico nas pol\u00edticas p\u00fablicas?<br \/>\nAo mesmo tempo, iniciativas como essa demonstram que, mesmo em escala local, \u00e9 poss\u00edvel gerar impactos significativos ao articular teoria, pr\u00e1tica e participa\u00e7\u00e3o comunit\u00e1ria.<\/p>\n<p><strong>O que \u00e9 o World Creativity Day?<\/strong><\/p>\n<p>O World Creativity Day (WCD), ou Dia Mundial da Criatividade, \u00e9 um festival internacional realizado anualmente em abril com o objetivo de promover inova\u00e7\u00e3o e criatividade. No Brasil, cidades como Belo Horizonte e Lavras participam da programa\u00e7\u00e3o com atividades voltadas ao impacto local.<\/p>\n<p>A programa\u00e7\u00e3o em Belo Horizonte contou ainda com uma viv\u00eancia especial conduzida por Val Alves, em parceria com o projeto Pergaminhos Po\u00e9ticos e a Orquestra Ramacrisna, conectando arte, sensibilidade e transforma\u00e7\u00e3o social.<\/p>\n<p><strong>Afinal?<\/strong><\/p>\n<p>Ap\u00f3s um intenso percurso de cria\u00e7\u00e3o e partilha, permanece uma quest\u00e3o essencial: se a arte tem pot\u00eancia comprovada para promover cura, pertencimento e transforma\u00e7\u00e3o, por que ainda \u00e9 tratada como acess\u00f3rio?<\/p>\n<p>E n\u00e3o como infraestrutura essencial da vida social?<\/p>\n<p>&nbsp;<\/p>\n<p><strong>Momento da din\u00e2mica.<\/strong><\/p>\n<p><img decoding=\"async\" class=\"alignnone size-medium wp-image-3758\" src=\"https:\/\/radioiep.com\/site\/wp-content\/uploads\/2026\/04\/WhatsApp-Image-2026-04-24-at-20.15.37-4-300x200.jpeg\" alt=\"\" width=\"300\" height=\"200\" srcset=\"https:\/\/radioiep.com\/site\/wp-content\/uploads\/2026\/04\/WhatsApp-Image-2026-04-24-at-20.15.37-4-300x200.jpeg 300w, https:\/\/radioiep.com\/site\/wp-content\/uploads\/2026\/04\/WhatsApp-Image-2026-04-24-at-20.15.37-4-1024x682.jpeg 1024w, https:\/\/radioiep.com\/site\/wp-content\/uploads\/2026\/04\/WhatsApp-Image-2026-04-24-at-20.15.37-4-768x512.jpeg 768w, https:\/\/radioiep.com\/site\/wp-content\/uploads\/2026\/04\/WhatsApp-Image-2026-04-24-at-20.15.37-4-1536x1023.jpeg 1536w, https:\/\/radioiep.com\/site\/wp-content\/uploads\/2026\/04\/WhatsApp-Image-2026-04-24-at-20.15.37-4.jpeg 1600w\" sizes=\"(max-width: 300px) 100vw, 300px\" \/><img loading=\"lazy\" decoding=\"async\" class=\"alignnone size-medium wp-image-3757\" src=\"https:\/\/radioiep.com\/site\/wp-content\/uploads\/2026\/04\/WhatsApp-Image-2026-04-24-at-20.15.37-3-300x200.jpeg\" alt=\"\" width=\"300\" height=\"200\" srcset=\"https:\/\/radioiep.com\/site\/wp-content\/uploads\/2026\/04\/WhatsApp-Image-2026-04-24-at-20.15.37-3-300x200.jpeg 300w, https:\/\/radioiep.com\/site\/wp-content\/uploads\/2026\/04\/WhatsApp-Image-2026-04-24-at-20.15.37-3-1024x682.jpeg 1024w, https:\/\/radioiep.com\/site\/wp-content\/uploads\/2026\/04\/WhatsApp-Image-2026-04-24-at-20.15.37-3-768x512.jpeg 768w, https:\/\/radioiep.com\/site\/wp-content\/uploads\/2026\/04\/WhatsApp-Image-2026-04-24-at-20.15.37-3-1536x1023.jpeg 1536w, https:\/\/radioiep.com\/site\/wp-content\/uploads\/2026\/04\/WhatsApp-Image-2026-04-24-at-20.15.37-3.jpeg 1600w\" sizes=\"(max-width: 300px) 100vw, 300px\" \/><img loading=\"lazy\" decoding=\"async\" class=\"alignnone size-medium wp-image-3756\" src=\"https:\/\/radioiep.com\/site\/wp-content\/uploads\/2026\/04\/WhatsApp-Image-2026-04-24-at-20.15.37-2-300x200.jpeg\" alt=\"\" width=\"300\" height=\"200\" srcset=\"https:\/\/radioiep.com\/site\/wp-content\/uploads\/2026\/04\/WhatsApp-Image-2026-04-24-at-20.15.37-2-300x200.jpeg 300w, https:\/\/radioiep.com\/site\/wp-content\/uploads\/2026\/04\/WhatsApp-Image-2026-04-24-at-20.15.37-2-1024x682.jpeg 1024w, https:\/\/radioiep.com\/site\/wp-content\/uploads\/2026\/04\/WhatsApp-Image-2026-04-24-at-20.15.37-2-768x512.jpeg 768w, https:\/\/radioiep.com\/site\/wp-content\/uploads\/2026\/04\/WhatsApp-Image-2026-04-24-at-20.15.37-2-1536x1023.jpeg 1536w, https:\/\/radioiep.com\/site\/wp-content\/uploads\/2026\/04\/WhatsApp-Image-2026-04-24-at-20.15.37-2.jpeg 1600w\" sizes=\"(max-width: 300px) 100vw, 300px\" \/><img loading=\"lazy\" decoding=\"async\" class=\"alignnone size-medium wp-image-3755\" src=\"https:\/\/radioiep.com\/site\/wp-content\/uploads\/2026\/04\/WhatsApp-Image-2026-04-24-at-20.15.37-1-300x200.jpeg\" alt=\"\" width=\"300\" height=\"200\" srcset=\"https:\/\/radioiep.com\/site\/wp-content\/uploads\/2026\/04\/WhatsApp-Image-2026-04-24-at-20.15.37-1-300x200.jpeg 300w, https:\/\/radioiep.com\/site\/wp-content\/uploads\/2026\/04\/WhatsApp-Image-2026-04-24-at-20.15.37-1-1024x682.jpeg 1024w, https:\/\/radioiep.com\/site\/wp-content\/uploads\/2026\/04\/WhatsApp-Image-2026-04-24-at-20.15.37-1-768x512.jpeg 768w, https:\/\/radioiep.com\/site\/wp-content\/uploads\/2026\/04\/WhatsApp-Image-2026-04-24-at-20.15.37-1-1536x1023.jpeg 1536w, https:\/\/radioiep.com\/site\/wp-content\/uploads\/2026\/04\/WhatsApp-Image-2026-04-24-at-20.15.37-1.jpeg 1600w\" sizes=\"(max-width: 300px) 100vw, 300px\" \/><img loading=\"lazy\" decoding=\"async\" class=\"alignnone size-medium wp-image-3762\" src=\"https:\/\/radioiep.com\/site\/wp-content\/uploads\/2026\/04\/WhatsApp-Image-2026-04-24-at-20.15.38-300x200.jpeg\" alt=\"\" width=\"300\" height=\"200\" srcset=\"https:\/\/radioiep.com\/site\/wp-content\/uploads\/2026\/04\/WhatsApp-Image-2026-04-24-at-20.15.38-300x200.jpeg 300w, https:\/\/radioiep.com\/site\/wp-content\/uploads\/2026\/04\/WhatsApp-Image-2026-04-24-at-20.15.38-1024x682.jpeg 1024w, https:\/\/radioiep.com\/site\/wp-content\/uploads\/2026\/04\/WhatsApp-Image-2026-04-24-at-20.15.38-768x512.jpeg 768w, https:\/\/radioiep.com\/site\/wp-content\/uploads\/2026\/04\/WhatsApp-Image-2026-04-24-at-20.15.38-1536x1023.jpeg 1536w, https:\/\/radioiep.com\/site\/wp-content\/uploads\/2026\/04\/WhatsApp-Image-2026-04-24-at-20.15.38.jpeg 1600w\" sizes=\"(max-width: 300px) 100vw, 300px\" \/><\/p>\n<p><img loading=\"lazy\" decoding=\"async\" class=\"alignnone size-medium wp-image-3760\" src=\"https:\/\/radioiep.com\/site\/wp-content\/uploads\/2026\/04\/WhatsApp-Image-2026-04-24-at-20.15.37-202x300.jpeg\" alt=\"\" width=\"202\" height=\"300\" srcset=\"https:\/\/radioiep.com\/site\/wp-content\/uploads\/2026\/04\/WhatsApp-Image-2026-04-24-at-20.15.37-202x300.jpeg 202w, https:\/\/radioiep.com\/site\/wp-content\/uploads\/2026\/04\/WhatsApp-Image-2026-04-24-at-20.15.37-690x1024.jpeg 690w, https:\/\/radioiep.com\/site\/wp-content\/uploads\/2026\/04\/WhatsApp-Image-2026-04-24-at-20.15.37-768x1140.jpeg 768w, https:\/\/radioiep.com\/site\/wp-content\/uploads\/2026\/04\/WhatsApp-Image-2026-04-24-at-20.15.37-1035x1536.jpeg 1035w, https:\/\/radioiep.com\/site\/wp-content\/uploads\/2026\/04\/WhatsApp-Image-2026-04-24-at-20.15.37.jpeg 1078w\" sizes=\"(max-width: 202px) 100vw, 202px\" \/><img loading=\"lazy\" decoding=\"async\" class=\"alignnone size-medium wp-image-3761\" src=\"https:\/\/radioiep.com\/site\/wp-content\/uploads\/2026\/04\/WhatsApp-Image-2026-04-24-at-20.15.38-1-225x300.jpeg\" alt=\"\" width=\"225\" height=\"300\" srcset=\"https:\/\/radioiep.com\/site\/wp-content\/uploads\/2026\/04\/WhatsApp-Image-2026-04-24-at-20.15.38-1-225x300.jpeg 225w, https:\/\/radioiep.com\/site\/wp-content\/uploads\/2026\/04\/WhatsApp-Image-2026-04-24-at-20.15.38-1-768x1024.jpeg 768w, https:\/\/radioiep.com\/site\/wp-content\/uploads\/2026\/04\/WhatsApp-Image-2026-04-24-at-20.15.38-1-1152x1536.jpeg 1152w, https:\/\/radioiep.com\/site\/wp-content\/uploads\/2026\/04\/WhatsApp-Image-2026-04-24-at-20.15.38-1.jpeg 1200w\" sizes=\"(max-width: 225px) 100vw, 225px\" \/><\/p>\n<p style=\"text-align: left;\">Por, <strong>Val Alves<\/strong> &#8211; Experi\u00eancia como Inspiradora no WCD-2026<br \/>\nBetim-MG<\/p>\n","protected":false},"excerpt":{"rendered":"<p>A cidade de Belo Horizonte celebrou o poder transformador da criatividade no \u00faltimo dia 18 de abril, durante a abertura do World Creativity Day 2026 (WCD 2026). A atividade foi realizada na Institui\u00e7\u00e3o Ramacrisna na cidade de Betim, MG. MG, reunindo cerca de 80 participantes de diferentes idades em uma experi\u00eancia coletiva marcada por arte, [&hellip;]<\/p>\n","protected":false},"author":3,"featured_media":3759,"comment_status":"open","ping_status":"open","sticky":false,"template":"","format":"standard","meta":{"footnotes":""},"categories":[10,9,13,14,15],"tags":[],"class_list":["post-3750","post","type-post","status-publish","format-standard","has-post-thumbnail","hentry","category-arte","category-artigos","category-cultura","category-educacao","category-sociedade"],"_links":{"self":[{"href":"https:\/\/radioiep.com\/site\/wp-json\/wp\/v2\/posts\/3750","targetHints":{"allow":["GET"]}}],"collection":[{"href":"https:\/\/radioiep.com\/site\/wp-json\/wp\/v2\/posts"}],"about":[{"href":"https:\/\/radioiep.com\/site\/wp-json\/wp\/v2\/types\/post"}],"author":[{"embeddable":true,"href":"https:\/\/radioiep.com\/site\/wp-json\/wp\/v2\/users\/3"}],"replies":[{"embeddable":true,"href":"https:\/\/radioiep.com\/site\/wp-json\/wp\/v2\/comments?post=3750"}],"version-history":[{"count":9,"href":"https:\/\/radioiep.com\/site\/wp-json\/wp\/v2\/posts\/3750\/revisions"}],"predecessor-version":[{"id":3768,"href":"https:\/\/radioiep.com\/site\/wp-json\/wp\/v2\/posts\/3750\/revisions\/3768"}],"wp:featuredmedia":[{"embeddable":true,"href":"https:\/\/radioiep.com\/site\/wp-json\/wp\/v2\/media\/3759"}],"wp:attachment":[{"href":"https:\/\/radioiep.com\/site\/wp-json\/wp\/v2\/media?parent=3750"}],"wp:term":[{"taxonomy":"category","embeddable":true,"href":"https:\/\/radioiep.com\/site\/wp-json\/wp\/v2\/categories?post=3750"},{"taxonomy":"post_tag","embeddable":true,"href":"https:\/\/radioiep.com\/site\/wp-json\/wp\/v2\/tags?post=3750"}],"curies":[{"name":"wp","href":"https:\/\/api.w.org\/{rel}","templated":true}]}}