{"id":3719,"date":"2026-03-02T13:53:09","date_gmt":"2026-03-02T13:53:09","guid":{"rendered":"https:\/\/radioiep.com\/site\/?p=3719"},"modified":"2026-03-02T13:53:19","modified_gmt":"2026-03-02T13:53:19","slug":"a-fragmentacao-politica-em-betim-desafios-e-caminhos-para-uma-representacao-estrategica-e-inclusiva","status":"publish","type":"post","link":"https:\/\/radioiep.com\/site\/a-fragmentacao-politica-em-betim-desafios-e-caminhos-para-uma-representacao-estrategica-e-inclusiva\/","title":{"rendered":"A Fragmenta\u00e7\u00e3o Pol\u00edtica em Betim: Desafios e Caminhos para uma Representa\u00e7\u00e3o Estrat\u00e9gica e Inclusiva"},"content":{"rendered":"<p><img decoding=\"async\" class=\"alignnone wp-image-3717\" src=\"https:\/\/radioiep.com\/site\/wp-content\/uploads\/2026\/03\/Betim-MG-300x209.png\" alt=\"\" width=\"207\" height=\"144\" srcset=\"https:\/\/radioiep.com\/site\/wp-content\/uploads\/2026\/03\/Betim-MG-300x209.png 300w, https:\/\/radioiep.com\/site\/wp-content\/uploads\/2026\/03\/Betim-MG.png 714w\" sizes=\"(max-width: 207px) 100vw, 207px\" \/><\/p>\n<p><b>RESUMO<\/b><\/p>\n<p><span style=\"font-weight: 400;\">Este artigo discute a fragmenta\u00e7\u00e3o pol\u00edtica em Betim, evidenciando como a multiplicidade de candidaturas enfraquece a representa\u00e7\u00e3o da cidade nas esferas estadual e federal. Aborda-se tamb\u00e9m a exclus\u00e3o da participa\u00e7\u00e3o feminina na pol\u00edtica local, reflexo do machismo estrutural, e a concentra\u00e7\u00e3o de poder por uma elite hegem\u00f4nica. Defende-se a uni\u00e3o estrat\u00e9gica entre candidaturas, onde o fortalecimento das pol\u00edticas p\u00fablicas deixa a desejar .<\/span><\/p>\n<p><span style=\"font-weight: 400;\">Precisamos de pol\u00edticos com compromisso \u00e9tico com a verdade como caminhos para uma pol\u00edtica mais efetiva e representativa.<\/span><\/p>\n<p><span style=\"font-weight: 400;\">\u00a0<\/span><\/p>\n<p><b>1- INTRODU\u00c7\u00c3O<\/b><\/p>\n<p><span style=\"font-weight: 400;\">A pol\u00edtica em Betim, cidade de grande porte e relev\u00e2ncia no cen\u00e1rio pol\u00edtico, enfrenta desafios hist\u00f3ricos relacionados \u00e0 fragmenta\u00e7\u00e3o das candidaturas e \u00e0 aus\u00eancia de articula\u00e7\u00e3o estrat\u00e9gica entre os atores pol\u00edticos. Embora a cidade tenha potencial para eleger representantes em diferentes esferas, como deputados federal e estadual, a l\u00f3gica individualista e a disputa interna comprometem a efetividade da representa\u00e7\u00e3o betinense.<\/span><\/p>\n<p><span style=\"font-weight: 400;\">O presente texto prop\u00f5e uma reflex\u00e3o cr\u00edtica sobre esse cen\u00e1rio, destacando a necessidade de uni\u00e3o, planejamento e respeito \u00e0s diferen\u00e7as como condi\u00e7\u00f5es para o fortalecimento pol\u00edtico da cidade.<\/span><\/p>\n<p>&nbsp;<\/p>\n<p><b>2 &#8211; A FRAGMENTA\u00c7\u00c3O POL\u00cdTICA E SEUS EFEITOS<\/b><\/p>\n<p><span style=\"font-weight: 400;\">A cada ciclo eleitoral, observa-se em Betim um n\u00famero expressivo de pr\u00e9-candidatos disputando os mesmos cargos. Em vez de unirem for\u00e7as em torno de projetos comuns, as lideran\u00e7as pol\u00edticas fragmentam o eleitorado, inviabilizando a elei\u00e7\u00e3o de representantes com capacidade de articula\u00e7\u00e3o em Bras\u00edlia e na Assembleia Legislativa.<\/span><\/p>\n<p><span style=\"font-weight: 400;\">Essa l\u00f3gica fragiliza a cidade, que anualmente perde oportunidades de investimento e representa\u00e7\u00e3o qualificada por falta de estrat\u00e9gia coletiva. Como alerta a literatura pol\u00edtica, a uni\u00e3o em torno de candidaturas vi\u00e1veis \u00e9 condi\u00e7\u00e3o para o \u00eaxito eleitoral e para a conquista de espa\u00e7os de poder.<\/span><\/p>\n<p><span style=\"font-weight: 400;\">\u00a0<\/span><\/p>\n<p><b>3 &#8211; A EXCLUS\u00c3O FEMININA E A ELITE HEGEM\u00d4NICA<\/b><\/p>\n<p><span style=\"font-weight: 400;\">Outro aspecto central \u00e9 o lugar reservado \u00e0s mulheres na pol\u00edtica betinense. A for\u00e7a feminina \u00e9 constantemente subjugada por pr\u00e1ticas de machismo estrutural que limitam sua participa\u00e7\u00e3o e protagonismo. Paralelamente, observa-se a manuten\u00e7\u00e3o de uma elite pol\u00edtica homog\u00eanea, majoritariamente branca, que dita as regras e restringe o acesso de novos atores ao jogo pol\u00edtico.<\/span><\/p>\n<p><span style=\"font-weight: 400;\">A supera\u00e7\u00e3o desse quadro exige a\u00e7\u00f5es afirmativas, di\u00e1logo e a constru\u00e7\u00e3o de alian\u00e7as que incluam as mulheres como protagonistas, valorizando suas trajet\u00f3rias e talentos.\u00a0<\/span><\/p>\n<p>&nbsp;<\/p>\n<p><b>4 &#8211; A NECESSIDADE DE UNI\u00c3O E ESTRAT\u00c9GIA<\/b><\/p>\n<p><span style=\"font-weight: 400;\">Betim tem dimens\u00f5es e densidade eleitoral suficientes para eleger, no m\u00ednimo, dois deputados de cada esfera, se houvesse uni\u00e3o. Contudo, para que isso ocorra, \u00e9 indispens\u00e1vel que as lideran\u00e7as locais superem disputas partid\u00e1rias est\u00e9reis e atuem com vis\u00e3o estrat\u00e9gica. A pol\u00edtica, quando orientada por interesses coletivos, \u00e9 capaz de gerar conquistas duradouras.<\/span><\/p>\n<p><span style=\"font-weight: 400;\">\u00c9 preciso respeitar as virtudes e os talentos de cada ator pol\u00edtico, construindo acordos que fortale\u00e7am a cidade como um todo. A popula\u00e7\u00e3o betinense \u00e9 acolhedora, trabalhadora e diversa, merece representantes comprometidos com o bem comum e n\u00e3o com ambi\u00e7\u00f5es pessoais.<\/span><\/p>\n<p><span style=\"font-weight: 400;\">\u00a0<\/span><\/p>\n<p><b>5 &#8211; \u00c9TICA, VERDADE E COMPROMISSO COM O POVO<\/b><\/p>\n<p><span style=\"font-weight: 400;\">Nas \u00faltimas d\u00e9cadas, tem sido custoso eleger representantes que efetivamente atuem em defesa dos interesses de Betim. A descren\u00e7a popular nas institui\u00e7\u00f5es pol\u00edticas \u00e9 alimentada por promessas vazias e discursos desconectados da realidade. O eleitor, cada vez mais consciente, exige coer\u00eancia entre o dito e o feito.<\/span><\/p>\n<p><span style=\"font-weight: 400;\">O pol\u00edtico verdadeiro \u00e9 aquele que honra sua palavra, que reconhece os limites de sua atua\u00e7\u00e3o e que coloca as pol\u00edticas p\u00fablicas acima da pr\u00f3pria imagem. Como afirma a sabedoria popular, \u201co que faz o pol\u00edtico s\u00e3o suas a\u00e7\u00f5es no cotidiano; o resto \u00e9 balela\u201d.<\/span><\/p>\n<p><span style=\"font-weight: 400;\">\u00a0<\/span><\/p>\n<p><b>6 &#8211; A POL\u00cdTICA COMO LUTA COLETIVA<\/b><\/p>\n<p><span style=\"font-weight: 400;\">A pol\u00edtica \u00e9, por natureza, espa\u00e7o de disputa, for\u00e7as e interesses. No entanto, os melhores resultados s\u00e3o alcan\u00e7ados por aqueles que conseguem articular alian\u00e7as s\u00f3lidas e atuar de forma coletiva. A ambi\u00e7\u00e3o, quando desmedida, corr\u00f3i a confian\u00e7a e inviabiliza conquistas.<\/span><\/p>\n<p><span style=\"font-weight: 400;\">Nesse sentido, \u00e9 fundamental que as mulheres \u2014 historicamente exclu\u00eddas \u2014 superem rivalidades e construam redes de apoio m\u00fatuo. A uni\u00e3o feminina em defesa de pol\u00edticas p\u00fablicas e de espa\u00e7os de poder pode transformar a realidade pol\u00edtica da cidade.<\/span><\/p>\n<p><span style=\"font-weight: 400;\">\u00a0<\/span><\/p>\n<p><span style=\"font-weight: 400;\">\u00a0<\/span><b>7 &#8211; CONSIDERA\u00c7\u00d5ES FINAIS<\/b><\/p>\n<p><span style=\"font-weight: 400;\">A pol\u00edtica betinense precisa romper com a cultura da fragmenta\u00e7\u00e3o, do personalismo e da exclus\u00e3o. Investir em alian\u00e7as estrat\u00e9gicas, valorizar a diversidade e comprometer-se com a verdade s\u00e3o passos essenciais para que Betim ocupe, de fato, o lugar que lhe cabe no cen\u00e1rio pol\u00edtico estadual e nacional.<\/span><\/p>\n<p><span style=\"font-weight: 400;\">Que os atores pol\u00edticos locais repensem suas pr\u00e1ticas, priorizem o interesse p\u00fablico e atuem com responsabilidade. Afinal, Betim \u00e9 uma cidade viva, tem gente que come, bebe, nasce, morre e que precisa de representantes \u00e0 altura de sua grandeza.\u00a0<\/span><\/p>\n<p><span style=\"font-weight: 400;\">\u00a0<\/span><\/p>\n<p>&nbsp;<\/p>\n<p><b>REFER\u00caNCIAS<\/b><\/p>\n<p><span style=\"font-weight: 400;\">\u201cEscreviv\u00eancias do cotidiano\u201d de Val Alves, da sua p\u00e1gina, @pergaminhos-poeticos<\/span><br \/>\n<span style=\"font-weight: 400;\">Palavras-chave: Betim; fragmenta\u00e7\u00e3o pol\u00edtica; representa\u00e7\u00e3o feminina; estrat\u00e9gia pol\u00edtica; \u00e9tica p\u00fablica<\/span><\/p>\n<p>&nbsp;<\/p>\n<p><span style=\"font-weight: 400;\">Autoria: Val Alves (poeta, escritora e gestora de projetos)<\/span><br \/>\nR\u00e1dio Internacional em Portugu\u00eas<br \/>\nAssocia\u00e7\u00e3o Arte e Cultura em L\u00edngua Portuguesa<\/p>\n<p>&nbsp;<\/p>\n","protected":false},"excerpt":{"rendered":"<p>RESUMO Este artigo discute a fragmenta\u00e7\u00e3o pol\u00edtica em Betim, evidenciando como a multiplicidade de candidaturas enfraquece a representa\u00e7\u00e3o da cidade nas esferas estadual e federal. Aborda-se tamb\u00e9m a exclus\u00e3o da participa\u00e7\u00e3o feminina na pol\u00edtica local, reflexo do machismo estrutural, e a concentra\u00e7\u00e3o de poder por uma elite hegem\u00f4nica. Defende-se a uni\u00e3o estrat\u00e9gica entre candidaturas, onde [&hellip;]<\/p>\n","protected":false},"author":3,"featured_media":3717,"comment_status":"open","ping_status":"open","sticky":false,"template":"","format":"standard","meta":{"footnotes":""},"categories":[9,24,15],"tags":[],"class_list":["post-3719","post","type-post","status-publish","format-standard","has-post-thumbnail","hentry","category-artigos","category-opiniao","category-sociedade"],"_links":{"self":[{"href":"https:\/\/radioiep.com\/site\/wp-json\/wp\/v2\/posts\/3719","targetHints":{"allow":["GET"]}}],"collection":[{"href":"https:\/\/radioiep.com\/site\/wp-json\/wp\/v2\/posts"}],"about":[{"href":"https:\/\/radioiep.com\/site\/wp-json\/wp\/v2\/types\/post"}],"author":[{"embeddable":true,"href":"https:\/\/radioiep.com\/site\/wp-json\/wp\/v2\/users\/3"}],"replies":[{"embeddable":true,"href":"https:\/\/radioiep.com\/site\/wp-json\/wp\/v2\/comments?post=3719"}],"version-history":[{"count":3,"href":"https:\/\/radioiep.com\/site\/wp-json\/wp\/v2\/posts\/3719\/revisions"}],"predecessor-version":[{"id":3722,"href":"https:\/\/radioiep.com\/site\/wp-json\/wp\/v2\/posts\/3719\/revisions\/3722"}],"wp:featuredmedia":[{"embeddable":true,"href":"https:\/\/radioiep.com\/site\/wp-json\/wp\/v2\/media\/3717"}],"wp:attachment":[{"href":"https:\/\/radioiep.com\/site\/wp-json\/wp\/v2\/media?parent=3719"}],"wp:term":[{"taxonomy":"category","embeddable":true,"href":"https:\/\/radioiep.com\/site\/wp-json\/wp\/v2\/categories?post=3719"},{"taxonomy":"post_tag","embeddable":true,"href":"https:\/\/radioiep.com\/site\/wp-json\/wp\/v2\/tags?post=3719"}],"curies":[{"name":"wp","href":"https:\/\/api.w.org\/{rel}","templated":true}]}}