{"id":3708,"date":"2026-02-27T01:20:38","date_gmt":"2026-02-27T01:20:38","guid":{"rendered":"https:\/\/radioiep.com\/site\/?p=3708"},"modified":"2026-02-27T01:20:38","modified_gmt":"2026-02-27T01:20:38","slug":"voce-aluno-timorense-no-movimento-da-poesia","status":"publish","type":"post","link":"https:\/\/radioiep.com\/site\/voce-aluno-timorense-no-movimento-da-poesia\/","title":{"rendered":"Voc\u00ea, aluno timorense, no movimento da poesia"},"content":{"rendered":"<p><span style=\"font-weight: 400;\"><img decoding=\"async\" class=\"alignnone  wp-image-3709\" src=\"https:\/\/radioiep.com\/site\/wp-content\/uploads\/2026\/02\/Timor-Leste-Poesia-em-Movimento-212x300.jpeg\" alt=\"\" width=\"109\" height=\"154\" srcset=\"https:\/\/radioiep.com\/site\/wp-content\/uploads\/2026\/02\/Timor-Leste-Poesia-em-Movimento-212x300.jpeg 212w, https:\/\/radioiep.com\/site\/wp-content\/uploads\/2026\/02\/Timor-Leste-Poesia-em-Movimento-724x1024.jpeg 724w, https:\/\/radioiep.com\/site\/wp-content\/uploads\/2026\/02\/Timor-Leste-Poesia-em-Movimento-768x1086.jpeg 768w, https:\/\/radioiep.com\/site\/wp-content\/uploads\/2026\/02\/Timor-Leste-Poesia-em-Movimento-1086x1536.jpeg 1086w, https:\/\/radioiep.com\/site\/wp-content\/uploads\/2026\/02\/Timor-Leste-Poesia-em-Movimento.jpeg 1131w\" sizes=\"(max-width: 109px) 100vw, 109px\" \/>Ol<\/span>\u00e1, estudantes do 3.\u00ba Ciclo, secund\u00e1rio e superior, regularmente matriculados em institui\u00e7\u00f5es de ensino em Timor-Leste, voc\u00eas sabem que suas vozes t\u00eam lugar, certo?<\/p>\n<p><span style=\"font-weight: 400;\">E sabem onde?\u00a0<\/span><\/p>\n<p><span style=\"font-weight: 400;\">Em comemora\u00e7\u00e3o ao Dia Mundial da Poesia, o Centro de L\u00edngua Portuguesa da Universidade Nacional Timor Lorosa\u2019e (CLP-UNTL) estar\u00e1 promovendo o Concurso de Poesia &#8211; Poesia em Movimento, no \u00e2mbito das comemora\u00e7\u00f5es deste grande dia, celebrado em 21 de mar\u00e7o.<\/span><\/p>\n<p><span style=\"font-weight: 400;\">Visando incentivar a escrita po\u00e9tica em l\u00edngua portuguesa, valorizar a express\u00e3o individual e a criatividade liter\u00e1ria, refor\u00e7ar a liga\u00e7\u00e3o entre l\u00edngua, territ\u00f3rio e identidade, tamb\u00e9m promover a coopera\u00e7\u00e3o entre institui\u00e7\u00f5es de ensino.<\/span><\/p>\n<p><span style=\"font-weight: 400;\">Ent\u00e3o, j\u00e1 deu para perceber que o seu lugar \u00e9 no movimento da poesia. E esta \u00e9 a chance de mostrar o seu talento. Saiba que n\u00f3s, da R\u00e1dio Internacional em Portugu\u00eas, estamos na torcida por voc\u00ea. <img fetchpriority=\"high\" decoding=\"async\" class=\"aligncenter wp-image-3710 size-full\" src=\"https:\/\/radioiep.com\/site\/wp-content\/uploads\/2026\/02\/Timor-RIEP.jpeg\" alt=\"\" width=\"1000\" height=\"1554\" srcset=\"https:\/\/radioiep.com\/site\/wp-content\/uploads\/2026\/02\/Timor-RIEP.jpeg 1000w, https:\/\/radioiep.com\/site\/wp-content\/uploads\/2026\/02\/Timor-RIEP-193x300.jpeg 193w, https:\/\/radioiep.com\/site\/wp-content\/uploads\/2026\/02\/Timor-RIEP-659x1024.jpeg 659w, https:\/\/radioiep.com\/site\/wp-content\/uploads\/2026\/02\/Timor-RIEP-768x1193.jpeg 768w, https:\/\/radioiep.com\/site\/wp-content\/uploads\/2026\/02\/Timor-RIEP-988x1536.jpeg 988w\" sizes=\"(max-width: 1000px) 100vw, 1000px\" \/><\/span><\/p>\n<p><span style=\"font-weight: 400;\">Para participar, sigam as regras do edital e regulamento, mas n\u00e3o deixem para participar na \u00faltima hora. Antecipem-se, preparem-se e deixem a sua inspira\u00e7\u00e3o fluir, dando voz ao seu talento. Os textos devem ser enviados at\u00e9 o dia 14 de mar\u00e7o para o endere\u00e7o eletr\u00f4nico <\/span><a href=\"mailto:clp@untl.edu.tl\"><span style=\"font-weight: 400;\">clp@untl.edu.tl<\/span><\/a><span style=\"font-weight: 400;\">.\u00a0<\/span><\/p>\n<p><span style=\"font-weight: 400;\">Como fontes de inspira\u00e7\u00e3o, voc\u00eas podem associar o seu poema a um local de origem, espa\u00e7o de mem\u00f3ria ou territ\u00f3rio significativo, podendo ser ilustrados, se enquadrando ao tema proposto: O meu lugar, a minha voz.<\/span><\/p>\n<p><b>Regulamento:<\/b><\/p>\n<p><a href=\"https:\/\/drive.google.com\/file\/d\/15Kr3LtsCRDyfNoSZ1seRMc7mBIeWdWU7\/view?usp=sharing\"><span style=\"font-weight: 400;\">https:\/\/drive.google.com\/file\/d\/15Kr3LtsCRDyfNoSZ1seRMc7mBIeWdWU7\/view?usp=sharing<\/span><\/a><\/p>\n<p><b>Ficha de identifica\u00e7\u00e3o:<\/b><\/p>\n<p><a href=\"https:\/\/drive.google.com\/file\/d\/1IfYrH_S0kmnx-5-68INNOKSIUI-RXzXg\/view?usp=sharing\"><span style=\"font-weight: 400;\">https:\/\/drive.google.com\/file\/d\/1IfYrH_S0kmnx-5-68INNOKSIUI-RXzXg\/view?usp=sharing<\/span><\/a><\/p>\n<p><b>Declara\u00e7\u00e3o de autor: <\/b><a href=\"https:\/\/drive.google.com\/file\/d\/1ymXg4rv_rELbvqHy7EGzKiOgtHrkz4_G\/view?usp=sharing\"><span style=\"font-weight: 400;\">https:\/\/drive.google.com\/file\/d\/1ymXg4rv_rELbvqHy7EGzKiOgtHrkz4_G\/view?usp=sharing<\/span><\/a><\/p>\n<p>&nbsp;<\/p>\n<p><span style=\"font-weight: 400;\">Participem e boa sorte!<\/span><\/p>\n<p>&nbsp;<\/p>\n<p style=\"text-align: left;\"><b>Luiz Nascimento<\/b><br \/>\n<span style=\"font-weight: 400;\">R\u00e1dio Internacional em Portugu\u00eas<\/span><br \/>\n<span style=\"font-weight: 400;\">Associa\u00e7\u00e3o Arte e Cultura em L\u00edngua Portuguesa<\/span><\/p>\n","protected":false},"excerpt":{"rendered":"<p>Ol\u00e1, estudantes do 3.\u00ba Ciclo, secund\u00e1rio e superior, regularmente matriculados em institui\u00e7\u00f5es de ensino em Timor-Leste, voc\u00eas sabem que suas vozes t\u00eam lugar, certo? E sabem onde?\u00a0 Em comemora\u00e7\u00e3o ao Dia Mundial da Poesia, o Centro de L\u00edngua Portuguesa da Universidade Nacional Timor Lorosa\u2019e (CLP-UNTL) estar\u00e1 promovendo o Concurso de Poesia &#8211; Poesia em Movimento, [&hellip;]<\/p>\n","protected":false},"author":3,"featured_media":3709,"comment_status":"open","ping_status":"open","sticky":false,"template":"","format":"standard","meta":{"footnotes":""},"categories":[13,73,15],"tags":[],"class_list":["post-3708","post","type-post","status-publish","format-standard","has-post-thumbnail","hentry","category-cultura","category-literatura","category-sociedade"],"_links":{"self":[{"href":"https:\/\/radioiep.com\/site\/wp-json\/wp\/v2\/posts\/3708","targetHints":{"allow":["GET"]}}],"collection":[{"href":"https:\/\/radioiep.com\/site\/wp-json\/wp\/v2\/posts"}],"about":[{"href":"https:\/\/radioiep.com\/site\/wp-json\/wp\/v2\/types\/post"}],"author":[{"embeddable":true,"href":"https:\/\/radioiep.com\/site\/wp-json\/wp\/v2\/users\/3"}],"replies":[{"embeddable":true,"href":"https:\/\/radioiep.com\/site\/wp-json\/wp\/v2\/comments?post=3708"}],"version-history":[{"count":5,"href":"https:\/\/radioiep.com\/site\/wp-json\/wp\/v2\/posts\/3708\/revisions"}],"predecessor-version":[{"id":3715,"href":"https:\/\/radioiep.com\/site\/wp-json\/wp\/v2\/posts\/3708\/revisions\/3715"}],"wp:featuredmedia":[{"embeddable":true,"href":"https:\/\/radioiep.com\/site\/wp-json\/wp\/v2\/media\/3709"}],"wp:attachment":[{"href":"https:\/\/radioiep.com\/site\/wp-json\/wp\/v2\/media?parent=3708"}],"wp:term":[{"taxonomy":"category","embeddable":true,"href":"https:\/\/radioiep.com\/site\/wp-json\/wp\/v2\/categories?post=3708"},{"taxonomy":"post_tag","embeddable":true,"href":"https:\/\/radioiep.com\/site\/wp-json\/wp\/v2\/tags?post=3708"}],"curies":[{"name":"wp","href":"https:\/\/api.w.org\/{rel}","templated":true}]}}