{"id":3682,"date":"2026-02-18T23:23:59","date_gmt":"2026-02-18T23:23:59","guid":{"rendered":"https:\/\/radioiep.com\/site\/?p=3682"},"modified":"2026-02-20T20:43:23","modified_gmt":"2026-02-20T20:43:23","slug":"um-carnaval-bem-brasileiro","status":"publish","type":"post","link":"https:\/\/radioiep.com\/site\/um-carnaval-bem-brasileiro\/","title":{"rendered":"\u201cUm Carnaval Bem Brasileiro\u201d"},"content":{"rendered":"<p><span style=\"font-weight: 400;\"><img decoding=\"async\" class=\"alignnone  wp-image-3702\" src=\"https:\/\/radioiep.com\/site\/wp-content\/uploads\/2026\/02\/BlocoTuComTudo1-300x219.jpeg\" alt=\"\" width=\"175\" height=\"128\" srcset=\"https:\/\/radioiep.com\/site\/wp-content\/uploads\/2026\/02\/BlocoTuComTudo1-300x219.jpeg 300w, https:\/\/radioiep.com\/site\/wp-content\/uploads\/2026\/02\/BlocoTuComTudo1-768x562.jpeg 768w, https:\/\/radioiep.com\/site\/wp-content\/uploads\/2026\/02\/BlocoTuComTudo1.jpeg 857w\" sizes=\"(max-width: 175px) 100vw, 175px\" \/>A folia tom<\/span><span>ou conta<\/span><span>\u00a0do<\/span><span>s p<\/span><span>o<\/span><span>ntos carnavalescos e<\/span>m Betim. &#8220;Um Carnaval Bem Brasileiro&#8221;, tipicamente de nossa tradi\u00e7\u00e3o. O pa\u00eds celebrou com muita energia esse momento, como sempre fez em v\u00e1rias localidades. Em Betim, Minas Gerais, n\u00e3o foi diferente. V\u00e1rios blocos se divertiram e curtiram a folia com respeito e muita alegria.<\/p>\n<p><em><strong>Trupe T\u00fa Co<\/strong><\/em><em><strong>m Tudo<\/strong><\/em><\/p>\n<p><a href=\"https:\/\/youtube.com\/shorts\/xpiVoy6xKPQ?feature=share\"><span style=\"font-weight: 400;\">https:\/\/youtube.com\/shorts\/xpiVoy6xKPQ?feature=share<\/span><\/a><\/p>\n<p><span style=\"font-weight: 400;\">Por exemplo, o @blocotucomtudo chegou com tudo, e <\/span>Betim parou para ver a magia do circo ocupar as ruas. Foi lindo ver um desfile transbordando alegria, malabares, pernas de pau e muitos sorrisos em fam\u00edlia. Com o tema &#8220;Um Carnaval Bem Brasileiro&#8221;, celebramos nossa cultura, com o p\u00e9 no ch\u00e3o e o cora\u00e7\u00e3o no c\u00e9u! Esse foi s\u00f3 o come\u00e7o de uma hist\u00f3ria cheia de folia e arte. Organizado e realizado pela Trupe T\u00fa Com Tudo. Sob o\u00a0olhar de @matheus, tivemos bel\u00edssimos registros que voc\u00ea acompanha no v\u00eddeo.<\/p>\n<p><img fetchpriority=\"high\" decoding=\"async\" class=\"alignnone wp-image-3700 size-large\" src=\"https:\/\/radioiep.com\/site\/wp-content\/uploads\/2026\/02\/BlocoTuComTudo2-1024x681.jpeg\" alt=\"\" width=\"800\" height=\"532\" srcset=\"https:\/\/radioiep.com\/site\/wp-content\/uploads\/2026\/02\/BlocoTuComTudo2-1024x681.jpeg 1024w, https:\/\/radioiep.com\/site\/wp-content\/uploads\/2026\/02\/BlocoTuComTudo2-300x200.jpeg 300w, https:\/\/radioiep.com\/site\/wp-content\/uploads\/2026\/02\/BlocoTuComTudo2-768x511.jpeg 768w, https:\/\/radioiep.com\/site\/wp-content\/uploads\/2026\/02\/BlocoTuComTudo2-1536x1022.jpeg 1536w, https:\/\/radioiep.com\/site\/wp-content\/uploads\/2026\/02\/BlocoTuComTudo2-2048x1363.jpeg 2048w\" sizes=\"(max-width: 800px) 100vw, 800px\" \/><\/p>\n<p><span style=\"font-weight: 400;\">Outro momento marcante foi a participa\u00e7\u00e3o do Bloco Samba de Roda Entre Amigos. Destaque no carnaval da cidade. Celebrando a cultura de raiz, fruto da tradi\u00e7\u00e3o de bares e pra\u00e7as. O grupo Samba de Roda Entre Amigos tem realizado com muita maestria e arte a m\u00fasica tipicamente brasileira, o samba e pagode.\u00a0<\/span><\/p>\n<p><em><strong>Samba de Roda Entre Amigos<\/strong><\/em><br \/>\n<a href=\"https:\/\/youtube.com\/shorts\/eX9gwvD9m9M?feature=share\"><span style=\"font-weight: 400;\">https:\/\/youtube.com\/shorts\/eX9gwvD9m9M?feature=share<\/span><\/a><\/p>\n<p><span style=\"font-weight: 400;\">O Carnaval brasileiro \u00e9 tradi\u00e7\u00e3o e movimento contempor\u00e2neo, seguindo o movimento da arte que existe nas pessoas e se manifesta no jeitinho brasileiro.<\/span><\/p>\n<p>&nbsp;<\/p>\n<p>&nbsp;<\/p>\n<p style=\"text-align: right;\">R\u00e1dio Internacional em Portugu\u00eas<br \/>\nAssocia\u00e7\u00e3o Arte e Cultura em L\u00edngua Portuguesa<\/p>\n","protected":false},"excerpt":{"rendered":"<p>A folia tomou conta\u00a0dos pontos carnavalescos em Betim. &#8220;Um Carnaval Bem Brasileiro&#8221;, tipicamente de nossa tradi\u00e7\u00e3o. O pa\u00eds celebrou com muita energia esse momento, como sempre fez em v\u00e1rias localidades. Em Betim, Minas Gerais, n\u00e3o foi diferente. V\u00e1rios blocos se divertiram e curtiram a folia com respeito e muita alegria. Trupe T\u00fa Com Tudo https:\/\/youtube.com\/shorts\/xpiVoy6xKPQ?feature=share [&hellip;]<\/p>\n","protected":false},"author":3,"featured_media":3702,"comment_status":"open","ping_status":"open","sticky":false,"template":"","format":"standard","meta":{"footnotes":""},"categories":[10,25,13],"tags":[],"class_list":["post-3682","post","type-post","status-publish","format-standard","has-post-thumbnail","hentry","category-arte","category-atividades","category-cultura"],"_links":{"self":[{"href":"https:\/\/radioiep.com\/site\/wp-json\/wp\/v2\/posts\/3682","targetHints":{"allow":["GET"]}}],"collection":[{"href":"https:\/\/radioiep.com\/site\/wp-json\/wp\/v2\/posts"}],"about":[{"href":"https:\/\/radioiep.com\/site\/wp-json\/wp\/v2\/types\/post"}],"author":[{"embeddable":true,"href":"https:\/\/radioiep.com\/site\/wp-json\/wp\/v2\/users\/3"}],"replies":[{"embeddable":true,"href":"https:\/\/radioiep.com\/site\/wp-json\/wp\/v2\/comments?post=3682"}],"version-history":[{"count":8,"href":"https:\/\/radioiep.com\/site\/wp-json\/wp\/v2\/posts\/3682\/revisions"}],"predecessor-version":[{"id":3706,"href":"https:\/\/radioiep.com\/site\/wp-json\/wp\/v2\/posts\/3682\/revisions\/3706"}],"wp:featuredmedia":[{"embeddable":true,"href":"https:\/\/radioiep.com\/site\/wp-json\/wp\/v2\/media\/3702"}],"wp:attachment":[{"href":"https:\/\/radioiep.com\/site\/wp-json\/wp\/v2\/media?parent=3682"}],"wp:term":[{"taxonomy":"category","embeddable":true,"href":"https:\/\/radioiep.com\/site\/wp-json\/wp\/v2\/categories?post=3682"},{"taxonomy":"post_tag","embeddable":true,"href":"https:\/\/radioiep.com\/site\/wp-json\/wp\/v2\/tags?post=3682"}],"curies":[{"name":"wp","href":"https:\/\/api.w.org\/{rel}","templated":true}]}}