{"id":3618,"date":"2026-01-27T12:20:40","date_gmt":"2026-01-27T12:20:40","guid":{"rendered":"https:\/\/radioiep.com\/site\/?p=3618"},"modified":"2026-01-27T13:07:48","modified_gmt":"2026-01-27T13:07:48","slug":"arte-urbana-toma-conta-do-candeal-em-tarde-cultural-aberta-ao-publico","status":"publish","type":"post","link":"https:\/\/radioiep.com\/site\/arte-urbana-toma-conta-do-candeal-em-tarde-cultural-aberta-ao-publico\/","title":{"rendered":"Arte Urbana toma conta do Candeal em tarde cultural aberta ao p\u00fablico"},"content":{"rendered":"<h3 style=\"text-align: center;\"><strong>Conex\u00e3o entre artes com performances criativas que impulsionam e transformam<\/strong><\/h3>\n<p>&nbsp;<\/p>\n<p><img fetchpriority=\"high\" decoding=\"async\" class=\"wp-image-3620 aligncenter\" src=\"https:\/\/radioiep.com\/site\/wp-content\/uploads\/2026\/01\/WhatsApp-Image-2026-01-24-at-16.12.21-300x182.jpeg\" alt=\"\" width=\"605\" height=\"367\" srcset=\"https:\/\/radioiep.com\/site\/wp-content\/uploads\/2026\/01\/WhatsApp-Image-2026-01-24-at-16.12.21-300x182.jpeg 300w, https:\/\/radioiep.com\/site\/wp-content\/uploads\/2026\/01\/WhatsApp-Image-2026-01-24-at-16.12.21.jpeg 587w\" sizes=\"(max-width: 605px) 100vw, 605px\" \/><\/p>\n<p><span style=\"font-weight: 400;\">O artista pl\u00e1stico Lu\u00edde Ara\u00fajo convida o p\u00fablico para uma tarde vibrante dedicada \u00e0 Arte Urbana, Arte de Rua ou Street Art, movimento art\u00edstico-cultural que ocupa e transforma as ruas das cidades, criando uma potente fus\u00e3o entre arte, territ\u00f3rio e conviv\u00eancia. O encontro acontece no badalado bairro do Candeal, cen\u00e1rio de efervesc\u00eancia criativa e identidade cultural reconhecida internacionalmente.<\/span><\/p>\n<p><span style=\"font-weight: 400;\">O evento ser\u00e1 realizado no s\u00e1bado, 31 de janeiro, a partir das 13h30, no Bar Acad\u00eamico (Rua Paulo Afonso, 321, Candeal Grande de Brotas), com entrada gratuita. A programa\u00e7\u00e3o inclui interven\u00e7\u00f5es art\u00edsticas ao vivo, performances, encontros criativos e o que mais surgir desse di\u00e1logo espont\u00e2neo entre artistas e p\u00fablico.<\/span><\/p>\n<p><span style=\"font-weight: 400;\">Entre os convidados est\u00e3o o artista Thyago Bols e a apresenta\u00e7\u00e3o musical da banda A Cura, ampliando a experi\u00eancia sensorial da tarde. A iniciativa conta com a parceria da jornalista Luzia Moraes e da agitadora cultural M\u00f4nica Rocha, fortalecendo a conex\u00e3o entre arte, comunica\u00e7\u00e3o e mobiliza\u00e7\u00e3o cultural.<\/span><\/p>\n<p><img decoding=\"async\" class=\"wp-image-3619 aligncenter\" src=\"https:\/\/radioiep.com\/site\/wp-content\/uploads\/2026\/01\/WhatsApp-Image-2026-01-24-at-16.12.21-1-300x138.jpeg\" alt=\"\" width=\"620\" height=\"285\" srcset=\"https:\/\/radioiep.com\/site\/wp-content\/uploads\/2026\/01\/WhatsApp-Image-2026-01-24-at-16.12.21-1-300x138.jpeg 300w, https:\/\/radioiep.com\/site\/wp-content\/uploads\/2026\/01\/WhatsApp-Image-2026-01-24-at-16.12.21-1.jpeg 720w\" sizes=\"(max-width: 620px) 100vw, 620px\" \/><\/p>\n<p><span style=\"font-weight: 400;\">As tintas utilizadas nas interven\u00e7\u00f5es fazem parte de uma doa\u00e7\u00e3o do projeto Pracatum, idealizado pelo artista Carlinhos Brown, refer\u00eancia mundial na valoriza\u00e7\u00e3o da cultura e da criatividade comunit\u00e1ria. O Candeal, que ganhou proje\u00e7\u00e3o internacional com os ensaios da Timbalada, \u00e9 reconhecido como um verdadeiro museu a c\u00e9u aberto, onde a arte pulsa no cotidiano.<\/span><\/p>\n<p><span style=\"font-weight: 400;\">Uma celebra\u00e7\u00e3o da arte em movimento, da rua como galeria e do Candeal como territ\u00f3rio de cria\u00e7\u00e3o. Uma tarde para viver, criar e compartilhar.<\/span><\/p>\n<p>&nbsp;<\/p>\n<p>&nbsp;<\/p>\n<p style=\"text-align: right;\"><span style=\"font-weight: 400;\">Contribui\u00e7\u00e3o de Luzia Moraes<\/span><br \/>\n<span style=\"font-weight: 400;\">R\u00e1dio Internacional em Portugu\u00eas<\/span><br \/>\n<span style=\"font-weight: 400;\">Associa\u00e7\u00e3o Arte e Cultura em L\u00edngua Portuguesa<\/span><\/p>\n","protected":false},"excerpt":{"rendered":"<p>Conex\u00e3o entre artes com performances criativas que impulsionam e transformam &nbsp; O artista pl\u00e1stico Lu\u00edde Ara\u00fajo convida o p\u00fablico para uma tarde vibrante dedicada \u00e0 Arte Urbana, Arte de Rua ou Street Art, movimento art\u00edstico-cultural que ocupa e transforma as ruas das cidades, criando uma potente fus\u00e3o entre arte, territ\u00f3rio e conviv\u00eancia. O encontro acontece [&hellip;]<\/p>\n","protected":false},"author":3,"featured_media":3620,"comment_status":"open","ping_status":"open","sticky":false,"template":"","format":"standard","meta":{"footnotes":""},"categories":[10,13,90,67],"tags":[],"class_list":["post-3618","post","type-post","status-publish","format-standard","has-post-thumbnail","hentry","category-arte","category-cultura","category-luzia-moraes","category-musica"],"_links":{"self":[{"href":"https:\/\/radioiep.com\/site\/wp-json\/wp\/v2\/posts\/3618","targetHints":{"allow":["GET"]}}],"collection":[{"href":"https:\/\/radioiep.com\/site\/wp-json\/wp\/v2\/posts"}],"about":[{"href":"https:\/\/radioiep.com\/site\/wp-json\/wp\/v2\/types\/post"}],"author":[{"embeddable":true,"href":"https:\/\/radioiep.com\/site\/wp-json\/wp\/v2\/users\/3"}],"replies":[{"embeddable":true,"href":"https:\/\/radioiep.com\/site\/wp-json\/wp\/v2\/comments?post=3618"}],"version-history":[{"count":7,"href":"https:\/\/radioiep.com\/site\/wp-json\/wp\/v2\/posts\/3618\/revisions"}],"predecessor-version":[{"id":3629,"href":"https:\/\/radioiep.com\/site\/wp-json\/wp\/v2\/posts\/3618\/revisions\/3629"}],"wp:featuredmedia":[{"embeddable":true,"href":"https:\/\/radioiep.com\/site\/wp-json\/wp\/v2\/media\/3620"}],"wp:attachment":[{"href":"https:\/\/radioiep.com\/site\/wp-json\/wp\/v2\/media?parent=3618"}],"wp:term":[{"taxonomy":"category","embeddable":true,"href":"https:\/\/radioiep.com\/site\/wp-json\/wp\/v2\/categories?post=3618"},{"taxonomy":"post_tag","embeddable":true,"href":"https:\/\/radioiep.com\/site\/wp-json\/wp\/v2\/tags?post=3618"}],"curies":[{"name":"wp","href":"https:\/\/api.w.org\/{rel}","templated":true}]}}