{"id":3581,"date":"2026-03-02T13:53:11","date_gmt":"2026-03-02T13:53:11","guid":{"rendered":"https:\/\/radioiep.com\/site\/?p=3581"},"modified":"2026-03-02T13:53:11","modified_gmt":"2026-03-02T13:53:11","slug":"sarau-lusofono-versos-sem-fronteiras","status":"publish","type":"post","link":"https:\/\/radioiep.com\/site\/sarau-lusofono-versos-sem-fronteiras\/","title":{"rendered":"\u201cSarau Lus\u00f3fono: Versos Sem Fronteiras\u201d"},"content":{"rendered":"<h3 style=\"text-align: center;\"><strong>\u201cEntre Versos e Can\u00e7\u00f5es, Encantos do Cerrado: Sarau Cultural no Cora\u00e7\u00e3o do Norte de Minas\u201d<\/strong><\/h3>\n<p>&nbsp;<\/p>\n<p><img fetchpriority=\"high\" decoding=\"async\" class=\" wp-image-3583 aligncenter\" src=\"https:\/\/radioiep.com\/site\/wp-content\/uploads\/2025\/05\/RIEP-Sarau-2-300x152.png\" alt=\"\" width=\"885\" height=\"448\" srcset=\"https:\/\/radioiep.com\/site\/wp-content\/uploads\/2025\/05\/RIEP-Sarau-2-300x152.png 300w, https:\/\/radioiep.com\/site\/wp-content\/uploads\/2025\/05\/RIEP-Sarau-2-1024x519.png 1024w, https:\/\/radioiep.com\/site\/wp-content\/uploads\/2025\/05\/RIEP-Sarau-2-768x389.png 768w, https:\/\/radioiep.com\/site\/wp-content\/uploads\/2025\/05\/RIEP-Sarau-2.png 1355w\" sizes=\"(max-width: 885px) 100vw, 885px\" \/><\/p>\n<p>&nbsp;<\/p>\n<p><span style=\"font-weight: 400;\">No dia 12 deste m\u00eas a R\u00e1dio Internacional em Portugu\u00eas, por sua mantenedora a Associa\u00e7\u00e3o Arte e Cultura em L\u00edngua Portuguesa, realizou o Sarau Lus\u00f3fono: Versos sem Fronteiras, marcando as pr\u00e9vias de anivers\u00e1rio da Institui\u00e7\u00e3o. Para este evento nos inspiramos no seguinte tema, \u201cEntre Versos e Can\u00e7\u00f5es, Encantos do Cerrado: Sarau Cultural no Cora\u00e7\u00e3o do Norte de Minas\u201d, contemplado pelo Edital LPG 10\/2023 &#8211; Mostras, Festivais e Feiras Multiculturais da Lei Paulo Gustavo.\u00a0<\/span><\/p>\n<p><span style=\"font-weight: 400;\">A proposta visa a realiza\u00e7\u00e3o de um sarau cultural nos munic\u00edpios de Mirabela e Patis, no Norte de Minas Gerais, uma iniciativa da Associa\u00e7\u00e3o Arte e Cultura em L\u00edngua Portuguesa, promovendo a valoriza\u00e7\u00e3o da cultura regional e a participa\u00e7\u00e3o ativa da comunidade. O encanto da cultura e arte local; m\u00fasica e poesia que soam como mensagens pulsantes nos cora\u00e7\u00f5es dos Mirabelenses e Patienses.<\/span><\/p>\n<p><span style=\"font-weight: 400;\">Minas Gerais \u00e9 uma regi\u00e3o rica em talentos musicais e liter\u00e1rios, terra de Guimar\u00e3es Rosa, consagrado romancista escritor, tamb\u00e9m Carlos Drummond de Andrade o mais influente poeta brasileiro. <\/span><span style=\"font-weight: 400;\">Ad\u00e9lia Luzia Prado de Freitas (Ad\u00e9lia Prado) poetisa, romancista e contista<\/span><span style=\"font-weight: 400;\">. <\/span><span style=\"font-weight: 400;\">Carolina Maria de Jesus, de o Quarto de despejo. O inesquec\u00edvel Ziraldo Alves Pinto, Darcy Ribeiro, H\u00e9bert de Souza, Betinho, Bocai\u00favense, e muitos outros renomados escritores at\u00e9 na atualidade, Ailton Krenak.\u00a0<\/span><\/p>\n<p><span style=\"font-weight: 400;\">Por meio destas ra\u00edzes liter\u00e1rias brasileiras, a<\/span><span style=\"font-weight: 400;\"> Associa\u00e7\u00e3o Arte e Cultura em L\u00edngua Portuguesa e R\u00e1dio Internacional em Portugu\u00eas apresentaram o \u201cSarau Lus\u00f3fono: Versos Sem Fronteiras\u201d, um evento online reunindo escritores e simpatizantes pela literatura de pa\u00edses lus\u00f3fonos, promovendo interc\u00e2mbio cultural e incentivo \u00e0 literatura.<\/span><\/p>\n<p>&nbsp;<\/p>\n<p><img decoding=\"async\" class=\" wp-image-3584 aligncenter\" src=\"https:\/\/radioiep.com\/site\/wp-content\/uploads\/2025\/05\/RIEP-Sarau-300x162.jpg\" alt=\"\" width=\"872\" height=\"471\" srcset=\"https:\/\/radioiep.com\/site\/wp-content\/uploads\/2025\/05\/RIEP-Sarau-300x162.jpg 300w, https:\/\/radioiep.com\/site\/wp-content\/uploads\/2025\/05\/RIEP-Sarau-1024x553.jpg 1024w, https:\/\/radioiep.com\/site\/wp-content\/uploads\/2025\/05\/RIEP-Sarau-768x415.jpg 768w, https:\/\/radioiep.com\/site\/wp-content\/uploads\/2025\/05\/RIEP-Sarau.jpg 1270w\" sizes=\"(max-width: 872px) 100vw, 872px\" \/><\/p>\n<p>&nbsp;<\/p>\n<p><span style=\"font-weight: 400;\">Contamos com a participa\u00e7\u00e3o de <\/span><b>Cleuzidete Ribeiro, <\/b><span style=\"font-weight: 400;\">conhecida como <\/span><b>Dete<\/b><span style=\"font-weight: 400;\">, ela \u00e9 cat\u00f3lica, morava em Brej\u00e3o, munic\u00edpio de Patis, onde atualmente reside. \u00c9 catequista, desde 2009, Ministra da Palavra, e Ministra Extraordin\u00e1ria da Eucaristia. Participa do minist\u00e9rio de m\u00fasica S\u00e3o Jo\u00e3o Batista na igreja matriz, Senhora Sant&#8217;ana de Patis, desde 2000. E preza muito\u00a0 pela\u00a0 cultura, m\u00fasica.<\/span><\/p>\n<p><b>E Braolinho C\u00e1, <\/b><span style=\"font-weight: 400;\">poeta, escritor e ativista cultural da Guin\u00e9-Bissau. Estuda Letras (ingl\u00eas) na UNILAB. Atua em grupos liter\u00e1rios como Vida Verso, \u00e9 membro oficial da <\/span><b>Rede sem Fronteiras<\/b><span style=\"font-weight: 400;\">. Ele j\u00e1 coordenou o projeto <\/span><b>Ch\u00e1 da Vida Brasil<\/b><span style=\"font-weight: 400;\"> \u2013 <\/span><b>Guin\u00e9-Bissau<\/b><span style=\"font-weight: 400;\">. Divulga sua poesia em redes sociais, TV e eventos culturais. Participou de quatro colet\u00e2neas liter\u00e1rias j\u00e1 publicadas, entre elas &#8220;Ser Poeta&#8221; e &#8220;<\/span><b>Revista de Arte Verbal da Unilab (Ravu<\/b><span style=\"font-weight: 400;\">)<\/span><span style=\"font-weight: 400;\">&#8220;. Com forma\u00e7\u00e3o em escrita criativa, lideran\u00e7a e educa\u00e7\u00e3o, usa a arte e a palavra como ferramentas de transforma\u00e7\u00e3o. Recentemente participou do *ISFiT 2025*, importante festival internacional de estudantes realizado na Noruega.<\/span><\/p>\n<p><span style=\"font-weight: 400;\">Vilma Nascimento, natural de Patis, MG, tamb\u00e9m esteve conosco neste momento. Ela \u00e9 comunicadora, professora, criadora de conte\u00fados, poemas para internet em suas redes sociais, e volunt\u00e1ria pela Associa\u00e7\u00e3o Arte e Cultura em L\u00edngua Portuguesa e RIEP.\u00a0<\/span><\/p>\n<p><span style=\"font-weight: 400;\">Sob a modera\u00e7\u00e3o de Luiz Nascimento, tivemos a declama\u00e7\u00e3o de um poema de LADY BENEDITO IMBANA, de <\/span><b>Guin\u00e9-Bissau.<\/b><span style=\"font-weight: 400;\"> Conhecida como<\/span><b> Lady Americana <\/b><span style=\"font-weight: 400;\">foi colaboradora da r\u00e1dio &#8220;PINDJIGUITI&#8221; entre 2017 e 2018, para contar hist\u00f3rias no programa \u201cANTENA DE OURO\u201d. Tamb\u00e9m, em 2019 passou a colaborar com a R\u00e1dio Nossa, no programa &#8220;NOITE DAS HIST\u00d3RIAS&#8221; e ao mesmo tempo, criou um grupo de WHATSAPP denominado &#8220;DIVERS\u00c3O DA NOITE&#8221; com a mesma finalidade em 22 de Abril de 2020. Atualmente \u00e9 educadora infantil, poetisa, contista e atriz. Membro ativo do grupo, Amantes da literatura e da Amor a Leitura.<\/span><\/p>\n<p><span style=\"font-weight: 400;\">Termos uma institui\u00e7\u00e3o que acredita no potencial, local, regional e inclusive a n\u00edvel internacional, nos faz acreditar que este \u00e9 o lugar de onde faz brotar a esperan\u00e7a de mudan\u00e7a para melhor, que tanto insistimos em sonhar em nossas rela\u00e7\u00f5es; interculturais, pessoal e interpessoal, educa\u00e7\u00e3o, no fortalecimento e apoio \u00e0 arte e cultura aos pa\u00edses da Lusofonia, assim como os pa\u00edses falantes do idioma portugu\u00eas.\u00a0<\/span><\/p>\n<p><span style=\"font-weight: 400;\">Acompanhem-nos em nossas redes sociais e nos apoiem se inscrevendo em nosso canal no YouTube e compartilhem<\/span><br \/>\n<a href=\"https:\/\/youtu.be\/09MRTgOIp74\"><span style=\"font-weight: 400;\">https:\/\/youtu.be\/09MRTgOIp74<\/span><\/a><\/p>\n<p>&nbsp;<\/p>\n<p style=\"text-align: left;\"><strong>Luiz Nascimento<\/strong><br \/>\n<span style=\"font-weight: 400;\">Pela Associa\u00e7\u00e3o Arte e Cultura em L\u00edngua Portuguesa<\/span><br \/>\n<span style=\"font-weight: 400;\">R\u00e1dio Internacional em Portugu\u00eas<\/span><\/p>\n<p id=\"rop\"><small>Originally posted 2025-05-23 00:13:50. <\/small><\/p>","protected":false},"excerpt":{"rendered":"<p>\u201cEntre Versos e Can\u00e7\u00f5es, Encantos do Cerrado: Sarau Cultural no Cora\u00e7\u00e3o do Norte de Minas\u201d &nbsp; &nbsp; No dia 12 deste m\u00eas a R\u00e1dio Internacional em Portugu\u00eas, por sua mantenedora a Associa\u00e7\u00e3o Arte e Cultura em L\u00edngua Portuguesa, realizou o Sarau Lus\u00f3fono: Versos sem Fronteiras, marcando as pr\u00e9vias de anivers\u00e1rio da Institui\u00e7\u00e3o. Para este evento [&hellip;]<\/p>\n","protected":false},"author":3,"featured_media":3583,"comment_status":"open","ping_status":"open","sticky":false,"template":"","format":"standard","meta":{"footnotes":""},"categories":[10,25,13,77,73,67,15],"tags":[],"class_list":["post-3581","post","type-post","status-publish","format-standard","has-post-thumbnail","hentry","category-arte","category-atividades","category-cultura","category-intercambio","category-literatura","category-musica","category-sociedade"],"_links":{"self":[{"href":"https:\/\/radioiep.com\/site\/wp-json\/wp\/v2\/posts\/3581","targetHints":{"allow":["GET"]}}],"collection":[{"href":"https:\/\/radioiep.com\/site\/wp-json\/wp\/v2\/posts"}],"about":[{"href":"https:\/\/radioiep.com\/site\/wp-json\/wp\/v2\/types\/post"}],"author":[{"embeddable":true,"href":"https:\/\/radioiep.com\/site\/wp-json\/wp\/v2\/users\/3"}],"replies":[{"embeddable":true,"href":"https:\/\/radioiep.com\/site\/wp-json\/wp\/v2\/comments?post=3581"}],"version-history":[{"count":3,"href":"https:\/\/radioiep.com\/site\/wp-json\/wp\/v2\/posts\/3581\/revisions"}],"predecessor-version":[{"id":3588,"href":"https:\/\/radioiep.com\/site\/wp-json\/wp\/v2\/posts\/3581\/revisions\/3588"}],"wp:featuredmedia":[{"embeddable":true,"href":"https:\/\/radioiep.com\/site\/wp-json\/wp\/v2\/media\/3583"}],"wp:attachment":[{"href":"https:\/\/radioiep.com\/site\/wp-json\/wp\/v2\/media?parent=3581"}],"wp:term":[{"taxonomy":"category","embeddable":true,"href":"https:\/\/radioiep.com\/site\/wp-json\/wp\/v2\/categories?post=3581"},{"taxonomy":"post_tag","embeddable":true,"href":"https:\/\/radioiep.com\/site\/wp-json\/wp\/v2\/tags?post=3581"}],"curies":[{"name":"wp","href":"https:\/\/api.w.org\/{rel}","templated":true}]}}