{"id":338,"date":"2025-06-17T01:06:47","date_gmt":"2025-06-17T01:06:47","guid":{"rendered":"http:\/\/radioiep.com\/?p=338"},"modified":"2025-06-17T01:06:47","modified_gmt":"2025-06-17T01:06:47","slug":"acontece-no-sabado-o-webinar-para-apresentacao-da-radio-internacional-em-portugues","status":"publish","type":"post","link":"https:\/\/radioiep.com\/site\/acontece-no-sabado-o-webinar-para-apresentacao-da-radio-internacional-em-portugues\/","title":{"rendered":"ACONTECE NO S\u00c1BADO, O WEBINAR PARA APRESENTA\u00c7\u00c3O DA R\u00c1DIO INTERNACIONAL EM PORTUGU\u00caS"},"content":{"rendered":"<p>&nbsp;<\/p>\n<p>No dia 21 de Novembro de 2020, \u00e0s 8 horas de Bras\u00edlia (12 horas de Angola, 20 horas de Timor Leste), acontecer\u00e1 a primeira apresenta\u00e7\u00e3o ao p\u00fablico do projecto, \u201cRADIOWIP.ORG\u201d. Um projecto de interc\u00e2mbio cultural entre pa\u00edses da lusofonia, que contempla m\u00fasicos, escritores, artistas pl\u00e1sticos, jornalistas e toda \u00e1rea da arte\/cultura.<\/p>\n<p><img fetchpriority=\"high\" decoding=\"async\" class=\"alignnone size-large wp-image-339\" src=\"http:\/\/radioiep.com\/wp-content\/uploads\/2020\/11\/Live-projecto-1024x1024.jpg\" alt=\"\" width=\"696\" height=\"696\" srcset=\"https:\/\/radioiep.com\/site\/wp-content\/uploads\/2020\/11\/Live-projecto-1024x1024.jpg 1024w, https:\/\/radioiep.com\/site\/wp-content\/uploads\/2020\/11\/Live-projecto-300x300.jpg 300w, https:\/\/radioiep.com\/site\/wp-content\/uploads\/2020\/11\/Live-projecto-150x150.jpg 150w, https:\/\/radioiep.com\/site\/wp-content\/uploads\/2020\/11\/Live-projecto-768x768.jpg 768w, https:\/\/radioiep.com\/site\/wp-content\/uploads\/2020\/11\/Live-projecto.jpg 1280w\" sizes=\"(max-width: 696px) 100vw, 696px\" \/><\/p>\n<p>O evento contar\u00e1 com a participa\u00e7\u00e3o do Diretor e Mentor do projeto, Jos\u00e9 Ant\u00f3nio e integrantes do Brasil, Angola, Timor Leste e S\u00e3o Tom\u00e9 e Pr\u00edncipe.<\/p>\n<p>O webinar ser\u00e1 transmitido em directo na p\u00e1gina <a href=\"https:\/\/www.facebook.com\/radiowip.org\">do facebook @radiowip.org<\/a>, siga e acompanhe.<\/p>\n<p>&nbsp;<\/p>\n<p>R\u00e1dio Internacional em Portugu\u00eas<\/p>\n<p>A r\u00e1dio que fala a l\u00edngua dos povos<\/p>\n<p id=\"rop\"><small>Originally posted 2020-11-17 05:35:38. <\/small><\/p>","protected":false},"excerpt":{"rendered":"<p>&nbsp; No dia 21 de Novembro de 2020, \u00e0s 8 horas de Bras\u00edlia (12 horas de Angola, 20 horas de Timor Leste), acontecer\u00e1 a primeira apresenta\u00e7\u00e3o ao p\u00fablico do projecto, \u201cRADIOWIP.ORG\u201d. Um projecto de interc\u00e2mbio cultural entre pa\u00edses da lusofonia, que contempla m\u00fasicos, escritores, artistas pl\u00e1sticos, jornalistas e toda \u00e1rea da arte\/cultura. O evento contar\u00e1 [&hellip;]<\/p>\n","protected":false},"author":4,"featured_media":339,"comment_status":"open","ping_status":"open","sticky":false,"template":"","format":"standard","meta":{"footnotes":""},"categories":[25],"tags":[16,29,26,30,31,28,32,33,34],"class_list":["post-338","post","type-post","status-publish","format-standard","has-post-thumbnail","hentry","category-atividades","tag-angola","tag-brasil","tag-cabo-verde","tag-facebook","tag-goa","tag-mocambique","tag-sao-tome-e-principe","tag-timor-leste","tag-webinar"],"_links":{"self":[{"href":"https:\/\/radioiep.com\/site\/wp-json\/wp\/v2\/posts\/338","targetHints":{"allow":["GET"]}}],"collection":[{"href":"https:\/\/radioiep.com\/site\/wp-json\/wp\/v2\/posts"}],"about":[{"href":"https:\/\/radioiep.com\/site\/wp-json\/wp\/v2\/types\/post"}],"author":[{"embeddable":true,"href":"https:\/\/radioiep.com\/site\/wp-json\/wp\/v2\/users\/4"}],"replies":[{"embeddable":true,"href":"https:\/\/radioiep.com\/site\/wp-json\/wp\/v2\/comments?post=338"}],"version-history":[{"count":0,"href":"https:\/\/radioiep.com\/site\/wp-json\/wp\/v2\/posts\/338\/revisions"}],"wp:featuredmedia":[{"embeddable":true,"href":"https:\/\/radioiep.com\/site\/wp-json\/wp\/v2\/media\/339"}],"wp:attachment":[{"href":"https:\/\/radioiep.com\/site\/wp-json\/wp\/v2\/media?parent=338"}],"wp:term":[{"taxonomy":"category","embeddable":true,"href":"https:\/\/radioiep.com\/site\/wp-json\/wp\/v2\/categories?post=338"},{"taxonomy":"post_tag","embeddable":true,"href":"https:\/\/radioiep.com\/site\/wp-json\/wp\/v2\/tags?post=338"}],"curies":[{"name":"wp","href":"https:\/\/api.w.org\/{rel}","templated":true}]}}