{"id":318,"date":"2025-06-17T01:06:43","date_gmt":"2025-06-17T01:06:43","guid":{"rendered":"http:\/\/radioiep.com\/?p=318"},"modified":"2025-06-17T01:06:43","modified_gmt":"2025-06-17T01:06:43","slug":"cabo-verde-mindelact-um-dos-maiores-festivais-de-teatro-de-africa-arranca-hoje","status":"publish","type":"post","link":"https:\/\/radioiep.com\/site\/cabo-verde-mindelact-um-dos-maiores-festivais-de-teatro-de-africa-arranca-hoje\/","title":{"rendered":"CABO VERDE: MINDELACT, UM DOS MAIORES FESTIVAIS DE TEATRO DE \u00c1FRICA, ARRANCA HOJE"},"content":{"rendered":"<p>???? ????????\u00aa ????????????\u00e7\u00e3???? ???????? ???????????????????????????????? ???????????????????????????????????????????????????? ???????? ????????????????????????, ????????????????????????????????????, ???????????????????????????? ???????????????? ???????? ???????????????? ????????????????-???????????????????????????????? ???????? ????\u00e3???? ????????????????????????????. ????\u00e3???? ???????? ????????????????????\u00e1???????????????????? ????????????????????????????????????????????, ???????????? ???????????????????????? ????????????????????????????????\u00e7\u00e3???? ???????????????????? ???? ???????????? ???????????????????????????????? ????????\u00e9 ???????? ???????? ????????????????????????????????. ???? ????????????????????????\u00ea???????????????? \u00e9 ???? ???????????????????????????? ???????? ???????????????????? ???????????????????? ????????????\u00e7\u00e3???? ????????????, ???????????????????????? ???????? ????????????????????-????????, ????????????????????????-???????? ???????????????? ???????????????????? ???????? ???????????? ????????????????????.<\/p>\n<p><img fetchpriority=\"high\" decoding=\"async\" class=\"alignnone size-full wp-image-319\" src=\"http:\/\/radioiep.com\/wp-content\/uploads\/2020\/11\/cabo-verde.jpg\" alt=\"\" width=\"800\" height=\"444\" srcset=\"https:\/\/radioiep.com\/site\/wp-content\/uploads\/2020\/11\/cabo-verde.jpg 800w, https:\/\/radioiep.com\/site\/wp-content\/uploads\/2020\/11\/cabo-verde-300x167.jpg 300w, https:\/\/radioiep.com\/site\/wp-content\/uploads\/2020\/11\/cabo-verde-768x426.jpg 768w\" sizes=\"(max-width: 800px) 100vw, 800px\" \/><\/p>\n<p>Em uma vers\u00e3o mais reduzida por conta da Covid-19, a 26\u00aa edi\u00e7\u00e3o do Mindelact come\u00e7a hoje em Cabo Verde. O evento \u00e9 considerado pela cr\u00edtica especializada com um dos maiores festivais de teatro realizado na \u00c1frica, decorrendo em v\u00e1rios palcos de Mindelo, em S\u00e3o Vicente.<\/p>\n<p>Por norma, para al\u00e9m de espet\u00e1culos nacionais, o festival recebe artistas de diversos pa\u00edses numa fus\u00e3o de culturas, experi\u00eancias e de diversidade. Este ano h\u00e1 um limite de participa\u00e7\u00f5es internacionais devido a pandemia, mas o lema do festival, Alma, Afeto e resist\u00eancia permanecem.<\/p>\n<p>Ali\u00e1s, o festival assegura todas as medidas de preven\u00e7\u00e3o da Covid-19, com a aposta na seguran\u00e7a sanit\u00e1ria do espet\u00e1culo. Por exemplo, os bilhetes s\u00e3o eletr\u00f3nicos e a lota\u00e7\u00e3o reduzida para a metade.<\/p>\n<p>Na abertura do evento, que inicia hoje, o espet\u00e1culo \u201cO Policia Palha\u00e7o\u201d, que decorre nas ruas de Mindelo, estreia a s\u00e9rie de espet\u00e1culos do festival. Mais tarde, na Academia de Artes Livres do Mindelo (ALAIM), no palco 2, ter\u00e1 o \u201cA Dream is the Dreamer\u201d de Catarina Miranda de Portugal. No Palco 1, no Centro Cultural do Mindelo, acontece o espet\u00e1culo \u201cComo se Desenha Uma Casa\u201d, de Pedro Lamres.<\/p>\n<p>O dia de estreia termina com a exibi\u00e7\u00e3o, no palco digital, da pe\u00e7a \u201cM\u00e1scaras\u201d de Cad\u00fa Faveiro do Brasil.<\/p>\n<p>No dia 13 de novembro, \u00a0Enano com \u201cMacaco e Chocolate\u201d, na zona de S\u00e3o Pedro, no Palco 2, ter\u00e1 62 formas de Segurar a Cabe\u00e7a\u201d de Jo\u00e3o Branco (Cabo Verde) e Ant\u00f3nio Santos (Portugal), no Palco 1, a Companhia 50 pessoa (Cabo Verde) vai exibir \u201cOnce Upon Time in Ribeira Bote\u201d e, no Palco Digital, a companhia Satyros, do Brasil, vai apresentar \u201cA Arte de Encarar o Medo\u201d.<\/p>\n<p>No dia seguinte, o arranque dos espet\u00e1culos acontece na zona de Lazareto, com a pe\u00e7a \u201cRevoltiod\u201d Fl\u00e1via Gusm\u00e3o (Cabo Verde), segue-se \u201cAr Doa Mente\u201d de Rosy Timas no Palco 2 (Cabo Verde), \u201cComo se Desenha Uma Casa\u201d, de Pedro Lamares (Portugal), no Palco 1, e \u201cHamlet Cancelado\u201d de Vin\u00edcius Piedade, do Brasil, no Palco Digital.<\/p>\n<p>No dia 15, haver\u00e1 novamente \u201cMacaco e Chocolate\u201d, com Enano, e ainda \u201cMulher sem Pecado\u201d, no Palco 2, com o grupo Teatro 17 de Cabo Verde. O ator brasileiro Cici Diaz estria \u00a0\u201cA Lua vem da \u00c1sia\u201d , no Palco 1, e \u201cDesamparos\u201d de Cl\u00e9o de P\u00e1ris e F\u00e1bio Penna, do Brasil, no Palco Digital.<\/p>\n<p>J\u00e1 a programa\u00e7\u00e3o extra ser\u00e1 preenchida com conversas, dramaturgia e artes visuais, das quais destacam-se a exposi\u00e7\u00e3o de pintura \u201cOs Residentes\u201d de Yuran Henrique (Cabo Verde), no Centro Cultural do Mindelo (CCM), a mostra fotogr\u00e1fica \u201cCenas Crioulas\u201d de Queila Fernandes (Cabo Verde), tamb\u00e9m no CCM.<\/p>\n<p>Consta ainda uma tert\u00falia com o tema \u201cPol\u00edtica Cultural\u201d com Tiago Guedes (Portugal) e o lan\u00e7amento do livro de dramaturgia, \u201cO que fa\u00e7o com isto?\u201d, de Val\u00f3dia Monteiro (Cabo Verde), ambos no audit\u00f3rio da Universidade de Cabo Verde (Uni-CV).<\/p>\n<p>S\u00e3o quatro dias de pura arte nesta ilha cabo-verdiana, onde o teatro \u00e9 o prato principal.<\/p>\n<p>Ric\u00e9nio Lima<\/p>\n<p>C\/Expresso das Ilhas<\/p>\n<p>Pela R\u00e1dio Internacional em Portugu\u00eas<br \/>\nA r\u00e1dio que fala a l\u00edngua dos povos!<\/p>\n<p id=\"rop\"><small>Originally posted 2020-11-12 10:51:52. <\/small><\/p>","protected":false},"excerpt":{"rendered":"<p>???? ????????\u00aa ????????????\u00e7\u00e3???? ???????? ???????????????????????????????? ???????????????????????????????????????????????????? ???????? ????????????????????????, ????????????????????????????????????, ???????????????????????????? ???????????????? ???????? ???????????????? ????????????????-???????????????????????????????? ???????? ????\u00e3???? ????????????????????????????. ????\u00e3???? ???????? ????????????????????\u00e1???????????????????? ????????????????????????????????????????????, ???????????? ???????????????????????? ????????????????????????????????\u00e7\u00e3???? ???????????????????? ???? ???????????? ???????????????????????????????? ????????\u00e9 ???????? ???????? ????????????????????????????????. ???? ????????????????????????\u00ea???????????????? \u00e9 ???? ???????????????????????????? ???????? ???????????????????? ???????????????????? ????????????\u00e7\u00e3???? ????????????, ???????????????????????? ???????? ????????????????????-????????, ????????????????????????-???????? ???????????????? ???????????????????? ???????? ???????????? ????????????????????. Em uma vers\u00e3o mais [&hellip;]<\/p>\n","protected":false},"author":3,"featured_media":319,"comment_status":"open","ping_status":"open","sticky":false,"template":"","format":"standard","meta":{"footnotes":""},"categories":[10,25,13],"tags":[21,26,19,27],"class_list":["post-318","post","type-post","status-publish","format-standard","has-post-thumbnail","hentry","category-arte","category-atividades","category-cultura","tag-arte","tag-cabo-verde","tag-cultura","tag-teatro"],"_links":{"self":[{"href":"https:\/\/radioiep.com\/site\/wp-json\/wp\/v2\/posts\/318","targetHints":{"allow":["GET"]}}],"collection":[{"href":"https:\/\/radioiep.com\/site\/wp-json\/wp\/v2\/posts"}],"about":[{"href":"https:\/\/radioiep.com\/site\/wp-json\/wp\/v2\/types\/post"}],"author":[{"embeddable":true,"href":"https:\/\/radioiep.com\/site\/wp-json\/wp\/v2\/users\/3"}],"replies":[{"embeddable":true,"href":"https:\/\/radioiep.com\/site\/wp-json\/wp\/v2\/comments?post=318"}],"version-history":[{"count":0,"href":"https:\/\/radioiep.com\/site\/wp-json\/wp\/v2\/posts\/318\/revisions"}],"wp:featuredmedia":[{"embeddable":true,"href":"https:\/\/radioiep.com\/site\/wp-json\/wp\/v2\/media\/319"}],"wp:attachment":[{"href":"https:\/\/radioiep.com\/site\/wp-json\/wp\/v2\/media?parent=318"}],"wp:term":[{"taxonomy":"category","embeddable":true,"href":"https:\/\/radioiep.com\/site\/wp-json\/wp\/v2\/categories?post=318"},{"taxonomy":"post_tag","embeddable":true,"href":"https:\/\/radioiep.com\/site\/wp-json\/wp\/v2\/tags?post=318"}],"curies":[{"name":"wp","href":"https:\/\/api.w.org\/{rel}","templated":true}]}}