{"id":308,"date":"2025-06-17T01:06:42","date_gmt":"2025-06-17T01:06:42","guid":{"rendered":"http:\/\/radioiep.com\/?p=308"},"modified":"2025-06-17T01:06:42","modified_gmt":"2025-06-17T01:06:42","slug":"angola-feliz-dia-da-dipanda","status":"publish","type":"post","link":"https:\/\/radioiep.com\/site\/angola-feliz-dia-da-dipanda\/","title":{"rendered":"ANGOLA, FELIZ DIA DA DIPANDA"},"content":{"rendered":"<p>Angola completa hoje 45 anos de Independ\u00eancia. A R\u00e1dio Web Intetnacional em Portugu\u00eas, sa\u00fada o referido pa\u00eds africano de bastante riqueza cultural. Fraternalmente, saudamos o povo angolano, por esta data t\u00e3o especial em seu pa\u00eds.<\/p>\n<p><img fetchpriority=\"high\" decoding=\"async\" class=\"size-large wp-image-313\" src=\"http:\/\/radioiep.com\/wp-content\/uploads\/2020\/11\/flag-angola-1024x683.jpg\" alt=\"bandeira angolana\" width=\"696\" height=\"464\" \/><\/p>\n<p><img decoding=\"async\" class=\"size-full wp-image-314\" src=\"http:\/\/radioiep.com\/wp-content\/uploads\/2020\/11\/angola-national-flag-isolated-3d-white-background-scaled.jpg\" alt=\"\" width=\"2560\" height=\"1510\" \/><\/p>\n<p>&nbsp;<\/p>\n<p>Pela R\u00e1dio Internacional em Portugu\u00eas<br \/>\nA R\u00e1dio que fala a l\u00edngua dos povos!<\/p>\n<p id=\"rop\"><small>Originally posted 2020-11-11 10:55:57. <\/small><\/p>","protected":false},"excerpt":{"rendered":"<p>Angola completa hoje 45 anos de Independ\u00eancia. A R\u00e1dio Web Intetnacional em Portugu\u00eas, sa\u00fada o referido pa\u00eds africano de bastante riqueza cultural. Fraternalmente, saudamos o povo angolano, por esta data t\u00e3o especial em seu pa\u00eds. &nbsp; Pela R\u00e1dio Internacional em Portugu\u00eas A R\u00e1dio que fala a l\u00edngua dos povos! Originally posted 2020-11-11 10:55:57.<\/p>\n","protected":false},"author":3,"featured_media":313,"comment_status":"open","ping_status":"open","sticky":false,"template":"","format":"standard","meta":{"footnotes":""},"categories":[24,15],"tags":[],"class_list":["post-308","post","type-post","status-publish","format-standard","has-post-thumbnail","hentry","category-opiniao","category-sociedade"],"_links":{"self":[{"href":"https:\/\/radioiep.com\/site\/wp-json\/wp\/v2\/posts\/308","targetHints":{"allow":["GET"]}}],"collection":[{"href":"https:\/\/radioiep.com\/site\/wp-json\/wp\/v2\/posts"}],"about":[{"href":"https:\/\/radioiep.com\/site\/wp-json\/wp\/v2\/types\/post"}],"author":[{"embeddable":true,"href":"https:\/\/radioiep.com\/site\/wp-json\/wp\/v2\/users\/3"}],"replies":[{"embeddable":true,"href":"https:\/\/radioiep.com\/site\/wp-json\/wp\/v2\/comments?post=308"}],"version-history":[{"count":0,"href":"https:\/\/radioiep.com\/site\/wp-json\/wp\/v2\/posts\/308\/revisions"}],"wp:featuredmedia":[{"embeddable":true,"href":"https:\/\/radioiep.com\/site\/wp-json\/wp\/v2\/media\/313"}],"wp:attachment":[{"href":"https:\/\/radioiep.com\/site\/wp-json\/wp\/v2\/media?parent=308"}],"wp:term":[{"taxonomy":"category","embeddable":true,"href":"https:\/\/radioiep.com\/site\/wp-json\/wp\/v2\/categories?post=308"},{"taxonomy":"post_tag","embeddable":true,"href":"https:\/\/radioiep.com\/site\/wp-json\/wp\/v2\/tags?post=308"}],"curies":[{"name":"wp","href":"https:\/\/api.w.org\/{rel}","templated":true}]}}