{"id":2791,"date":"2025-06-17T01:06:28","date_gmt":"2025-06-17T01:06:28","guid":{"rendered":"https:\/\/radioiep.com\/?p=2791"},"modified":"2025-06-17T01:06:28","modified_gmt":"2025-06-17T01:06:28","slug":"cantor-paulo-marcos-sera-premiado-na-6a-edicao-do-trofeu-oscar-notaveis","status":"publish","type":"post","link":"https:\/\/radioiep.com\/site\/cantor-paulo-marcos-sera-premiado-na-6a-edicao-do-trofeu-oscar-notaveis\/","title":{"rendered":"Cantor Paulo Marcos ser\u00e1 premiado na 6\u00aa Edi\u00e7\u00e3o do Trof\u00e9u Oscar Not\u00e1veis"},"content":{"rendered":"<figure id=\"attachment_2792\" aria-describedby=\"caption-attachment-2792\" style=\"width: 735px\" class=\"wp-caption aligncenter\"><img fetchpriority=\"high\" decoding=\"async\" class=\"wp-image-2792\" src=\"https:\/\/radioiep.com\/site\/wp-content\/uploads\/2024\/11\/Cantor-Paulo-Marcos.jpg\" alt=\"\" width=\"735\" height=\"398\" srcset=\"https:\/\/radioiep.com\/site\/wp-content\/uploads\/2024\/11\/Cantor-Paulo-Marcos.jpg 720w, https:\/\/radioiep.com\/site\/wp-content\/uploads\/2024\/11\/Cantor-Paulo-Marcos-300x163.jpg 300w\" sizes=\"(max-width: 735px) 100vw, 735px\" \/><figcaption id=\"caption-attachment-2792\" class=\"wp-caption-text\">Cantor e compositor Paulo Marcos<\/figcaption><\/figure>\n<p style=\"text-align: left;\">Considerado um dos eventos mais badalados e aguardados por artistas, empres\u00e1rios, influencers e profissionais da m\u00eddia, o Trof\u00e9u Oscar Not\u00e1veis chegou a sua 6\u00aa Edi\u00e7\u00e3o, sempre com muito sucesso e glamour.<\/p>\n<p style=\"text-align: left;\">Entre os premiados, influenciadores, empres\u00e1rios, produtores, formadores de opini\u00e3o, artistas de diversos segmentos, apresentadores, jornalistas, personalidades da pol\u00edtica, gastronomia, os Kids e muito mais.<\/p>\n<p style=\"text-align: left;\">O cantor e compositor Paulo Marcos vem ganhando destaque no Brasil e exterior e acaba de realizar uma turn\u00ea de sucesso pela Inglaterra, com diversas apresenta\u00e7\u00f5es musicais em Londres. Ele acaba de lan\u00e7ar seu mais novo \u00e1lbum &#8220;Encanto&#8221;, que \u00e9 s\u00f3 de m\u00fasicas autorais.<\/p>\n<p style=\"text-align: left;\">A apresenta\u00e7\u00e3o sempre ficou ao encargo da bela empres\u00e1ria Sara Ver\u00f4nica que sempre traz celebridades para dividir o palco e abrilhantar ainda mais o concorrido evento.<\/p>\n<p>Mais informa\u00e7\u00f5es no Instagram: @oscarnotaveisoficial<\/p>\n<p>&nbsp;<\/p>\n<p style=\"text-align: right;\">Associa\u00e7\u00e3o Arte e Cultura em L\u00edngua Portuguesa<br \/>\nR\u00e1dio Internacional em Portugu\u00eas<\/p>\n<p id=\"rop\"><small>Originally posted 2024-11-22 21:59:56. <\/small><\/p>","protected":false},"excerpt":{"rendered":"<p>Considerado um dos eventos mais badalados e aguardados por artistas, empres\u00e1rios, influencers e profissionais da m\u00eddia, o Trof\u00e9u Oscar Not\u00e1veis chegou a sua 6\u00aa Edi\u00e7\u00e3o, sempre com muito sucesso e glamour. Entre os premiados, influenciadores, empres\u00e1rios, produtores, formadores de opini\u00e3o, artistas de diversos segmentos, apresentadores, jornalistas, personalidades da pol\u00edtica, gastronomia, os Kids e muito mais. [&hellip;]<\/p>\n","protected":false},"author":3,"featured_media":2792,"comment_status":"open","ping_status":"open","sticky":false,"template":"","format":"standard","meta":{"footnotes":""},"categories":[10,13,67,50],"tags":[],"class_list":["post-2791","post","type-post","status-publish","format-standard","has-post-thumbnail","hentry","category-arte","category-cultura","category-musica","category-personalidade"],"_links":{"self":[{"href":"https:\/\/radioiep.com\/site\/wp-json\/wp\/v2\/posts\/2791","targetHints":{"allow":["GET"]}}],"collection":[{"href":"https:\/\/radioiep.com\/site\/wp-json\/wp\/v2\/posts"}],"about":[{"href":"https:\/\/radioiep.com\/site\/wp-json\/wp\/v2\/types\/post"}],"author":[{"embeddable":true,"href":"https:\/\/radioiep.com\/site\/wp-json\/wp\/v2\/users\/3"}],"replies":[{"embeddable":true,"href":"https:\/\/radioiep.com\/site\/wp-json\/wp\/v2\/comments?post=2791"}],"version-history":[{"count":0,"href":"https:\/\/radioiep.com\/site\/wp-json\/wp\/v2\/posts\/2791\/revisions"}],"wp:featuredmedia":[{"embeddable":true,"href":"https:\/\/radioiep.com\/site\/wp-json\/wp\/v2\/media\/2792"}],"wp:attachment":[{"href":"https:\/\/radioiep.com\/site\/wp-json\/wp\/v2\/media?parent=2791"}],"wp:term":[{"taxonomy":"category","embeddable":true,"href":"https:\/\/radioiep.com\/site\/wp-json\/wp\/v2\/categories?post=2791"},{"taxonomy":"post_tag","embeddable":true,"href":"https:\/\/radioiep.com\/site\/wp-json\/wp\/v2\/tags?post=2791"}],"curies":[{"name":"wp","href":"https:\/\/api.w.org\/{rel}","templated":true}]}}