{"id":2747,"date":"2025-06-17T01:06:21","date_gmt":"2025-06-17T01:06:21","guid":{"rendered":"https:\/\/radioiep.com\/?p=2747"},"modified":"2025-06-17T01:06:21","modified_gmt":"2025-06-17T01:06:21","slug":"o-coracao-da-arte-e-cultura-no-norte-de-minas-gerais","status":"publish","type":"post","link":"https:\/\/radioiep.com\/site\/o-coracao-da-arte-e-cultura-no-norte-de-minas-gerais\/","title":{"rendered":"O Cora\u00e7\u00e3o da Arte e Cultura no Norte de Minas Gerais"},"content":{"rendered":"<h2 style=\"text-align: center;\"><span style=\"font-weight: 400;\">Mirabela<\/span><\/h2>\n<h3 style=\"text-align: center;\"><span style=\"font-weight: 400;\">Uma Terra de gente formosa. Nosso melhor lugar<\/span><\/h3>\n<p><img fetchpriority=\"high\" decoding=\"async\" class=\"wp-image-2750 aligncenter\" src=\"https:\/\/radioiep.com\/site\/wp-content\/uploads\/2024\/03\/Mirabela-01.png\" alt=\"\" width=\"584\" height=\"489\" srcset=\"https:\/\/radioiep.com\/site\/wp-content\/uploads\/2024\/03\/Mirabela-01.png 940w, https:\/\/radioiep.com\/site\/wp-content\/uploads\/2024\/03\/Mirabela-01-300x251.png 300w, https:\/\/radioiep.com\/site\/wp-content\/uploads\/2024\/03\/Mirabela-01-768x644.png 768w\" sizes=\"(max-width: 584px) 100vw, 584px\" \/><\/p>\n<p style=\"text-align: center;\"><span style=\"font-weight: 400;\">No des\u00edgnio do tempo, em cada caminho descrito<\/span><br \/>\n<span style=\"font-weight: 400;\">Assim ficando o registro\u00a0<\/span><br \/>\n<span style=\"font-weight: 400;\">De um sentimento de amor expl\u00edcito\u00a0<\/span><br \/>\n<span style=\"font-weight: 400;\">onde em seu colo, nosso selo de um afeto l\u00edcito<\/span><\/p>\n<p style=\"text-align: center;\"><span style=\"font-weight: 400;\">Onde o nosso la\u00e7o hist\u00f3rico, nossa vida perpassa.<\/span><br \/>\n<span style=\"font-weight: 400;\">Nossa querida regi\u00e3o no norte de Minas Gerais, terra da gra\u00e7a.<\/span><br \/>\n<span style=\"font-weight: 400;\">Conectados pela cultura e a arte, um sonho que se abra\u00e7a<\/span><br \/>\n<span style=\"font-weight: 400;\">Princ\u00edpios que convergem de cora\u00e7\u00f5es entrela\u00e7ados que nem com o tempo passa<\/span><\/p>\n<p style=\"text-align: center;\"><span style=\"font-weight: 400;\">Celebramos com gra\u00e7a e gratid\u00e3o o natal\u00edcio de <\/span><a href=\"https:\/\/radioiep.com\/\"><b>Mirabela<\/b><span style=\"font-weight: 400;\">, pela <\/span><b>Associa\u00e7\u00e3o Arte e Cultura em L\u00edngua Portuguesa<\/b><\/a><span style=\"font-weight: 400;\">\u00a0<\/span><br \/>\n<span style=\"font-weight: 400;\">A cidade \u00e9 conhecida pela hospitalidade, a famosa Carne de Sol, sua tradicional e hist\u00f3rica riqueza.\u00a0<\/span><\/p>\n<p><img decoding=\"async\" class=\"wp-image-2749 aligncenter\" src=\"https:\/\/radioiep.com\/site\/wp-content\/uploads\/2024\/03\/Mirabela-RIEP-02.png\" alt=\"\" width=\"629\" height=\"527\" srcset=\"https:\/\/radioiep.com\/site\/wp-content\/uploads\/2024\/03\/Mirabela-RIEP-02.png 940w, https:\/\/radioiep.com\/site\/wp-content\/uploads\/2024\/03\/Mirabela-RIEP-02-300x251.png 300w, https:\/\/radioiep.com\/site\/wp-content\/uploads\/2024\/03\/Mirabela-RIEP-02-768x644.png 768w\" sizes=\"(max-width: 629px) 100vw, 629px\" \/><\/p>\n<p style=\"text-align: center;\"><span style=\"font-weight: 400;\">A sua contribui\u00e7\u00e3o a todos n\u00f3s \u00e9 sin\u00f4nimo de gratid\u00e3o em nossa ess\u00eancia,<\/span><br \/>\n<span style=\"font-weight: 400;\">Um presente que herdamos por parentescos, amigos, nossa eterna refer\u00eancia.<\/span><\/p>\n<p style=\"text-align: center;\"><span style=\"font-weight: 400;\">Ligando v\u00e1rios munic\u00edpios, \u00e9 caminho de v\u00e1rias hist\u00f3rias\u00a0<\/span><br \/>\n<span style=\"font-weight: 400;\">Hoje cada cidad\u00e3o tem em si e\u00a0 celebra um sentimento de vit\u00f3ria.\u00a0\u00a0<\/span><\/p>\n<p style=\"text-align: center;\"><span style=\"font-weight: 400;\">Contemplemos com o nosso contributo e gratid\u00e3o <\/span><a href=\"https:\/\/radioiep.com\/\"><span style=\"font-weight: 400;\">Mirabela, MG, a Capital da Carne de Sol<\/span><\/a><br \/>\n<span style=\"font-weight: 400;\">O nosso cora\u00e7\u00e3o almeja, pela Arte, Cultura e aten\u00e7\u00e3o aos cidad\u00e3os, sejas o nosso farol<\/span><\/p>\n<p style=\"text-align: center;\"><a href=\"https:\/\/radioiep.com\/\"><span style=\"font-weight: 400;\">Parab\u00e9ns Mirabela<\/span><\/a><span style=\"font-weight: 400;\">, sejam todos os mirabelenses abra\u00e7ados pela arte, cultura e cidadania.\u00a0<\/span><br \/>\n<span style=\"font-weight: 400;\">S\u00e3o os mais sinceros e fraternos votos de toda a equipe da Associa\u00e7\u00e3o Arte e Cultura em L\u00edngua Portuguesa.\u00a0<\/span><\/p>\n<p>&nbsp;<\/p>\n<p>&nbsp;<\/p>\n<p style=\"text-align: right;\">Por Luiz Nascimento<br \/>\n<span style=\"font-weight: 400;\">Para a R\u00e1dio Internacional em Portugu\u00eas<\/span><br \/>\n<span style=\"font-weight: 400;\">Associa\u00e7\u00e3o Arte e Cultura em L\u00edngua Portuguesa<\/span><\/p>\n<p id=\"rop\"><small>Originally posted 2024-03-02 14:29:17. <\/small><\/p>","protected":false},"excerpt":{"rendered":"<p>Mirabela Uma Terra de gente formosa. Nosso melhor lugar No des\u00edgnio do tempo, em cada caminho descrito Assim ficando o registro\u00a0 De um sentimento de amor expl\u00edcito\u00a0 onde em seu colo, nosso selo de um afeto l\u00edcito Onde o nosso la\u00e7o hist\u00f3rico, nossa vida perpassa. Nossa querida regi\u00e3o no norte de Minas Gerais, terra da [&hellip;]<\/p>\n","protected":false},"author":4,"featured_media":2748,"comment_status":"open","ping_status":"open","sticky":false,"template":"","format":"standard","meta":{"footnotes":""},"categories":[10,13,50,15],"tags":[],"class_list":["post-2747","post","type-post","status-publish","format-standard","has-post-thumbnail","hentry","category-arte","category-cultura","category-personalidade","category-sociedade"],"_links":{"self":[{"href":"https:\/\/radioiep.com\/site\/wp-json\/wp\/v2\/posts\/2747","targetHints":{"allow":["GET"]}}],"collection":[{"href":"https:\/\/radioiep.com\/site\/wp-json\/wp\/v2\/posts"}],"about":[{"href":"https:\/\/radioiep.com\/site\/wp-json\/wp\/v2\/types\/post"}],"author":[{"embeddable":true,"href":"https:\/\/radioiep.com\/site\/wp-json\/wp\/v2\/users\/4"}],"replies":[{"embeddable":true,"href":"https:\/\/radioiep.com\/site\/wp-json\/wp\/v2\/comments?post=2747"}],"version-history":[{"count":0,"href":"https:\/\/radioiep.com\/site\/wp-json\/wp\/v2\/posts\/2747\/revisions"}],"wp:featuredmedia":[{"embeddable":true,"href":"https:\/\/radioiep.com\/site\/wp-json\/wp\/v2\/media\/2748"}],"wp:attachment":[{"href":"https:\/\/radioiep.com\/site\/wp-json\/wp\/v2\/media?parent=2747"}],"wp:term":[{"taxonomy":"category","embeddable":true,"href":"https:\/\/radioiep.com\/site\/wp-json\/wp\/v2\/categories?post=2747"},{"taxonomy":"post_tag","embeddable":true,"href":"https:\/\/radioiep.com\/site\/wp-json\/wp\/v2\/tags?post=2747"}],"curies":[{"name":"wp","href":"https:\/\/api.w.org\/{rel}","templated":true}]}}