{"id":2727,"date":"2025-06-17T01:06:18","date_gmt":"2025-06-17T01:06:18","guid":{"rendered":"https:\/\/radioiep.com\/?p=2727"},"modified":"2025-06-17T01:06:18","modified_gmt":"2025-06-17T01:06:18","slug":"sarau-da-sereia-e-aniverasio","status":"publish","type":"post","link":"https:\/\/radioiep.com\/site\/sarau-da-sereia-e-aniverasio\/","title":{"rendered":"Sarau da Sereia\u00a0e Aniver\u00e1sio"},"content":{"rendered":"<h4 style=\"text-align: center;\"><strong>Luzia Moraes<\/strong><br \/>\n<span style=\"font-weight: 400;\">Jornalista, produtora cultural e ativista<\/span><\/h4>\n<p>&nbsp;<\/p>\n<p><img fetchpriority=\"high\" decoding=\"async\" class=\"wp-image-2728 aligncenter\" src=\"https:\/\/radioiep.com\/site\/wp-content\/uploads\/2024\/01\/Luzia-Moares.jpg\" alt=\"\" width=\"501\" height=\"501\" srcset=\"https:\/\/radioiep.com\/site\/wp-content\/uploads\/2024\/01\/Luzia-Moares.jpg 673w, https:\/\/radioiep.com\/site\/wp-content\/uploads\/2024\/01\/Luzia-Moares-300x300.jpg 300w, https:\/\/radioiep.com\/site\/wp-content\/uploads\/2024\/01\/Luzia-Moares-150x150.jpg 150w\" sizes=\"(max-width: 501px) 100vw, 501px\" \/><\/p>\n<p>&nbsp;<\/p>\n<p><span style=\"font-weight: 400;\">A R\u00e1dio Internacional em Portugu\u00eas tem o prazer de lhes informar que haver\u00e1 neste s\u00e1bado, 13 de janeiro, o Sarau da Sereia. Evento este que celebrar\u00e1 uma data muito especial e anunciar\u00e1 o lan\u00e7amento da campanha Balaio Verde 2024.<\/span><\/p>\n<p><span style=\"font-weight: 400;\">Neste evento, M\u00e1rcio Dube\u00f3 agitar\u00e1 com a sua badalada &#8220;Cantina dos Artistas&#8221; recebendo o tradicional &#8220;Sarau da Sereia&#8221;, festejando o anivers\u00e1rio da premiada jornalista e produtora cultural, Luzia Moraes, a partir das 16h.\u00a0<\/span><\/p>\n<p><span style=\"font-weight: 400;\">A Associa\u00e7\u00e3o Arte e Cultura em L\u00edngua Portuguesa, RIEP, abra\u00e7a com votos de felicidades e sucesso a jornalista, produtora cultural e ativista, Luzia Moraes, por seu anivers\u00e1rio e por sua atua\u00e7\u00e3o cultural exemplar.\u00a0<\/span><\/p>\n<p><span style=\"font-weight: 400;\">O &#8220;parab\u00e9ns pra voc\u00ea&#8221; ter\u00e1 o bolo assinado pela renomada Confeiteira Viviani Rios, conhecida como a &#8220;Boleira das Celebridades&#8221;. O Sarau da Sereia acontecer\u00e1 no Recanto das Ilhas, S\u00e3o Rafael, Salvador, BA, com entrada Gratuita.<\/span><\/p>\n<p>&nbsp;<\/p>\n<p style=\"text-align: right;\">Pela Associa\u00e7\u00e3o <span style=\"font-weight: 400;\">Arte e Cultura em L\u00edngua Portuguesa<\/span><br \/>\nR\u00e1dio Internacional em Portugu\u00eas<br \/>\nA R\u00e1dio qu fala a l\u00edngua dos povos<\/p>\n<p id=\"rop\"><small>Originally posted 2024-01-12 15:40:14. <\/small><\/p>","protected":false},"excerpt":{"rendered":"<p>Luzia Moraes Jornalista, produtora cultural e ativista &nbsp; &nbsp; A R\u00e1dio Internacional em Portugu\u00eas tem o prazer de lhes informar que haver\u00e1 neste s\u00e1bado, 13 de janeiro, o Sarau da Sereia. Evento este que celebrar\u00e1 uma data muito especial e anunciar\u00e1 o lan\u00e7amento da campanha Balaio Verde 2024. Neste evento, M\u00e1rcio Dube\u00f3 agitar\u00e1 com a [&hellip;]<\/p>\n","protected":false},"author":4,"featured_media":2728,"comment_status":"open","ping_status":"open","sticky":false,"template":"","format":"standard","meta":{"footnotes":""},"categories":[10,25,13,50],"tags":[],"class_list":["post-2727","post","type-post","status-publish","format-standard","has-post-thumbnail","hentry","category-arte","category-atividades","category-cultura","category-personalidade"],"_links":{"self":[{"href":"https:\/\/radioiep.com\/site\/wp-json\/wp\/v2\/posts\/2727","targetHints":{"allow":["GET"]}}],"collection":[{"href":"https:\/\/radioiep.com\/site\/wp-json\/wp\/v2\/posts"}],"about":[{"href":"https:\/\/radioiep.com\/site\/wp-json\/wp\/v2\/types\/post"}],"author":[{"embeddable":true,"href":"https:\/\/radioiep.com\/site\/wp-json\/wp\/v2\/users\/4"}],"replies":[{"embeddable":true,"href":"https:\/\/radioiep.com\/site\/wp-json\/wp\/v2\/comments?post=2727"}],"version-history":[{"count":0,"href":"https:\/\/radioiep.com\/site\/wp-json\/wp\/v2\/posts\/2727\/revisions"}],"wp:featuredmedia":[{"embeddable":true,"href":"https:\/\/radioiep.com\/site\/wp-json\/wp\/v2\/media\/2728"}],"wp:attachment":[{"href":"https:\/\/radioiep.com\/site\/wp-json\/wp\/v2\/media?parent=2727"}],"wp:term":[{"taxonomy":"category","embeddable":true,"href":"https:\/\/radioiep.com\/site\/wp-json\/wp\/v2\/categories?post=2727"},{"taxonomy":"post_tag","embeddable":true,"href":"https:\/\/radioiep.com\/site\/wp-json\/wp\/v2\/tags?post=2727"}],"curies":[{"name":"wp","href":"https:\/\/api.w.org\/{rel}","templated":true}]}}