{"id":2719,"date":"2025-06-17T01:06:17","date_gmt":"2025-06-17T01:06:17","guid":{"rendered":"https:\/\/radioiep.com\/?p=2719"},"modified":"2025-06-17T01:06:17","modified_gmt":"2025-06-17T01:06:17","slug":"caminhos-amefricanos-edicao-mocambique","status":"publish","type":"post","link":"https:\/\/radioiep.com\/site\/caminhos-amefricanos-edicao-mocambique\/","title":{"rendered":"Caminhos Amefricanos, edi\u00e7\u00e3o Mo\u00e7ambique"},"content":{"rendered":"<h4 style=\"text-align: center;\">Programa de Interc\u00e2mbios SUL-SUL, 2024<\/h4>\n<p>&nbsp;<\/p>\n<p><img fetchpriority=\"high\" decoding=\"async\" class=\"alignnone size-full wp-image-2721\" src=\"https:\/\/radioiep.com\/site\/wp-content\/uploads\/2024\/01\/Imagem-gerada-por-IA-01.png\" alt=\"\" width=\"1536\" height=\"1536\" srcset=\"https:\/\/radioiep.com\/site\/wp-content\/uploads\/2024\/01\/Imagem-gerada-por-IA-01.png 1536w, https:\/\/radioiep.com\/site\/wp-content\/uploads\/2024\/01\/Imagem-gerada-por-IA-01-300x300.png 300w, https:\/\/radioiep.com\/site\/wp-content\/uploads\/2024\/01\/Imagem-gerada-por-IA-01-1024x1024.png 1024w, https:\/\/radioiep.com\/site\/wp-content\/uploads\/2024\/01\/Imagem-gerada-por-IA-01-150x150.png 150w, https:\/\/radioiep.com\/site\/wp-content\/uploads\/2024\/01\/Imagem-gerada-por-IA-01-768x768.png 768w\" sizes=\"(max-width: 1536px) 100vw, 1536px\" \/><\/p>\n<p><span style=\"font-weight: 400;\">J\u00e1 imaginou voc\u00ea participando de um interc\u00e2mbio em Mo\u00e7ambique? <\/span><\/p>\n<p><span style=\"font-weight: 400;\">Esta \u00e9 uma grande oportunidade que o governo brasileiro est\u00e1 oferecendo aos alunos de Institui\u00e7\u00f5es P\u00fablicas de N\u00edvel Superior do pa\u00eds. Informamos que as inscri\u00e7\u00f5es foram prorrogadas at\u00e9 dia 19 de janeiro deste ano, 2024. Atrav\u00e9s do Programa de Interc\u00e2mbios SUL-SUL, o Caminhos Amefricanos da Coordena\u00e7\u00e3o de Aperfei\u00e7oamento de Pessoal de N\u00edvel Superior (CAPES), \u00f3rg\u00e3o vinculado ao Minist\u00e9rio da Educa\u00e7\u00e3o (MEC) e Minist\u00e9rio da Igualdade Racial (MIR).<\/span><\/p>\n<p><span style=\"font-weight: 400;\">Este programa, Caminhos Amefricanos, tem como proposta, fortalecer os la\u00e7os de nossa hist\u00f3ria, estimulando as trocas de conhecimentos, experi\u00eancias, assim como a\u00e7\u00f5es contra o racismo. Com iniciativas de pol\u00edticas p\u00fablicas que contribuem para o combate ao racismo estrutural, e mesmo o racismo em todas as suas inst\u00e2ncias sociais, com propostas que contribuem para a educa\u00e7\u00e3o, coopera\u00e7\u00e3o das rela\u00e7\u00f5es \u00e9tnico-raciais a partir de parceria acad\u00eamica entre institui\u00e7\u00f5es de ensino superior, incentivo \u00e0 pesquisas, ao desenvolvimento cient\u00edfico e tecnol\u00f3gico, tamb\u00e9m para a promo\u00e7\u00e3o da igualdade racial. Portanto, este programa faz parte de um plano de a\u00e7\u00e3o contra o racismo, da Confer\u00eancia Mundial, de acordo com os Tratados Internacionais.\u00a0<\/span><\/p>\n<p><span style=\"font-weight: 400;\">O programa \u00e9 voltado para alunos pretos, pardos e quilombolas, cursando licenciaturas a partir do quinto semestre em institui\u00e7\u00f5es de Ensino Superior p\u00fablicas do Brasil, atendendo at\u00e9 50 candidatos(as). Nesta edi\u00e7\u00e3o, sendo a primeira deste programa Caminhos Amefricanos, o interc\u00e2mbio acontecer\u00e1 entre os pa\u00edses Brasil e Mo\u00e7ambique, e\u00a0 contar\u00e1 com aux\u00edlio financeiro, com in\u00edcio em agosto de 2024, tendo a dura\u00e7\u00e3o de 15 dias, contemplando alunos brasileiros nesta edi\u00e7\u00e3o. A institui\u00e7\u00e3o que ir\u00e1 receber os alunos \u00e9 a Universidade Pedag\u00f3gica de Maputo (UP-Maputo), em Mo\u00e7ambique.<\/span><\/p>\n<p><span style=\"font-weight: 400;\">O Brasil possui um la\u00e7o muito forte, hist\u00f3rico, cultural e racial com os pa\u00edses da \u00c1frica. H\u00e1 muitos cidad\u00e3os que se consideram Afro-brasileiros por terem la\u00e7os culturais provenientes da miscigena\u00e7\u00e3o entre os Europeu, Ind\u00edgenas e Negros trazidos da terra m\u00e3e \u00c1frica.\u00a0<\/span><\/p>\n<p><span style=\"font-weight: 400;\">Lembrando que as inscri\u00e7\u00f5es v\u00e3o at\u00e9 dia 19 de janeiro deste ano. Aten\u00e7\u00e3o ao prazo e n\u00e3o perca a oportunidade. Mais informa\u00e7\u00f5es e acesso ao <\/span><a href=\"https:\/\/www.gov.br\/capes\/pt-br\/centrais-de-conteudo\/editais\/04122024_Edital_2282364_SEI_2279471_Edital_Conjunto_n__34_2023.pdf\"><span style=\"font-weight: 400;\">edital<\/span><\/a><span style=\"font-weight: 400;\">. A sua inscri\u00e7\u00e3o deve ser realizada\u00a0 somente neste site do <\/span><a href=\"https:\/\/sso.capes.gov.br\/sso\/oauth?response_type=token&amp;redirect_uri=https:\/\/inscricao.capes.gov.br\/auth&amp;realm=2&amp;client_id=individual.capes.gov.br&amp;scope=&amp;state=capes_oauth\"><span style=\"font-weight: 400;\">Governo brasileiro<\/span><\/a><span style=\"font-weight: 400;\"> at\u00e9 dia 19 de janeiro de 2024.<\/span><\/p>\n<p>&nbsp;<\/p>\n<p style=\"text-align: right;\">Por Luiz Nascimento<\/p>\n<p style=\"text-align: right;\">Pela R\u00e1dio que fala a l\u00edngua dos povos<\/p>\n<p style=\"text-align: right;\">Associa\u00e7\u00e3o Arte e Cultura em Lingua Portuguesa<\/p>\n<p id=\"rop\"><small>Originally posted 2024-01-02 20:05:13. <\/small><\/p>","protected":false},"excerpt":{"rendered":"<p>Programa de Interc\u00e2mbios SUL-SUL, 2024 &nbsp; J\u00e1 imaginou voc\u00ea participando de um interc\u00e2mbio em Mo\u00e7ambique? Esta \u00e9 uma grande oportunidade que o governo brasileiro est\u00e1 oferecendo aos alunos de Institui\u00e7\u00f5es P\u00fablicas de N\u00edvel Superior do pa\u00eds. Informamos que as inscri\u00e7\u00f5es foram prorrogadas at\u00e9 dia 19 de janeiro deste ano, 2024. Atrav\u00e9s do Programa de Interc\u00e2mbios [&hellip;]<\/p>\n","protected":false},"author":4,"featured_media":2722,"comment_status":"open","ping_status":"open","sticky":false,"template":"","format":"standard","meta":{"footnotes":""},"categories":[14,77],"tags":[],"class_list":["post-2719","post","type-post","status-publish","format-standard","has-post-thumbnail","hentry","category-educacao","category-intercambio"],"_links":{"self":[{"href":"https:\/\/radioiep.com\/site\/wp-json\/wp\/v2\/posts\/2719","targetHints":{"allow":["GET"]}}],"collection":[{"href":"https:\/\/radioiep.com\/site\/wp-json\/wp\/v2\/posts"}],"about":[{"href":"https:\/\/radioiep.com\/site\/wp-json\/wp\/v2\/types\/post"}],"author":[{"embeddable":true,"href":"https:\/\/radioiep.com\/site\/wp-json\/wp\/v2\/users\/4"}],"replies":[{"embeddable":true,"href":"https:\/\/radioiep.com\/site\/wp-json\/wp\/v2\/comments?post=2719"}],"version-history":[{"count":0,"href":"https:\/\/radioiep.com\/site\/wp-json\/wp\/v2\/posts\/2719\/revisions"}],"wp:featuredmedia":[{"embeddable":true,"href":"https:\/\/radioiep.com\/site\/wp-json\/wp\/v2\/media\/2722"}],"wp:attachment":[{"href":"https:\/\/radioiep.com\/site\/wp-json\/wp\/v2\/media?parent=2719"}],"wp:term":[{"taxonomy":"category","embeddable":true,"href":"https:\/\/radioiep.com\/site\/wp-json\/wp\/v2\/categories?post=2719"},{"taxonomy":"post_tag","embeddable":true,"href":"https:\/\/radioiep.com\/site\/wp-json\/wp\/v2\/tags?post=2719"}],"curies":[{"name":"wp","href":"https:\/\/api.w.org\/{rel}","templated":true}]}}