{"id":2695,"date":"2025-06-17T01:06:16","date_gmt":"2025-06-17T01:06:16","guid":{"rendered":"https:\/\/radioiep.com\/?p=2695"},"modified":"2025-06-17T01:06:16","modified_gmt":"2025-06-17T01:06:16","slug":"sarau-de-arte-e-poesia","status":"publish","type":"post","link":"https:\/\/radioiep.com\/site\/sarau-de-arte-e-poesia\/","title":{"rendered":"Sarau de arte e poesia"},"content":{"rendered":"<h2 style=\"text-align: center;\">Academia Betinense de Letras, tecendo encantos liter\u00e1rios e art\u00edsticos<\/h2>\n<p><img fetchpriority=\"high\" decoding=\"async\" class=\"wp-image-2713 aligncenter\" src=\"https:\/\/radioiep.com\/site\/wp-content\/uploads\/2023\/12\/Imagem-do-WhatsApp-de-2023-12-01-as-09.18.44_18de2196.jpg\" alt=\"\" width=\"486\" height=\"364\" srcset=\"https:\/\/radioiep.com\/site\/wp-content\/uploads\/2023\/12\/Imagem-do-WhatsApp-de-2023-12-01-as-09.18.44_18de2196.jpg 1000w, https:\/\/radioiep.com\/site\/wp-content\/uploads\/2023\/12\/Imagem-do-WhatsApp-de-2023-12-01-as-09.18.44_18de2196-300x225.jpg 300w, https:\/\/radioiep.com\/site\/wp-content\/uploads\/2023\/12\/Imagem-do-WhatsApp-de-2023-12-01-as-09.18.44_18de2196-768x576.jpg 768w\" sizes=\"(max-width: 486px) 100vw, 486px\" \/><\/p>\n<p style=\"text-align: center;\">Em Betim, terra de encantos,<br \/>\nA ABEL, Academia Betinense de Letras, tece seus encantos.<br \/>\nRealizando um sarau sutil, po\u00e9tico e contagiante,<br \/>\nNo palco da Casa da Cultura, Josephina Bento, um ato memor\u00e1vel e muito significante.<\/p>\n<p style=\"text-align: center;\">Entre versos e notas musicais, em cada cora\u00e7\u00e3o a r\u00edtmica do canto,<br \/>\nUm sarau de arte e poesia. Celeiro de sonhos, express\u00f5es art\u00edsticas, a noite foi um encanto.<\/p>\n<p style=\"text-align: center;\">As palavras dan\u00e7am como rios, \u00e0s vezes felizes outras tristonhos,<br \/>\nIntegra\u00e7\u00e3o foi o tema, elo a nos ligar, neste rios de sonhos.<\/p>\n<p><img decoding=\"async\" class=\"wp-image-2712 aligncenter\" src=\"https:\/\/radioiep.com\/site\/wp-content\/uploads\/2023\/12\/Imagem-do-WhatsApp-de-2023-12-01-as-09.18.44_5e5dec28.jpg\" alt=\"\" width=\"368\" height=\"276\" srcset=\"https:\/\/radioiep.com\/site\/wp-content\/uploads\/2023\/12\/Imagem-do-WhatsApp-de-2023-12-01-as-09.18.44_5e5dec28.jpg 1000w, https:\/\/radioiep.com\/site\/wp-content\/uploads\/2023\/12\/Imagem-do-WhatsApp-de-2023-12-01-as-09.18.44_5e5dec28-300x225.jpg 300w, https:\/\/radioiep.com\/site\/wp-content\/uploads\/2023\/12\/Imagem-do-WhatsApp-de-2023-12-01-as-09.18.44_5e5dec28-768x576.jpg 768w\" sizes=\"(max-width: 368px) 100vw, 368px\" \/><img decoding=\"async\" class=\"wp-image-2714 aligncenter\" src=\"https:\/\/radioiep.com\/site\/wp-content\/uploads\/2023\/12\/Imagem-do-WhatsApp-de-2023-12-01-as-09.18.44_b3609519.jpg\" alt=\"\" width=\"372\" height=\"279\" srcset=\"https:\/\/radioiep.com\/site\/wp-content\/uploads\/2023\/12\/Imagem-do-WhatsApp-de-2023-12-01-as-09.18.44_b3609519.jpg 1000w, https:\/\/radioiep.com\/site\/wp-content\/uploads\/2023\/12\/Imagem-do-WhatsApp-de-2023-12-01-as-09.18.44_b3609519-300x225.jpg 300w, https:\/\/radioiep.com\/site\/wp-content\/uploads\/2023\/12\/Imagem-do-WhatsApp-de-2023-12-01-as-09.18.44_b3609519-768x576.jpg 768w\" sizes=\"(max-width: 372px) 100vw, 372px\" \/><\/p>\n<p style=\"text-align: center;\">Cores das letras em um doce dan\u00e7ar,<br \/>\nPergaminhos po\u00e9ticos caminhantes da liberdade vieram contar.<\/p>\n<p style=\"text-align: center;\">A \u00c1rvore dos livros, com p\u00e1ginas em branco,<br \/>\nHist\u00f3rias misteriosas, secretas. Poemas a se publicar, em busca de um belo recanto.<\/p>\n<p style=\"text-align: center;\">O Maestro no palco, guiando fren\u00e9ticas pessoas no ritmo a se apresentar,<br \/>\nEscritores talentosos, obras no ar, a nos emocionar.<\/p>\n<p><img loading=\"lazy\" decoding=\"async\" class=\"wp-image-2710 aligncenter\" src=\"https:\/\/radioiep.com\/site\/wp-content\/uploads\/2023\/12\/Imagem-do-WhatsApp-de-2023-12-01-as-09.18.37_c23b053b.jpg\" alt=\"\" width=\"416\" height=\"312\" srcset=\"https:\/\/radioiep.com\/site\/wp-content\/uploads\/2023\/12\/Imagem-do-WhatsApp-de-2023-12-01-as-09.18.37_c23b053b.jpg 1600w, https:\/\/radioiep.com\/site\/wp-content\/uploads\/2023\/12\/Imagem-do-WhatsApp-de-2023-12-01-as-09.18.37_c23b053b-300x225.jpg 300w, https:\/\/radioiep.com\/site\/wp-content\/uploads\/2023\/12\/Imagem-do-WhatsApp-de-2023-12-01-as-09.18.37_c23b053b-1024x768.jpg 1024w, https:\/\/radioiep.com\/site\/wp-content\/uploads\/2023\/12\/Imagem-do-WhatsApp-de-2023-12-01-as-09.18.37_c23b053b-768x576.jpg 768w, https:\/\/radioiep.com\/site\/wp-content\/uploads\/2023\/12\/Imagem-do-WhatsApp-de-2023-12-01-as-09.18.37_c23b053b-1536x1152.jpg 1536w\" sizes=\"(max-width: 416px) 100vw, 416px\" \/><\/p>\n<p style=\"text-align: center;\">Maria Iorrana e Val Alves, a declamar,<br \/>\nCl\u00e9o Chaves, Edson Brasil de Castro, poesias a exalar.<br \/>\nLan\u00e7amento de livros, p\u00e1ginas a voar,<br \/>\n&#8220;A Menina do Hijab&#8221;, hist\u00f3ria a contar.<\/p>\n<p style=\"text-align: center;\">&#8220;As Aventuras da Gotinha do Amanhecer&#8221;, uma hist\u00f3ria de supera\u00e7\u00e3o e escuta profunda, a nos ensinar.<br \/>\nVersos e cr\u00f4nicas, a noite, um encontro, a nos inspirar.<br \/>\nGleidston e Alis, a M\u00e1quina do Mundo a girar,<br \/>\nTrio Sol Nascente, can\u00e7\u00f5es a ecoar.<\/p>\n<p style=\"text-align: center;\">Fada Liz, encanto a narrar,<br \/>\nSua hist\u00f3ria sobre Gaia e a natureza no ar.<br \/>\nBanda Bruta Flor Ac\u00fastico, cultura a exaltar,<br \/>\nVoz sublime, a nos hipnotizar.<\/p>\n<p><img loading=\"lazy\" decoding=\"async\" class=\"wp-image-2698 aligncenter\" src=\"https:\/\/radioiep.com\/site\/wp-content\/uploads\/2023\/12\/Imagem-do-WhatsApp-de-2023-11-30-as-22.26.47_53a30ce1.jpg\" alt=\"\" width=\"367\" height=\"490\" srcset=\"https:\/\/radioiep.com\/site\/wp-content\/uploads\/2023\/12\/Imagem-do-WhatsApp-de-2023-11-30-as-22.26.47_53a30ce1.jpg 960w, https:\/\/radioiep.com\/site\/wp-content\/uploads\/2023\/12\/Imagem-do-WhatsApp-de-2023-11-30-as-22.26.47_53a30ce1-225x300.jpg 225w, https:\/\/radioiep.com\/site\/wp-content\/uploads\/2023\/12\/Imagem-do-WhatsApp-de-2023-11-30-as-22.26.47_53a30ce1-768x1024.jpg 768w\" sizes=\"(max-width: 367px) 100vw, 367px\" \/> <img loading=\"lazy\" decoding=\"async\" class=\"wp-image-2697 aligncenter\" src=\"https:\/\/radioiep.com\/site\/wp-content\/uploads\/2023\/12\/Imagem-do-WhatsApp-de-2023-11-30-as-22.26.46_2246cbea.jpg\" alt=\"\" width=\"375\" height=\"281\" srcset=\"https:\/\/radioiep.com\/site\/wp-content\/uploads\/2023\/12\/Imagem-do-WhatsApp-de-2023-11-30-as-22.26.46_2246cbea.jpg 1280w, https:\/\/radioiep.com\/site\/wp-content\/uploads\/2023\/12\/Imagem-do-WhatsApp-de-2023-11-30-as-22.26.46_2246cbea-300x225.jpg 300w, https:\/\/radioiep.com\/site\/wp-content\/uploads\/2023\/12\/Imagem-do-WhatsApp-de-2023-11-30-as-22.26.46_2246cbea-1024x768.jpg 1024w, https:\/\/radioiep.com\/site\/wp-content\/uploads\/2023\/12\/Imagem-do-WhatsApp-de-2023-11-30-as-22.26.46_2246cbea-768x576.jpg 768w\" sizes=\"(max-width: 375px) 100vw, 375px\" \/><\/p>\n<p style=\"text-align: center;\">Teatro e circo, espet\u00e1culo fant\u00e1stico com Tayuana Meneses, arte a deslumbrar<br \/>\nA Trupe Tu com Tudo, magia a nos deixar, uma linda hist\u00f3ria sobre rostos e sorrisos, a todos fascinar.<\/p>\n<p style=\"text-align: center;\">Duo Voz e Piano, melodia a flutuar,<br \/>\nSarau da Abel de 2023, poemas a se revelar.<\/p>\n<p style=\"text-align: center;\">O Circo de todo mundo, presente na miss\u00e3o, seus livros veio mostrar.<br \/>\nAriane Raissa, expondo sua cria\u00e7\u00e3o, com seu texto sobre medos a todos arrebatar.<\/p>\n<p><img loading=\"lazy\" decoding=\"async\" class=\"wp-image-2696 aligncenter\" src=\"https:\/\/radioiep.com\/site\/wp-content\/uploads\/2023\/12\/Imagem-do-WhatsApp-de-2023-11-30-as-22.26.45_a36be748.jpg\" alt=\"\" width=\"457\" height=\"243\" srcset=\"https:\/\/radioiep.com\/site\/wp-content\/uploads\/2023\/12\/Imagem-do-WhatsApp-de-2023-11-30-as-22.26.45_a36be748.jpg 1088w, https:\/\/radioiep.com\/site\/wp-content\/uploads\/2023\/12\/Imagem-do-WhatsApp-de-2023-11-30-as-22.26.45_a36be748-300x160.jpg 300w, https:\/\/radioiep.com\/site\/wp-content\/uploads\/2023\/12\/Imagem-do-WhatsApp-de-2023-11-30-as-22.26.45_a36be748-1024x546.jpg 1024w, https:\/\/radioiep.com\/site\/wp-content\/uploads\/2023\/12\/Imagem-do-WhatsApp-de-2023-11-30-as-22.26.45_a36be748-768x409.jpg 768w\" sizes=\"(max-width: 457px) 100vw, 457px\" \/> <img loading=\"lazy\" decoding=\"async\" class=\"wp-image-2690 aligncenter\" src=\"https:\/\/radioiep.com\/site\/wp-content\/uploads\/2023\/12\/Sarau-01.jpg\" alt=\"\" width=\"457\" height=\"279\" srcset=\"https:\/\/radioiep.com\/site\/wp-content\/uploads\/2023\/12\/Sarau-01.jpg 1287w, https:\/\/radioiep.com\/site\/wp-content\/uploads\/2023\/12\/Sarau-01-300x183.jpg 300w, https:\/\/radioiep.com\/site\/wp-content\/uploads\/2023\/12\/Sarau-01-1024x626.jpg 1024w, https:\/\/radioiep.com\/site\/wp-content\/uploads\/2023\/12\/Sarau-01-768x470.jpg 768w\" sizes=\"(max-width: 457px) 100vw, 457px\" \/><\/p>\n<p style=\"text-align: center;\">Homenagens especiais, afetos a brotar,<br \/>\nParcerias fortes a se realizar.<br \/>\nNa Betim po\u00e9tica, a noite se eternizar,<br \/>\nABEL tece a hist\u00f3ria, numa express\u00e3o de gl\u00f3ria ao este evento protagonizar.<\/p>\n<p style=\"text-align: center;\">Como na vida, li\u00e7\u00f5es vividas, s\u00e3o li\u00e7\u00f5es aprendidas,<br \/>\nAtrav\u00e9s da arte, da poesia, buscamos a verdade e a medida.<\/p>\n<p style=\"text-align: center;\">Cada verso, um ensinamento, uma jornada,<br \/>\nSarau da ABEL, eternas lembran\u00e7as ser\u00e3o para todo o sempre guardadas.<\/p>\n<p><img loading=\"lazy\" decoding=\"async\" class=\"wp-image-2700 aligncenter\" src=\"https:\/\/radioiep.com\/site\/wp-content\/uploads\/2023\/12\/Imagem-do-WhatsApp-de-2023-12-01-as-08.45.17_f2e947c2.jpg\" alt=\"\" width=\"347\" height=\"261\" srcset=\"https:\/\/radioiep.com\/site\/wp-content\/uploads\/2023\/12\/Imagem-do-WhatsApp-de-2023-12-01-as-08.45.17_f2e947c2.jpg 1600w, https:\/\/radioiep.com\/site\/wp-content\/uploads\/2023\/12\/Imagem-do-WhatsApp-de-2023-12-01-as-08.45.17_f2e947c2-300x225.jpg 300w, https:\/\/radioiep.com\/site\/wp-content\/uploads\/2023\/12\/Imagem-do-WhatsApp-de-2023-12-01-as-08.45.17_f2e947c2-1024x768.jpg 1024w, https:\/\/radioiep.com\/site\/wp-content\/uploads\/2023\/12\/Imagem-do-WhatsApp-de-2023-12-01-as-08.45.17_f2e947c2-768x576.jpg 768w, https:\/\/radioiep.com\/site\/wp-content\/uploads\/2023\/12\/Imagem-do-WhatsApp-de-2023-12-01-as-08.45.17_f2e947c2-1536x1152.jpg 1536w\" sizes=\"(max-width: 347px) 100vw, 347px\" \/> <img loading=\"lazy\" decoding=\"async\" class=\"wp-image-2704 aligncenter\" src=\"https:\/\/radioiep.com\/site\/wp-content\/uploads\/2023\/12\/Imagem-do-WhatsApp-de-2023-12-01-as-08.45.19_e209616b.jpg\" alt=\"\" width=\"347\" height=\"261\" srcset=\"https:\/\/radioiep.com\/site\/wp-content\/uploads\/2023\/12\/Imagem-do-WhatsApp-de-2023-12-01-as-08.45.19_e209616b.jpg 1600w, https:\/\/radioiep.com\/site\/wp-content\/uploads\/2023\/12\/Imagem-do-WhatsApp-de-2023-12-01-as-08.45.19_e209616b-300x225.jpg 300w, https:\/\/radioiep.com\/site\/wp-content\/uploads\/2023\/12\/Imagem-do-WhatsApp-de-2023-12-01-as-08.45.19_e209616b-1024x768.jpg 1024w, https:\/\/radioiep.com\/site\/wp-content\/uploads\/2023\/12\/Imagem-do-WhatsApp-de-2023-12-01-as-08.45.19_e209616b-768x576.jpg 768w, https:\/\/radioiep.com\/site\/wp-content\/uploads\/2023\/12\/Imagem-do-WhatsApp-de-2023-12-01-as-08.45.19_e209616b-1536x1152.jpg 1536w\" sizes=\"(max-width: 347px) 100vw, 347px\" \/><\/p>\n<p style=\"text-align: center;\">Abaixo, registro das lendas escritoras em Betim:<br \/>\n-A Menina do Hijab, Maria Lorrana.<br \/>\n-As Aventuras da Gotinha do Amanhecer, Val Alves.<br \/>\n-As Novas Vers\u00f5es de Marido e Outras Cr\u00f4nicas, Assobiando no Escuro; Cl\u00e9o Chaves.<br \/>\n-Eu Conhe\u00e7o Sua Alma, Edson Castro.<br \/>\n-O Sol e o Riso (Reflex\u00f5es da Lena) e Poemas, Maria Helena.<br \/>\n-Valentina, Belatrix e as Viagens M\u00e1gicas, Val\u00e9ria Moura.<\/p>\n<p>&nbsp;<\/p>\n<p><img loading=\"lazy\" decoding=\"async\" class=\"wp-image-2705 aligncenter\" src=\"https:\/\/radioiep.com\/site\/wp-content\/uploads\/2023\/12\/Imagem-do-WhatsApp-de-2023-12-01-as-08.45.23_b7dfa2c8.jpg\" alt=\"\" width=\"387\" height=\"290\" srcset=\"https:\/\/radioiep.com\/site\/wp-content\/uploads\/2023\/12\/Imagem-do-WhatsApp-de-2023-12-01-as-08.45.23_b7dfa2c8.jpg 1600w, https:\/\/radioiep.com\/site\/wp-content\/uploads\/2023\/12\/Imagem-do-WhatsApp-de-2023-12-01-as-08.45.23_b7dfa2c8-300x225.jpg 300w, https:\/\/radioiep.com\/site\/wp-content\/uploads\/2023\/12\/Imagem-do-WhatsApp-de-2023-12-01-as-08.45.23_b7dfa2c8-1024x768.jpg 1024w, https:\/\/radioiep.com\/site\/wp-content\/uploads\/2023\/12\/Imagem-do-WhatsApp-de-2023-12-01-as-08.45.23_b7dfa2c8-768x576.jpg 768w, https:\/\/radioiep.com\/site\/wp-content\/uploads\/2023\/12\/Imagem-do-WhatsApp-de-2023-12-01-as-08.45.23_b7dfa2c8-1536x1152.jpg 1536w\" sizes=\"(max-width: 387px) 100vw, 387px\" \/><\/p>\n<p>&nbsp;<\/p>\n<p style=\"text-align: right;\">Por <strong>Val Alves<\/strong>,<br \/>\nDa p\u00e1gina @pergaminhos_po\u00e9ticos,<br \/>\nR\u00e1dio Internacional em Portugu\u00eas,<br \/>\nA r\u00e1dio que fala a l\u00edngua dos povos, com\u00a0seus\u00a0m\u00e9ritos.<\/p>\n<p id=\"rop\"><small>Originally posted 2023-12-02 23:12:47. <\/small><\/p>","protected":false},"excerpt":{"rendered":"<p>Academia Betinense de Letras, tecendo encantos liter\u00e1rios e art\u00edsticos Em Betim, terra de encantos, A ABEL, Academia Betinense de Letras, tece seus encantos. Realizando um sarau sutil, po\u00e9tico e contagiante, No palco da Casa da Cultura, Josephina Bento, um ato memor\u00e1vel e muito significante. Entre versos e notas musicais, em cada cora\u00e7\u00e3o a r\u00edtmica do [&hellip;]<\/p>\n","protected":false},"author":3,"featured_media":2711,"comment_status":"open","ping_status":"open","sticky":false,"template":"","format":"standard","meta":{"footnotes":""},"categories":[10,25,13,73],"tags":[],"class_list":["post-2695","post","type-post","status-publish","format-standard","has-post-thumbnail","hentry","category-arte","category-atividades","category-cultura","category-literatura"],"_links":{"self":[{"href":"https:\/\/radioiep.com\/site\/wp-json\/wp\/v2\/posts\/2695","targetHints":{"allow":["GET"]}}],"collection":[{"href":"https:\/\/radioiep.com\/site\/wp-json\/wp\/v2\/posts"}],"about":[{"href":"https:\/\/radioiep.com\/site\/wp-json\/wp\/v2\/types\/post"}],"author":[{"embeddable":true,"href":"https:\/\/radioiep.com\/site\/wp-json\/wp\/v2\/users\/3"}],"replies":[{"embeddable":true,"href":"https:\/\/radioiep.com\/site\/wp-json\/wp\/v2\/comments?post=2695"}],"version-history":[{"count":0,"href":"https:\/\/radioiep.com\/site\/wp-json\/wp\/v2\/posts\/2695\/revisions"}],"wp:featuredmedia":[{"embeddable":true,"href":"https:\/\/radioiep.com\/site\/wp-json\/wp\/v2\/media\/2711"}],"wp:attachment":[{"href":"https:\/\/radioiep.com\/site\/wp-json\/wp\/v2\/media?parent=2695"}],"wp:term":[{"taxonomy":"category","embeddable":true,"href":"https:\/\/radioiep.com\/site\/wp-json\/wp\/v2\/categories?post=2695"},{"taxonomy":"post_tag","embeddable":true,"href":"https:\/\/radioiep.com\/site\/wp-json\/wp\/v2\/tags?post=2695"}],"curies":[{"name":"wp","href":"https:\/\/api.w.org\/{rel}","templated":true}]}}