{"id":2683,"date":"2025-06-17T01:06:15","date_gmt":"2025-06-17T01:06:15","guid":{"rendered":"https:\/\/radioiep.com\/?p=2683"},"modified":"2025-06-17T01:06:15","modified_gmt":"2025-06-17T01:06:15","slug":"sarau-de-artes-e-poesias-2023-da-abel-academia-betinense-de-letras","status":"publish","type":"post","link":"https:\/\/radioiep.com\/site\/sarau-de-artes-e-poesias-2023-da-abel-academia-betinense-de-letras\/","title":{"rendered":"Sarau de Artes e Poesias 2023 da ABEL &#8211; Academia  Betinense  de Letras"},"content":{"rendered":"<h4 style=\"text-align: center;\"><b>\u201cIntegra\u00e7\u00e3o\u201d. Elos da arte a nos ligar<\/b><\/h4>\n<p><img fetchpriority=\"high\" decoding=\"async\" class=\"wp-image-2686 aligncenter\" src=\"https:\/\/radioiep.com\/site\/wp-content\/uploads\/2023\/12\/Val-Sarau-2023-01.jpg\" alt=\"\" width=\"360\" height=\"581\" srcset=\"https:\/\/radioiep.com\/site\/wp-content\/uploads\/2023\/12\/Val-Sarau-2023-01.jpg 719w, https:\/\/radioiep.com\/site\/wp-content\/uploads\/2023\/12\/Val-Sarau-2023-01-186x300.jpg 186w, https:\/\/radioiep.com\/site\/wp-content\/uploads\/2023\/12\/Val-Sarau-2023-01-634x1024.jpg 634w\" sizes=\"(max-width: 360px) 100vw, 360px\" \/><\/p>\n<p><span style=\"font-weight: 400;\">A R\u00e1dio Internacional em Portugu\u00eas destaca a import\u00e2ncia da literatura na vida do ser humano por meio do seu trabalho, e hoje destacamos sua participa\u00e7\u00e3o no Sarau de Artes e Poesias da ABEL &#8211; Academia\u00a0 Betinense\u00a0 de Letras, institu\u00edda\u00a0 na cidade de Betim, Minas Gerais que aconteceu no dia 30 de novembro deste ano. Um evento memor\u00e1vel, onde reuniu v\u00e1rias mentes com suas ricas e cativantes express\u00f5es art\u00edsticas.<\/span><\/p>\n<p><span style=\"font-weight: 400;\">Em uma noite de celebra\u00e7\u00e3o cultural, a Academia Betinense de Letras promoveu o evento na Casa da Cultura Josephina Bento. Com o tema &#8220;Integra\u00e7\u00e3o&#8221;, na ocasi\u00e3o contamos com a participa\u00e7\u00e3o de v\u00e1rios artistas e suas express\u00f5es, incluindo exposi\u00e7\u00e3o de livros, varal de poesias, muita m\u00fasica e recital de poesias .<\/span><\/p>\n<p><img decoding=\"async\" class=\"alignnone size-full wp-image-2692\" src=\"https:\/\/radioiep.com\/site\/wp-content\/uploads\/2023\/12\/Sarau-03.jpg\" alt=\"\" width=\"1536\" height=\"844\" srcset=\"https:\/\/radioiep.com\/site\/wp-content\/uploads\/2023\/12\/Sarau-03.jpg 1536w, https:\/\/radioiep.com\/site\/wp-content\/uploads\/2023\/12\/Sarau-03-300x165.jpg 300w, https:\/\/radioiep.com\/site\/wp-content\/uploads\/2023\/12\/Sarau-03-1024x563.jpg 1024w, https:\/\/radioiep.com\/site\/wp-content\/uploads\/2023\/12\/Sarau-03-768x422.jpg 768w\" sizes=\"(max-width: 1536px) 100vw, 1536px\" \/><\/p>\n<p><span style=\"font-weight: 400;\">Dentre os destaques do lan\u00e7amento de livros, tivemos obras como, &#8220;A Menina do Hijab&#8221; de Maria Iorrana e &#8220;As Aventuras da Gotinha do Amanhecer&#8221; de Val Alves, que encantaram o p\u00fablico. Tamb\u00e9m tivemos as presen\u00e7as de escritores, como Cl\u00e9o Chaves, Edson Brasil de Castro e Maria Helena, que enriqueceram ainda mais a noite de evento.<\/span><\/p>\n<p><img decoding=\"async\" class=\"wp-image-2684 aligncenter\" src=\"https:\/\/radioiep.com\/site\/wp-content\/uploads\/2023\/12\/Val-Sarau-Abel.png\" alt=\"\" width=\"366\" height=\"366\" srcset=\"https:\/\/radioiep.com\/site\/wp-content\/uploads\/2023\/12\/Val-Sarau-Abel.png 1080w, https:\/\/radioiep.com\/site\/wp-content\/uploads\/2023\/12\/Val-Sarau-Abel-300x300.png 300w, https:\/\/radioiep.com\/site\/wp-content\/uploads\/2023\/12\/Val-Sarau-Abel-1024x1024.png 1024w, https:\/\/radioiep.com\/site\/wp-content\/uploads\/2023\/12\/Val-Sarau-Abel-150x150.png 150w, https:\/\/radioiep.com\/site\/wp-content\/uploads\/2023\/12\/Val-Sarau-Abel-768x768.png 768w\" sizes=\"(max-width: 366px) 100vw, 366px\" \/><\/p>\n<p><span style=\"font-weight: 400;\">Al\u00e9m das performances musicais do Trio Sol Nascente, Duo Voz e Piano de Juliana Tavares ft. Ellen Gomes, o Sarau contou com a participa\u00e7\u00e3o especial da Fada Liz, narrando hist\u00f3rias, sobre a m\u00e3e natureza e sua import\u00e2ncia. A trupe circense &#8220;Tu com Tudo&#8221;, com Tayuana Meneses, trouxe conta\u00e7\u00e3o de hist\u00f3rias e a aluna Ariane Raissa recitando poesias autorais.<\/span><\/p>\n<p><span style=\"font-weight: 400;\">Uma emocionante homenagem foi prestada aos profissionais do internato da sa\u00fade mental do curso de medicina da PUC-Minas Betim, bem como aos pacientes da UBS Dom Bosco. E a homenagem se estendeu a uma profiss\u00e3o t\u00e3o fascinante de \u201cDire\u00e7\u00e3o de escolas\u201d que tem feito um trabalho incr\u00edvel ligado a arte, cultura e educa\u00e7\u00e3o.<\/span><\/p>\n<p><img loading=\"lazy\" decoding=\"async\" class=\"alignnone size-full wp-image-2693\" src=\"https:\/\/radioiep.com\/site\/wp-content\/uploads\/2023\/12\/Sarau-02.jpg\" alt=\"\" width=\"1281\" height=\"647\" srcset=\"https:\/\/radioiep.com\/site\/wp-content\/uploads\/2023\/12\/Sarau-02.jpg 1281w, https:\/\/radioiep.com\/site\/wp-content\/uploads\/2023\/12\/Sarau-02-300x152.jpg 300w, https:\/\/radioiep.com\/site\/wp-content\/uploads\/2023\/12\/Sarau-02-1024x517.jpg 1024w, https:\/\/radioiep.com\/site\/wp-content\/uploads\/2023\/12\/Sarau-02-768x388.jpg 768w\" sizes=\"(max-width: 1281px) 100vw, 1281px\" \/><\/p>\n<p><span style=\"font-weight: 400;\">Tivemos a presen\u00e7a das S\u00f3cias Diretoras da ALPENDRE EDITORA a Sra. Cristina e Sra. Luciana. Elas amaram o evento, e se dispuseram a marcar uma reuni\u00e3o com a Diretoria da ABEL, em prol de uma parceria.<\/span><\/p>\n<p><span style=\"font-weight: 400;\">Ao t\u00e9rmino do evento, um breakfast de encerramento proporcionou momentos de confraterniza\u00e7\u00e3o. A noite ficou marcada como um encontro de diferentes formas de express\u00f5es culturais e art\u00edsticas em Betim, refor\u00e7ando a import\u00e2ncia da literatura e das artes na comunidade.<\/span><\/p>\n<p><img loading=\"lazy\" decoding=\"async\" class=\"alignnone size-full wp-image-2690\" src=\"https:\/\/radioiep.com\/site\/wp-content\/uploads\/2023\/12\/Sarau-01.jpg\" alt=\"\" width=\"1287\" height=\"787\" srcset=\"https:\/\/radioiep.com\/site\/wp-content\/uploads\/2023\/12\/Sarau-01.jpg 1287w, https:\/\/radioiep.com\/site\/wp-content\/uploads\/2023\/12\/Sarau-01-300x183.jpg 300w, https:\/\/radioiep.com\/site\/wp-content\/uploads\/2023\/12\/Sarau-01-1024x626.jpg 1024w, https:\/\/radioiep.com\/site\/wp-content\/uploads\/2023\/12\/Sarau-01-768x470.jpg 768w\" sizes=\"(max-width: 1287px) 100vw, 1287px\" \/> <img loading=\"lazy\" decoding=\"async\" class=\"alignnone size-full wp-image-2691\" src=\"https:\/\/radioiep.com\/site\/wp-content\/uploads\/2023\/12\/Sarau-04.jpg\" alt=\"\" width=\"1600\" height=\"1018\" srcset=\"https:\/\/radioiep.com\/site\/wp-content\/uploads\/2023\/12\/Sarau-04.jpg 1600w, https:\/\/radioiep.com\/site\/wp-content\/uploads\/2023\/12\/Sarau-04-300x191.jpg 300w, https:\/\/radioiep.com\/site\/wp-content\/uploads\/2023\/12\/Sarau-04-1024x652.jpg 1024w, https:\/\/radioiep.com\/site\/wp-content\/uploads\/2023\/12\/Sarau-04-768x489.jpg 768w, https:\/\/radioiep.com\/site\/wp-content\/uploads\/2023\/12\/Sarau-04-1536x977.jpg 1536w\" sizes=\"(max-width: 1600px) 100vw, 1600px\" \/><\/p>\n<p><span style=\"font-weight: 400;\">Por <strong>Val Alves<\/strong><\/span><br \/>\n<span style=\"font-weight: 400;\">Da p\u00e1gina <strong>@pergaminhos_po\u00e9ticos<\/strong><\/span><\/p>\n<p><span style=\"font-weight: 400;\">R\u00e1dio internacional em Portugu\u00eas,<\/span><br \/>\n<span style=\"font-weight: 400;\">A r\u00e1dio que fala a l\u00edngua dos povos, com seus m\u00e9ritos.<\/span><br \/>\n<span style=\"font-weight: 400;\">\u00a0#Literatura #Abel #Betim #Escritores #Saraupoetico<\/span><\/p>\n<p id=\"rop\"><small>Originally posted 2023-12-02 21:32:39. <\/small><\/p>","protected":false},"excerpt":{"rendered":"<p>\u201cIntegra\u00e7\u00e3o\u201d. Elos da arte a nos ligar A R\u00e1dio Internacional em Portugu\u00eas destaca a import\u00e2ncia da literatura na vida do ser humano por meio do seu trabalho, e hoje destacamos sua participa\u00e7\u00e3o no Sarau de Artes e Poesias da ABEL &#8211; Academia\u00a0 Betinense\u00a0 de Letras, institu\u00edda\u00a0 na cidade de Betim, Minas Gerais que aconteceu no [&hellip;]<\/p>\n","protected":false},"author":2,"featured_media":2685,"comment_status":"open","ping_status":"open","sticky":false,"template":"","format":"standard","meta":{"footnotes":""},"categories":[10,13,73],"tags":[],"class_list":["post-2683","post","type-post","status-publish","format-standard","has-post-thumbnail","hentry","category-arte","category-cultura","category-literatura"],"_links":{"self":[{"href":"https:\/\/radioiep.com\/site\/wp-json\/wp\/v2\/posts\/2683","targetHints":{"allow":["GET"]}}],"collection":[{"href":"https:\/\/radioiep.com\/site\/wp-json\/wp\/v2\/posts"}],"about":[{"href":"https:\/\/radioiep.com\/site\/wp-json\/wp\/v2\/types\/post"}],"author":[{"embeddable":true,"href":"https:\/\/radioiep.com\/site\/wp-json\/wp\/v2\/users\/2"}],"replies":[{"embeddable":true,"href":"https:\/\/radioiep.com\/site\/wp-json\/wp\/v2\/comments?post=2683"}],"version-history":[{"count":0,"href":"https:\/\/radioiep.com\/site\/wp-json\/wp\/v2\/posts\/2683\/revisions"}],"wp:featuredmedia":[{"embeddable":true,"href":"https:\/\/radioiep.com\/site\/wp-json\/wp\/v2\/media\/2685"}],"wp:attachment":[{"href":"https:\/\/radioiep.com\/site\/wp-json\/wp\/v2\/media?parent=2683"}],"wp:term":[{"taxonomy":"category","embeddable":true,"href":"https:\/\/radioiep.com\/site\/wp-json\/wp\/v2\/categories?post=2683"},{"taxonomy":"post_tag","embeddable":true,"href":"https:\/\/radioiep.com\/site\/wp-json\/wp\/v2\/tags?post=2683"}],"curies":[{"name":"wp","href":"https:\/\/api.w.org\/{rel}","templated":true}]}}