{"id":2675,"date":"2025-06-17T01:06:14","date_gmt":"2025-06-17T01:06:14","guid":{"rendered":"https:\/\/radioiep.com\/?p=2675"},"modified":"2025-06-17T01:06:14","modified_gmt":"2025-06-17T01:06:14","slug":"reconhecimento-de-utilidade-publica","status":"publish","type":"post","link":"https:\/\/radioiep.com\/site\/reconhecimento-de-utilidade-publica\/","title":{"rendered":"Reconhecimento de Utilidade P\u00fablica"},"content":{"rendered":"<p style=\"text-align: center;\"><strong>Associa\u00e7\u00e3o Arte e Cultura em L\u00edngua Portuguesa, \u00e9 reconhecida como Utilidade P\u00fablica em Mirabela-MG<\/strong><\/p>\n<p><img fetchpriority=\"high\" decoding=\"async\" class=\"alignnone size-full wp-image-2677\" src=\"https:\/\/radioiep.com\/site\/wp-content\/uploads\/2023\/12\/RIEP-Utilidade-publica-02.jpg\" alt=\"\" width=\"1280\" height=\"720\" srcset=\"https:\/\/radioiep.com\/site\/wp-content\/uploads\/2023\/12\/RIEP-Utilidade-publica-02.jpg 1280w, https:\/\/radioiep.com\/site\/wp-content\/uploads\/2023\/12\/RIEP-Utilidade-publica-02-300x169.jpg 300w, https:\/\/radioiep.com\/site\/wp-content\/uploads\/2023\/12\/RIEP-Utilidade-publica-02-1024x576.jpg 1024w, https:\/\/radioiep.com\/site\/wp-content\/uploads\/2023\/12\/RIEP-Utilidade-publica-02-768x432.jpg 768w\" sizes=\"(max-width: 1280px) 100vw, 1280px\" \/><\/p>\n<p><span style=\"font-weight: 400;\">Participando na 17\u00aa Sess\u00e3o Ordin\u00e1ria deste ano de 2023, realizada pelos vereadores da C\u00e2mara Municipal de Mirabela, Minas Gerais, dia 07, de novembro de ano, a Associa\u00e7\u00e3o Arte e Cultura em L\u00edngua Portuguesa, nesta solenidade, por meio do seu idealizador, Jos\u00e9 Ant\u00f4nio, que apresentou o projeto e propostas da associa\u00e7\u00e3o, junto a cidade, na busca de reconhecimento como Utilidade P\u00fablica.\u00a0<\/span><\/p>\n<p><span style=\"font-weight: 400;\">Os vereadores abra\u00e7aram com muito carinho, reconhecendo a import\u00e2ncia do projeto da Associa\u00e7\u00e3o Arte e Cultura em L\u00edngua Portuguesa, para a cidade de Mirabela. O projeto foi apresentado para a vereadora Charlene, que compreendeu a import\u00e2ncia dos trabalhos e propostas da associa\u00e7\u00e3o, no \u00e2mbito nacional e internacional, inclusive para sua regi\u00e3o sede.\u00a0<\/span><\/p>\n<p><span style=\"font-weight: 400;\">Mirabela \u00e9 popularmente conhecida como capital da carne de sol, por sua famosa carne de sol. Situada na regi\u00e3o norte mineira, est\u00e1 em um ponto de acesso para outros munic\u00edpios, o que a torna uma cidade refer\u00eancia para muitos viajantes. O pequi, fruto nativo, t\u00edpico do cerrado brasileiro, \u00e9 encontrado\u00a0 em abund\u00e2ncia na regi\u00e3o assim como nos munic\u00edpios em suas proximidades, um riqu\u00edssimo alimento e gera renda para muitas fam\u00edlias.<\/span><\/p>\n<p><span style=\"font-weight: 400;\">Segundo levantamentos do Instituto Brasileiro de Geografia e Estat\u00edstica &#8211; IBGE, o nome da cidade era Bela Vista, sendo alterado de acordo com a <\/span><span style=\"font-weight: 400;\">lei estadual n\u00ba 1058, de 31-12-1943, para Mirabela. Nela ainda existem alguns casar\u00f5es antigos, preservados pelo tempo, retratando sua hist\u00f3ria, em lembran\u00e7as das primeiras fam\u00edlias da localidade. Sua funda\u00e7\u00e3o se deu em 1963.<\/span><\/p>\n<p><span style=\"font-weight: 400;\">Dos eventos tradicionais que mais marcam o calend\u00e1rio da cidade, al\u00e9m do anivers\u00e1rio que se comemora em 03 de mar\u00e7o de cada ano, temos sua vaquejada e tamb\u00e9m a festa de agosto que acontece pr\u00f3ximo ao final do m\u00eas, foco em potencial tur\u00edstico e de muitas festividades na cidade.\u00a0<\/span><\/p>\n<p><span style=\"font-weight: 400;\">Ent\u00e3o, a Associa\u00e7\u00e3o Arte e Cultura em L\u00edngua Portuguesa, vem compor esse contexto social e evolutivo da regi\u00e3o, conforme conferimos no v\u00eddeo a seguir, falas do diretor Jos\u00e9 Ant\u00f4nio, onde tamb\u00e9m refor\u00e7amos o reconhecimento da vereadora Charlene que acolheu com muito apre\u00e7o esse projeto, levando ao conhecimento da c\u00e2mara de vereadores da cidade para receber o t\u00edtulo de utilidade p\u00fablica.\u00a0<\/span><\/p>\n<p><span style=\"font-weight: 400;\">[embedyt] https:\/\/www.youtube.com\/watch?v=um7qz4kL9pE[\/embedyt]<\/span><\/p>\n<p><strong>Luiz Nascimento<\/strong><br \/>\n<span style=\"font-weight: 400;\">Associa\u00e7\u00e3o Arte e Cultura em L\u00edngua Portuguesa<\/span><br \/>\n<span style=\"font-weight: 400;\">R\u00e1dio Internacional em Portugu\u00eas<\/span><\/p>\n<p id=\"rop\"><small>Originally posted 2023-12-02 19:28:15. <\/small><\/p>","protected":false},"excerpt":{"rendered":"<p>Associa\u00e7\u00e3o Arte e Cultura em L\u00edngua Portuguesa, \u00e9 reconhecida como Utilidade P\u00fablica em Mirabela-MG Participando na 17\u00aa Sess\u00e3o Ordin\u00e1ria deste ano de 2023, realizada pelos vereadores da C\u00e2mara Municipal de Mirabela, Minas Gerais, dia 07, de novembro de ano, a Associa\u00e7\u00e3o Arte e Cultura em L\u00edngua Portuguesa, nesta solenidade, por meio do seu idealizador, Jos\u00e9 [&hellip;]<\/p>\n","protected":false},"author":4,"featured_media":2676,"comment_status":"open","ping_status":"open","sticky":false,"template":"","format":"standard","meta":{"footnotes":""},"categories":[25,13,14,73,50,15],"tags":[],"class_list":["post-2675","post","type-post","status-publish","format-standard","has-post-thumbnail","hentry","category-atividades","category-cultura","category-educacao","category-literatura","category-personalidade","category-sociedade"],"_links":{"self":[{"href":"https:\/\/radioiep.com\/site\/wp-json\/wp\/v2\/posts\/2675","targetHints":{"allow":["GET"]}}],"collection":[{"href":"https:\/\/radioiep.com\/site\/wp-json\/wp\/v2\/posts"}],"about":[{"href":"https:\/\/radioiep.com\/site\/wp-json\/wp\/v2\/types\/post"}],"author":[{"embeddable":true,"href":"https:\/\/radioiep.com\/site\/wp-json\/wp\/v2\/users\/4"}],"replies":[{"embeddable":true,"href":"https:\/\/radioiep.com\/site\/wp-json\/wp\/v2\/comments?post=2675"}],"version-history":[{"count":0,"href":"https:\/\/radioiep.com\/site\/wp-json\/wp\/v2\/posts\/2675\/revisions"}],"wp:featuredmedia":[{"embeddable":true,"href":"https:\/\/radioiep.com\/site\/wp-json\/wp\/v2\/media\/2676"}],"wp:attachment":[{"href":"https:\/\/radioiep.com\/site\/wp-json\/wp\/v2\/media?parent=2675"}],"wp:term":[{"taxonomy":"category","embeddable":true,"href":"https:\/\/radioiep.com\/site\/wp-json\/wp\/v2\/categories?post=2675"},{"taxonomy":"post_tag","embeddable":true,"href":"https:\/\/radioiep.com\/site\/wp-json\/wp\/v2\/tags?post=2675"}],"curies":[{"name":"wp","href":"https:\/\/api.w.org\/{rel}","templated":true}]}}