{"id":2646,"date":"2025-06-17T01:06:11","date_gmt":"2025-06-17T01:06:11","guid":{"rendered":"https:\/\/radioiep.com\/?p=2646"},"modified":"2025-06-17T01:06:11","modified_gmt":"2025-06-17T01:06:11","slug":"4a-edicao-beneficente-do-caruru-do-bem-acaraje-e-vatapa-confira","status":"publish","type":"post","link":"https:\/\/radioiep.com\/site\/4a-edicao-beneficente-do-caruru-do-bem-acaraje-e-vatapa-confira\/","title":{"rendered":"4\u00aa Edi\u00e7\u00e3o Beneficente do &#8220;Caruru do Bem &#8211; Acaraj\u00e9 e Vatap\u00e1&#8221;. Confira"},"content":{"rendered":"<p>4\u00aa Edi\u00e7\u00e3o Beneficente do &#8220;Caruru do Bem &#8211; Acaraj\u00e9 e Vatap\u00e1&#8221;. Confira!<\/p>\n<p>O CEPE Clube dos Empregados da Petrobr\u00e1s, ser\u00e1 palco do maior evento de caracteriza\u00e7\u00e3o e Culin\u00e1ria de Matriz Africana, a 4\u00aa Edi\u00e7\u00e3o Beneficente do &#8220;CARURU DO BEM, ACARAJ\u00c9 E VATAP\u00c1&#8221;, que vai acontecer no dia 2 de setembro (s\u00e1bado), a partir das 11h, com as atra\u00e7\u00f5es musicais: Negros de F\u00e9, Cesar Sampaio e Wall Aquino.<\/p>\n<p>O evento ser\u00e1 em prol da constru\u00e7\u00e3o da unidade do HECAM Hospital de Cuidados Espirituais, Terap\u00eauticos e Emocionais, em Salvador.<\/p>\n<p>Convidados, volunt\u00e1rios poder\u00e3o ir caracterizados de personagens Matriz Africana ou traje esporte.<\/p>\n<p>Servi\u00e7o:<br \/>\nCaruru do Bem &#8211; Acaraj\u00e9 e Vatap\u00e1<br \/>\nAtra\u00e7\u00f5es: Negros de F\u00e9, Cesar Sampaio e Wall Aquino;<br \/>\nData: 02\/09 (s\u00e1bado):<br \/>\nHor\u00e1rio: 11h30;<br \/>\nLocal: CEPE;<br \/>\nEntrada: R$ 20 (show), R$ 50 (show + caruru) e R$ 140 (mesa 4 pessoas);<br \/>\nEndere\u00e7o: Rua Mission\u00e1rio Otto Nelson, 640 &#8211; Stella Maris, Salvador &#8211; BA, 41600-650;<br \/>\nMais informa\u00e7\u00f5es no Instagram: @eventosdohecam<\/p>\n<p>Apoio ;: <strong>R\u00e1dio Internacional em Portugu\u00eas\u00a0<\/strong><\/p>\n<p id=\"rop\"><small>Originally posted 2023-09-02 00:10:30. <\/small><\/p>","protected":false},"excerpt":{"rendered":"<p>4\u00aa Edi\u00e7\u00e3o Beneficente do &#8220;Caruru do Bem &#8211; Acaraj\u00e9 e Vatap\u00e1&#8221;. Confira! O CEPE Clube dos Empregados da Petrobr\u00e1s, ser\u00e1 palco do maior evento de caracteriza\u00e7\u00e3o e Culin\u00e1ria de Matriz Africana, a 4\u00aa Edi\u00e7\u00e3o Beneficente do &#8220;CARURU DO BEM, ACARAJ\u00c9 E VATAP\u00c1&#8221;, que vai acontecer no dia 2 de setembro (s\u00e1bado), a partir das 11h, [&hellip;]<\/p>\n","protected":false},"author":3,"featured_media":2647,"comment_status":"open","ping_status":"open","sticky":false,"template":"","format":"standard","meta":{"footnotes":""},"categories":[10,13],"tags":[],"class_list":["post-2646","post","type-post","status-publish","format-standard","has-post-thumbnail","hentry","category-arte","category-cultura"],"_links":{"self":[{"href":"https:\/\/radioiep.com\/site\/wp-json\/wp\/v2\/posts\/2646","targetHints":{"allow":["GET"]}}],"collection":[{"href":"https:\/\/radioiep.com\/site\/wp-json\/wp\/v2\/posts"}],"about":[{"href":"https:\/\/radioiep.com\/site\/wp-json\/wp\/v2\/types\/post"}],"author":[{"embeddable":true,"href":"https:\/\/radioiep.com\/site\/wp-json\/wp\/v2\/users\/3"}],"replies":[{"embeddable":true,"href":"https:\/\/radioiep.com\/site\/wp-json\/wp\/v2\/comments?post=2646"}],"version-history":[{"count":0,"href":"https:\/\/radioiep.com\/site\/wp-json\/wp\/v2\/posts\/2646\/revisions"}],"wp:featuredmedia":[{"embeddable":true,"href":"https:\/\/radioiep.com\/site\/wp-json\/wp\/v2\/media\/2647"}],"wp:attachment":[{"href":"https:\/\/radioiep.com\/site\/wp-json\/wp\/v2\/media?parent=2646"}],"wp:term":[{"taxonomy":"category","embeddable":true,"href":"https:\/\/radioiep.com\/site\/wp-json\/wp\/v2\/categories?post=2646"},{"taxonomy":"post_tag","embeddable":true,"href":"https:\/\/radioiep.com\/site\/wp-json\/wp\/v2\/tags?post=2646"}],"curies":[{"name":"wp","href":"https:\/\/api.w.org\/{rel}","templated":true}]}}