{"id":2608,"date":"2025-06-17T01:06:06","date_gmt":"2025-06-17T01:06:06","guid":{"rendered":"https:\/\/radioiep.com\/?p=2608"},"modified":"2025-06-17T01:06:06","modified_gmt":"2025-06-17T01:06:06","slug":"dia-nacional-de-combate-a-discriminacao-racial","status":"publish","type":"post","link":"https:\/\/radioiep.com\/site\/dia-nacional-de-combate-a-discriminacao-racial\/","title":{"rendered":"Dia Nacional de Combate \u00e0 Discrimina\u00e7\u00e3o Racial."},"content":{"rendered":"<p>O 03 de julho marca o Dia Nacional de Combate \u00e0 Discrimina\u00e7\u00e3o Racial. A data faz alus\u00e3o \u00e0 aprova\u00e7\u00e3o da primeira legisla\u00e7\u00e3o contra o racismo no Brasil, em 3 de julho de 1951. Trata-se da Lei 1.390, que incluiu, entre as contraven\u00e7\u00f5es penais, a pr\u00e1tica de atos resultantes de preconceitos de ra\u00e7a e cor.<\/p>\n<p>A discrimina\u00e7\u00e3o racial corresponde a toda distin\u00e7\u00e3o, exclus\u00e3o, restri\u00e7\u00e3o ou prefer\u00eancia baseada em ra\u00e7a, cor, descend\u00eancia ou origem nacional ou \u00e9tnica. Ocorre que, nem sempre, a discrimina\u00e7\u00e3o \u00e9 algo evidente ou um ato isolado. Ela est\u00e1 presente no dia a dia, como produto de uma constru\u00e7\u00e3o social e cultural hist\u00f3rica: \u00e9 o que se chama de racismo estrutural. Este se perpetua com a reprodu\u00e7\u00e3o cotidiana de discursos e pr\u00e1ticas, mesmo que isso ocorra de forma inconsciente.<\/p>\n<p>Por: Mah Silva<\/p>\n<p><strong>Pela: <em>R\u00e1dio Internacional em Portugu\u00eas.<\/em><\/strong><\/p>\n<p id=\"rop\"><small>Originally posted 2023-07-03 21:10:54. <\/small><\/p>","protected":false},"excerpt":{"rendered":"<p>O 03 de julho marca o Dia Nacional de Combate \u00e0 Discrimina\u00e7\u00e3o Racial. A data faz alus\u00e3o \u00e0 aprova\u00e7\u00e3o da primeira legisla\u00e7\u00e3o contra o racismo no Brasil, em 3 de julho de 1951. Trata-se da Lei 1.390, que incluiu, entre as contraven\u00e7\u00f5es penais, a pr\u00e1tica de atos resultantes de preconceitos de ra\u00e7a e cor. A [&hellip;]<\/p>\n","protected":false},"author":3,"featured_media":2609,"comment_status":"open","ping_status":"open","sticky":false,"template":"","format":"standard","meta":{"footnotes":""},"categories":[13,14,15],"tags":[],"class_list":["post-2608","post","type-post","status-publish","format-standard","has-post-thumbnail","hentry","category-cultura","category-educacao","category-sociedade"],"_links":{"self":[{"href":"https:\/\/radioiep.com\/site\/wp-json\/wp\/v2\/posts\/2608","targetHints":{"allow":["GET"]}}],"collection":[{"href":"https:\/\/radioiep.com\/site\/wp-json\/wp\/v2\/posts"}],"about":[{"href":"https:\/\/radioiep.com\/site\/wp-json\/wp\/v2\/types\/post"}],"author":[{"embeddable":true,"href":"https:\/\/radioiep.com\/site\/wp-json\/wp\/v2\/users\/3"}],"replies":[{"embeddable":true,"href":"https:\/\/radioiep.com\/site\/wp-json\/wp\/v2\/comments?post=2608"}],"version-history":[{"count":0,"href":"https:\/\/radioiep.com\/site\/wp-json\/wp\/v2\/posts\/2608\/revisions"}],"wp:featuredmedia":[{"embeddable":true,"href":"https:\/\/radioiep.com\/site\/wp-json\/wp\/v2\/media\/2609"}],"wp:attachment":[{"href":"https:\/\/radioiep.com\/site\/wp-json\/wp\/v2\/media?parent=2608"}],"wp:term":[{"taxonomy":"category","embeddable":true,"href":"https:\/\/radioiep.com\/site\/wp-json\/wp\/v2\/categories?post=2608"},{"taxonomy":"post_tag","embeddable":true,"href":"https:\/\/radioiep.com\/site\/wp-json\/wp\/v2\/tags?post=2608"}],"curies":[{"name":"wp","href":"https:\/\/api.w.org\/{rel}","templated":true}]}}