{"id":2596,"date":"2025-06-17T01:06:04","date_gmt":"2025-06-17T01:06:04","guid":{"rendered":"https:\/\/radioiep.com\/?p=2596"},"modified":"2025-06-17T01:06:04","modified_gmt":"2025-06-17T01:06:04","slug":"dia-mundial-da-limpeza","status":"publish","type":"post","link":"https:\/\/radioiep.com\/site\/dia-mundial-da-limpeza\/","title":{"rendered":"Dia Mundial da Limpeza"},"content":{"rendered":"<p>A organiza\u00e7\u00e3o global Let\u2019s Do It World, que sensibiliza pessoas em mais de 197 pa\u00edses para a maratona de limpeza ambiental, conseguiu integrar no calend\u00e1rio oficial da ONU o Dia Mundial da Limpeza, proclamado no dia 20 de setembro.<\/p>\n<p>Anualmente, a a\u00e7\u00e3o que mobiliza a sociedade civil em todo o mundo, acontece no terceiro s\u00e1bado de setembro, com o objetivo de diminuir a polui\u00e7\u00e3o ambiental com o desperd\u00edcio de pl\u00e1stico, impulsionando a mudan\u00e7a comportamental nas sociedades.<\/p>\n<p>No dia 16 de setembro de 2023, o Dia Mundial da Limpeza acontecer\u00e1 pela 6\u00aa vez! Desde 2018, 71 milh\u00f5es de pessoas sa\u00edram e limparam suas cidades, rios e comunidades dos res\u00edduos.<\/p>\n<p>Leia mais em limpabrasil.org\/2023\/06\/20\/dia-mundial-da-limpeza-e-incluido-no-calendario-da-onu<\/p>\n<p>&nbsp;<\/p>\n<p><strong>Apoio:\u00a0 \u00a0<\/strong> <em>R\u00e1dio Internacional em Portugu\u00eas\u00a0 \u00a0 \u00a0 \/\/\/\/\/\/\/\/\/\u00a0 \u00a0 \u00a0 \u00a0 \u00a0 \u00a0 \u00a0 \u00a0 \u00a0 \u00a0 \u00a0 \u00a0 \u00a0 \u00a0 \u00a0 \u00a0 \u00a0 \u00a0 \u00a0 \u00a0 \u00a0 \u00a0 \u00a0 \u00a0 \u00a0 \u00a0 \u00a0 \u00a0 \u00a0 \u00a0 \u00a0 \u00a0 \u00a0Associa\u00e7\u00e3o Arte e Cultura em L\u00edngua Portuguesa<\/em>.<\/p>\n<p id=\"rop\"><small>Originally posted 2023-06-20 18:01:24. <\/small><\/p>","protected":false},"excerpt":{"rendered":"<p>A organiza\u00e7\u00e3o global Let\u2019s Do It World, que sensibiliza pessoas em mais de 197 pa\u00edses para a maratona de limpeza ambiental, conseguiu integrar no calend\u00e1rio oficial da ONU o Dia Mundial da Limpeza, proclamado no dia 20 de setembro. Anualmente, a a\u00e7\u00e3o que mobiliza a sociedade civil em todo o mundo, acontece no terceiro s\u00e1bado [&hellip;]<\/p>\n","protected":false},"author":3,"featured_media":2594,"comment_status":"open","ping_status":"open","sticky":false,"template":"","format":"standard","meta":{"footnotes":""},"categories":[14,15],"tags":[],"class_list":["post-2596","post","type-post","status-publish","format-standard","has-post-thumbnail","hentry","category-educacao","category-sociedade"],"_links":{"self":[{"href":"https:\/\/radioiep.com\/site\/wp-json\/wp\/v2\/posts\/2596","targetHints":{"allow":["GET"]}}],"collection":[{"href":"https:\/\/radioiep.com\/site\/wp-json\/wp\/v2\/posts"}],"about":[{"href":"https:\/\/radioiep.com\/site\/wp-json\/wp\/v2\/types\/post"}],"author":[{"embeddable":true,"href":"https:\/\/radioiep.com\/site\/wp-json\/wp\/v2\/users\/3"}],"replies":[{"embeddable":true,"href":"https:\/\/radioiep.com\/site\/wp-json\/wp\/v2\/comments?post=2596"}],"version-history":[{"count":0,"href":"https:\/\/radioiep.com\/site\/wp-json\/wp\/v2\/posts\/2596\/revisions"}],"wp:featuredmedia":[{"embeddable":true,"href":"https:\/\/radioiep.com\/site\/wp-json\/wp\/v2\/media\/2594"}],"wp:attachment":[{"href":"https:\/\/radioiep.com\/site\/wp-json\/wp\/v2\/media?parent=2596"}],"wp:term":[{"taxonomy":"category","embeddable":true,"href":"https:\/\/radioiep.com\/site\/wp-json\/wp\/v2\/categories?post=2596"},{"taxonomy":"post_tag","embeddable":true,"href":"https:\/\/radioiep.com\/site\/wp-json\/wp\/v2\/tags?post=2596"}],"curies":[{"name":"wp","href":"https:\/\/api.w.org\/{rel}","templated":true}]}}