{"id":2559,"date":"2025-06-17T01:06:02","date_gmt":"2025-06-17T01:06:02","guid":{"rendered":"https:\/\/radioiep.com\/?p=2559"},"modified":"2025-06-17T01:06:02","modified_gmt":"2025-06-17T01:06:02","slug":"mac-o-emoji-de-carlos-cassule","status":"publish","type":"post","link":"https:\/\/radioiep.com\/site\/mac-o-emoji-de-carlos-cassule\/","title":{"rendered":"&#8220;Mac, o emoji de Carlos Cassule&#8221;"},"content":{"rendered":"<p style=\"text-align: center;\"><strong>Dizem que \u201cfilho de peixe peixinho \u00e9\u201d<\/strong><\/p>\n<p><img fetchpriority=\"high\" decoding=\"async\" class=\"wp-image-2562 aligncenter\" src=\"https:\/\/radioiep.com\/site\/wp-content\/uploads\/2023\/06\/WhatsApp-Image-2023-06-08-at-17.32.23.jpeg\" alt=\"Carlos Cassule - RIEP\" width=\"529\" height=\"529\" srcset=\"https:\/\/radioiep.com\/site\/wp-content\/uploads\/2023\/06\/WhatsApp-Image-2023-06-08-at-17.32.23.jpeg 628w, https:\/\/radioiep.com\/site\/wp-content\/uploads\/2023\/06\/WhatsApp-Image-2023-06-08-at-17.32.23-300x300.jpeg 300w, https:\/\/radioiep.com\/site\/wp-content\/uploads\/2023\/06\/WhatsApp-Image-2023-06-08-at-17.32.23-150x150.jpeg 150w\" sizes=\"(max-width: 529px) 100vw, 529px\" \/><\/p>\n<p><span style=\"font-weight: 400;\">\u201cA literatura \u00e9 um portal ao imagin\u00e1rio da real, criativa forma de pensar o mundo no universo de cada ser, inspirados a se expressarem em sua forma \u00edntima, particular e ao mesmo tempo em suas multiplicidades formas cr\u00edticas e avaliativas em observ\u00e2ncia de algo, tempo ou circunst\u00e2ncias&#8221;, frase do escritor e jornalista volunt\u00e1rio pela R\u00e1dio Internacional em Portugu\u00eas, Luiz Nascimento.\u00a0<\/span><\/p>\n<p><span style=\"font-weight: 400;\">Atualmente as mentes maduras contemplam as novas mentes florescendo em suas inspira\u00e7\u00f5es e formas de express\u00f5es autorais. A R\u00e1dio Internacional em Portugu\u00eas traz hoje a novidade da literatura Angolana, ele tem apenas 14 anos de idade, Carlos Cassule j\u00e1 est\u00e1 trilhando os caminhos do pai Lucas Cassule que \u00e9 um escritor renomado da literatura em Luanda, Angola.<\/span><\/p>\n<p><span style=\"font-weight: 400;\">O jovem escritor Carlos Cassule, nos relata que come\u00e7ou a escrever, quando suas inspira\u00e7\u00f5es come\u00e7aram a fluir, na quinta classe dos anos iniciais escolares, sobre emojis, coincid\u00eancia ou n\u00e3o o jovem autor informa que resolveu formatar as ideias em seu primeiro livro que em breve nas livrarias, sua primeira obra escrita, &#8220;Mac, o emoji de Carlos Cassule&#8221;, o jovem autor se inspira nos emojis para nos trazer sua mensagem.<\/span><\/p>\n<p><span style=\"font-weight: 400;\">O livro nos traz uma aventura de dois amigos que viajam de Angola para os Estados Unidos, l\u00e1 eles conhecem uma amiga, chamada Lina, ela ir\u00e1 passar por uma situa\u00e7\u00e3o n\u00e3o muito boa, em que Mac e Carlos ir\u00e3o ter que procurar formas de ajud\u00e1-la. Para voc\u00ea saber sobre esta aventura voc\u00ea ter\u00e1 que conseguir o livro, que o autor informa que est\u00e1 com um super acess\u00edvel.<\/span><\/p>\n<audio class=\"wp-audio-shortcode\" id=\"audio-2559-1\" preload=\"none\" style=\"width: 100%;\" controls=\"controls\"><source type=\"audio\/mpeg\" src=\"https:\/\/radioiep.com\/site\/wp-content\/uploads\/2023\/06\/Carlos-Cassule.mp3?_=1\" \/><a href=\"https:\/\/radioiep.com\/site\/wp-content\/uploads\/2023\/06\/Carlos-Cassule.mp3\">https:\/\/radioiep.com\/site\/wp-content\/uploads\/2023\/06\/Carlos-Cassule.mp3<\/a><\/audio>\n<p><span style=\"font-weight: 400;\">Ele pensa em aplicar em suas obras futuras, formas que possam contribuir \u00e0 sociedade, modelando, assim como o Oleiro modela o barro para produzir vasos, assim possamos moldar o jeito de fazer a literatura tocar as pessoas.\u00a0<\/span><\/p>\n<p><img decoding=\"async\" class=\"wp-image-2560 aligncenter\" src=\"https:\/\/radioiep.com\/site\/wp-content\/uploads\/2023\/06\/WhatsApp-Image-2023-06-08-at-17.49.06-1.jpeg\" alt=\"\" width=\"527\" height=\"527\" srcset=\"https:\/\/radioiep.com\/site\/wp-content\/uploads\/2023\/06\/WhatsApp-Image-2023-06-08-at-17.49.06-1.jpeg 900w, https:\/\/radioiep.com\/site\/wp-content\/uploads\/2023\/06\/WhatsApp-Image-2023-06-08-at-17.49.06-1-300x300.jpeg 300w, https:\/\/radioiep.com\/site\/wp-content\/uploads\/2023\/06\/WhatsApp-Image-2023-06-08-at-17.49.06-1-150x150.jpeg 150w, https:\/\/radioiep.com\/site\/wp-content\/uploads\/2023\/06\/WhatsApp-Image-2023-06-08-at-17.49.06-1-768x768.jpeg 768w\" sizes=\"(max-width: 527px) 100vw, 527px\" \/><\/p>\n<p><span style=\"font-weight: 400;\">Conhe\u00e7a mais sobre o jovem escritor e sua obra, &#8220;Mac, o emoji de Carlos Cassule&#8221;, que ser\u00e1 lan\u00e7ado pela Livraria Kiela neste s\u00e1bado, 10 de junho, \u00e0s 11h, na Rua Ramalho Ortig\u00e3o, N\u00b01, Alvalade, Luanda, entrada gratuita, mediante reserva. Pelo pr\u00f3prio site da livraria e no portal da Literatura Angolana <\/span><a href=\"https:\/\/www.esobreler.ao\/\"><span style=\"font-weight: 400;\">https:\/\/www.esobreler.ao\/<\/span><\/a><\/p>\n<p><span style=\"font-weight: 400;\">Reservas; <\/span><a href=\"mailto:eventos@livrariakiela.com\"><span style=\"font-weight: 400;\">eventos@livrariakiela.com<\/span><\/a><br \/>\n<span style=\"font-weight: 400;\">+244 931 291 047<\/span><\/p>\n<p><span style=\"font-weight: 400;\">Se \u201cfilho de peixe peixinho \u00e9\u201d, filho de escritor, o que \u00e9?<\/span><\/p>\n<p style=\"text-align: right;\"><b>Luiz Nascimento<\/b><br \/>\n<span style=\"font-weight: 400;\">Associa\u00e7\u00e3o Arte e Cultura em L\u00edngua Portuguesa<\/span><br \/>\n<span style=\"font-weight: 400;\">R\u00e1dio Internacional em Portugu\u00eas<\/span><\/p>\n<p id=\"rop\"><small>Originally posted 2023-06-08 22:09:35. <\/small><\/p>","protected":false},"excerpt":{"rendered":"<p>Dizem que \u201cfilho de peixe peixinho \u00e9\u201d \u201cA literatura \u00e9 um portal ao imagin\u00e1rio da real, criativa forma de pensar o mundo no universo de cada ser, inspirados a se expressarem em sua forma \u00edntima, particular e ao mesmo tempo em suas multiplicidades formas cr\u00edticas e avaliativas em observ\u00e2ncia de algo, tempo ou circunst\u00e2ncias&#8221;, frase [&hellip;]<\/p>\n","protected":false},"author":4,"featured_media":2561,"comment_status":"open","ping_status":"open","sticky":false,"template":"","format":"standard","meta":{"footnotes":""},"categories":[10,13,14,73],"tags":[],"class_list":["post-2559","post","type-post","status-publish","format-standard","has-post-thumbnail","hentry","category-arte","category-cultura","category-educacao","category-literatura"],"_links":{"self":[{"href":"https:\/\/radioiep.com\/site\/wp-json\/wp\/v2\/posts\/2559","targetHints":{"allow":["GET"]}}],"collection":[{"href":"https:\/\/radioiep.com\/site\/wp-json\/wp\/v2\/posts"}],"about":[{"href":"https:\/\/radioiep.com\/site\/wp-json\/wp\/v2\/types\/post"}],"author":[{"embeddable":true,"href":"https:\/\/radioiep.com\/site\/wp-json\/wp\/v2\/users\/4"}],"replies":[{"embeddable":true,"href":"https:\/\/radioiep.com\/site\/wp-json\/wp\/v2\/comments?post=2559"}],"version-history":[{"count":0,"href":"https:\/\/radioiep.com\/site\/wp-json\/wp\/v2\/posts\/2559\/revisions"}],"wp:featuredmedia":[{"embeddable":true,"href":"https:\/\/radioiep.com\/site\/wp-json\/wp\/v2\/media\/2561"}],"wp:attachment":[{"href":"https:\/\/radioiep.com\/site\/wp-json\/wp\/v2\/media?parent=2559"}],"wp:term":[{"taxonomy":"category","embeddable":true,"href":"https:\/\/radioiep.com\/site\/wp-json\/wp\/v2\/categories?post=2559"},{"taxonomy":"post_tag","embeddable":true,"href":"https:\/\/radioiep.com\/site\/wp-json\/wp\/v2\/tags?post=2559"}],"curies":[{"name":"wp","href":"https:\/\/api.w.org\/{rel}","templated":true}]}}