{"id":2543,"date":"2025-06-17T01:06:01","date_gmt":"2025-06-17T01:06:01","guid":{"rendered":"https:\/\/radioiep.com\/?p=2543"},"modified":"2025-06-17T01:06:01","modified_gmt":"2025-06-17T01:06:01","slug":"joao-fernando-andre-integra-jurados-do-premio-oceanos","status":"publish","type":"post","link":"https:\/\/radioiep.com\/site\/joao-fernando-andre-integra-jurados-do-premio-oceanos\/","title":{"rendered":"JO\u00c3O FERNANDO ANDR\u00c9 INTEGRA JURADOS DO PR\u00c9MIO OCEANOS"},"content":{"rendered":"<p>A edi\u00e7\u00e3o do distinto Pr\u00e9mio Oceanos deste ano conta com um angolano na sua mesa de jurados, o Escritor e Ensa\u00edsta Jo\u00e3o Fernando Andr\u00e9, tamb\u00e9m conhecido com o pseud\u00f3nimo liter\u00e1rio Kalunga. A R\u00e1dio Internacional em Portugu\u00eas teve uma breve conversa com o mesmo e tentou saber mais sobre esse seu novo desafio.<\/p>\n<p><img fetchpriority=\"high\" decoding=\"async\" class=\"alignnone size-full wp-image-2550\" src=\"https:\/\/radioiep.com\/site\/wp-content\/uploads\/2023\/05\/JFA.jpg\" alt=\"\" width=\"1296\" height=\"864\" srcset=\"https:\/\/radioiep.com\/site\/wp-content\/uploads\/2023\/05\/JFA.jpg 1296w, https:\/\/radioiep.com\/site\/wp-content\/uploads\/2023\/05\/JFA-300x200.jpg 300w, https:\/\/radioiep.com\/site\/wp-content\/uploads\/2023\/05\/JFA-1024x683.jpg 1024w, https:\/\/radioiep.com\/site\/wp-content\/uploads\/2023\/05\/JFA-768x512.jpg 768w\" sizes=\"(max-width: 1296px) 100vw, 1296px\" \/><\/p>\n<p><strong>RIEP<\/strong>: O Pr\u00e9mio Oceanos \u00e9 um dos maiores pr\u00e9mios lus\u00f3fonos. Pensamos n\u00f3s, que seja o maior organizado no Brasil com abrang\u00eancia internacional. Como foi contactado para integrar aos j\u00faris deste ano e o que esse convite significa para si e para a sua carreira?<\/p>\n<p><strong>JFA<\/strong>: Eu fui contactado pela Presidente da Associa\u00e7\u00e3o Oceanos para fazer parte do jurado. O j\u00fari deste pr\u00e9mio \u00e9 bastante complexo e est\u00e1 dividido em tr\u00eas fases, composto por escritores, acad\u00e9micos e professores da CPLP, e o mesmo tem uma abrang\u00eancia internacional. Temos escritores ou autores de outras realidades que, falando o portugu\u00eas, podem tamb\u00e9m concorrer.<\/p>\n<p><strong>RIEP<\/strong>: Sendo um pr\u00e9mio muito concorrido, pensamos n\u00f3s que as candidaturas excedem mais de 500 livros em cada edi\u00e7\u00e3o, tendo em conta a frequ\u00eancia de publica\u00e7\u00f5es que se tem verificado nos \u00faltimos anos dentro da CPLP. Faz ideia de quantos livros ter\u00e1 de avaliar?<\/p>\n<p><strong>JFA<\/strong>: Neste ano tivemos mais de duas mil obras inscritas. At\u00e9 ao momento j\u00e1 se fez um bom trabalho, com uma avalia\u00e7\u00e3o de cerca de 50 obras.<\/p>\n<p><strong>RIEP<\/strong>: Agora \u00e9 um j\u00fari OCEANOS, qual \u00e9 a pr\u00f3xima etapa, tendo em conta aquilo que tra\u00e7ou como objectivos? Onde pretende estar daqui a 5 anos, por exemplo?<\/p>\n<p><strong>JFA<\/strong>: Para os pr\u00f3ximos anos pretendo continuar a produzir, fazer o que for poss\u00edvel, com as condi\u00e7\u00f5es que forem poss\u00edveis. N\u00e3o gosto de falar muito sobre o futuro, diz a sabedoria, que o futuro \u00e9 escuro e o tigre n\u00e3o mostra a sua tigritude, ele ataca!<\/p>\n<p><strong>RIEP<\/strong>: A literatura em l\u00edngua portuguesa tem dado passos significativos, no entanto, temos apenas um pr\u00e9mio Nobel. O que acha que devemos fazer para mudar o dilema?<\/p>\n<p><strong>JFA<\/strong>: Penso que, para pr\u00e9mios com essa dimens\u00e3o, o trabalho feito conta, o conjunto da obra conta, mas \u00e9 preciso, tamb\u00e9m, mais destaque da parte do autor em outros campos das ci\u00eancias sociais e das humanidades e, tamb\u00e9m, \u00e0s vezes, algum l\u00f3bi dos pr\u00f3prios governos ou das pr\u00f3prias comunidades lingu\u00edsticas, que t\u00eam alguma influ\u00eancia nisto.<\/p>\n<p><strong>RIEP<\/strong>: Qual \u00e9 a an\u00e1lise que faz da literatura actual na l\u00edngua portuguesa, de acordo com os indicadores, o que o futuro nos reserva?<\/p>\n<p><strong>JFA<\/strong>: Bom, n\u00f3s temos muito boas obras, h\u00e1 um conjunto de escritores veteranos e jovens que v\u00e3o trocando experi\u00eancias e v\u00e3o crescendo, mas continuamos com o problema da distribui\u00e7\u00e3o e da partilha na comunidade dos Pa\u00edses de L\u00edngua Portuguesa.<\/p>\n<p><strong>RIEP<\/strong>: Em palavras simples, o que o escritor Kalunga nos traz nos seus livros?<\/p>\n<p><strong>JFA<\/strong>: As minhas obras trazem um casamento entre o local e o Global. H\u00e1 algumas tentativas de inova\u00e7\u00f5es e rupturas, mas sobretudo o fundo que elas est\u00e3o muito ligadas a um outro olhar das coisas, a um olhar com justi\u00e7a das coisas, a quest\u00f5es de identidade, a crises de identidade e quest\u00f5es atinentes a contactos de v\u00e1rios povos para que se possa evitar os epistemic\u00eddios.<\/p>\n<p><strong>RIEP<\/strong>: Para os que est\u00e3o em outros pa\u00edses, h\u00e1 algum lugar onde possam encontrar os seus livros?<\/p>\n<p><strong>JFA<\/strong>: Fora de Angola \u00e9 poss\u00edvel encontrar na Amazon o livro Evangelho Bantu. \u00c9 poss\u00edvel, ainda, descarregar algumas participa\u00e7\u00f5es de antologias nacionais e internacionais, bem como o livro infanto-juvenil &#8220;O dia em que a pedra virou lua&#8221;, do projecto ler e contar, uma obra pro-b\u00f3nus.<\/p>\n<p><strong>RIEP<\/strong>: Ainda sobre os pr\u00e9mios liter\u00e1rios, que recomenda\u00e7\u00e3o quer deixar aos escritores angolanos, futuros candidatos a este pr\u00e9mio e a todos os que existem pelo mundo?<\/p>\n<p><strong>JFA<\/strong>: Para os escritores angolanos deixo o apelo de que: precisamos trabalhar mais, dialogar mais, estarmos mais unidos e mais atentos ao que ocorre aqui e fora, nos outros lugares. Penso que ainda somos um n\u00famero muito pequeno de angolanos que participam em pr\u00e9mios internacionais como o Oceanos. Penso que o objectivo da minha integra\u00e7\u00e3o \u00e9 justamente este tamb\u00e9m, divulgar e mobilizar mais angolanos para que participem \u00e0 vontade nos pr\u00e9mios, porque n\u00e3o h\u00e1 nenhum impedimento para que possam faz\u00ea-lo.<\/p>\n<p>A \u00faltima pergunta colocada foi sobre as principais refer\u00eancias a n\u00edvel liter\u00e1rio, ao que o autor de Evangelho Bantu respondeu que tem como refer\u00eancia um vasto acervo de livros e autores, no entanto destacou alguns, tais como:\u00a0 Pedro Dias Cordeiro da Mata, Paix\u00e3o Franco, M\u00e1rio Pinto de Andrade, Ant\u00f3nio Jacinto, Lu\u00eds Kandjimbo, David Capelenguela, Lopito Feij\u00f3, Fernando pessoa, Cam\u00f5es, Becket, Guimar\u00e3es Rosa, Stephen King, Alexis Kagame, Achille Mbembe, entre outros.<\/p>\n<p>O Pr\u00e9mio\u00a0 Oceanos foi criado em 2003 pela empresa portuguesa de telecomunica\u00e7\u00f5es Portugal Telecom, com o objectivo de prestigiar e divulgar a literatura brasileira, seleccionando o melhor livro do ano. A partir de 2007 abriu as portas e expandiu-se a autores de todos os pa\u00edses de l\u00edngua portuguesa. \u00c9 um dos pr\u00e9mios mais importantes da literatura de l\u00edngua portuguesa, a par do pr\u00e9mio Cam\u00f5es e compar\u00e1vel ao pr\u00e9mio brit\u00e2nico Man Book Prize.<\/p>\n<p><img decoding=\"async\" class=\"alignnone wp-image-2545\" src=\"https:\/\/radioiep.com\/site\/wp-content\/uploads\/2023\/05\/Imagem-WhatsApp-2023-05-18-as-11.37.02.jpg\" alt=\"\" width=\"488\" height=\"732\" srcset=\"https:\/\/radioiep.com\/site\/wp-content\/uploads\/2023\/05\/Imagem-WhatsApp-2023-05-18-as-11.37.02.jpg 853w, https:\/\/radioiep.com\/site\/wp-content\/uploads\/2023\/05\/Imagem-WhatsApp-2023-05-18-as-11.37.02-200x300.jpg 200w, https:\/\/radioiep.com\/site\/wp-content\/uploads\/2023\/05\/Imagem-WhatsApp-2023-05-18-as-11.37.02-682x1024.jpg 682w, https:\/\/radioiep.com\/site\/wp-content\/uploads\/2023\/05\/Imagem-WhatsApp-2023-05-18-as-11.37.02-768x1152.jpg 768w\" sizes=\"(max-width: 488px) 100vw, 488px\" \/><\/p>\n<p><b>Jo\u00e3o Fernando Andr\u00e9 &#8220;Kalunga&#8221; <\/b>nasceu no Cunene, a 14 de junho de 1995. \u00c9 um professor, escritor e jornalista cultural angolano<sup id=\"cite_ref-2\" class=\"reference\"><\/sup><sup id=\"cite_ref-3\" class=\"reference\"><\/sup>. \u00c9 membro da Uni\u00e3o dos Escritores Angolanos e autor das obras <i>Evangelho Bantu<\/i><sup id=\"cite_ref-4\" class=\"reference\"><\/sup>,\u00a0<i>O Dia em que uma pedra virou Lua<\/i><sup id=\"cite_ref-5\" class=\"reference\"><\/sup>\u00a0e\u00a0<i>Lumbu\u2013a alquimia das palavras<\/i><sup id=\"cite_ref-6\" class=\"reference\"><\/sup>. Coautor nas antologias\u00a0<i>5 sentidos<\/i>\u00a0e\u00a0<i>Entre palavras<\/i> (Portugal).<\/p>\n<p>A equipa da R\u00e1dio Internacional em Portugu\u00eas agradece a disponibilidade do autor e deseja muitos sucessos na\u00a0 nova jornada, que essa integra\u00e7\u00e3o possa produzir mais frutos para a comunidade de l\u00edngua portuguesa, no que toca \u00e0 arte liter\u00e1ria e em particular para os angolanos.<\/p>\n<h6 style=\"text-align: left;\">Pela equipa RIEP<\/h6>\n<h6 style=\"text-align: left;\"><strong>Lucas\u00a0Cassule<\/strong><\/h6>\n<p id=\"rop\"><small>Originally posted 2023-05-22 03:22:19. <\/small><\/p>","protected":false},"excerpt":{"rendered":"<p>A edi\u00e7\u00e3o do distinto Pr\u00e9mio Oceanos deste ano conta com um angolano na sua mesa de jurados, o Escritor e Ensa\u00edsta Jo\u00e3o Fernando Andr\u00e9, tamb\u00e9m conhecido com o pseud\u00f3nimo liter\u00e1rio Kalunga. A R\u00e1dio Internacional em Portugu\u00eas teve uma breve conversa com o mesmo e tentou saber mais sobre esse seu novo desafio. RIEP: O Pr\u00e9mio [&hellip;]<\/p>\n","protected":false},"author":6,"featured_media":2550,"comment_status":"open","ping_status":"open","sticky":false,"template":"","format":"standard","meta":{"footnotes":""},"categories":[10,13,73],"tags":[16,29,20,75],"class_list":["post-2543","post","type-post","status-publish","format-standard","has-post-thumbnail","hentry","category-arte","category-cultura","category-literatura","tag-angola","tag-brasil","tag-literatura","tag-oceanos"],"_links":{"self":[{"href":"https:\/\/radioiep.com\/site\/wp-json\/wp\/v2\/posts\/2543","targetHints":{"allow":["GET"]}}],"collection":[{"href":"https:\/\/radioiep.com\/site\/wp-json\/wp\/v2\/posts"}],"about":[{"href":"https:\/\/radioiep.com\/site\/wp-json\/wp\/v2\/types\/post"}],"author":[{"embeddable":true,"href":"https:\/\/radioiep.com\/site\/wp-json\/wp\/v2\/users\/6"}],"replies":[{"embeddable":true,"href":"https:\/\/radioiep.com\/site\/wp-json\/wp\/v2\/comments?post=2543"}],"version-history":[{"count":0,"href":"https:\/\/radioiep.com\/site\/wp-json\/wp\/v2\/posts\/2543\/revisions"}],"wp:featuredmedia":[{"embeddable":true,"href":"https:\/\/radioiep.com\/site\/wp-json\/wp\/v2\/media\/2550"}],"wp:attachment":[{"href":"https:\/\/radioiep.com\/site\/wp-json\/wp\/v2\/media?parent=2543"}],"wp:term":[{"taxonomy":"category","embeddable":true,"href":"https:\/\/radioiep.com\/site\/wp-json\/wp\/v2\/categories?post=2543"},{"taxonomy":"post_tag","embeddable":true,"href":"https:\/\/radioiep.com\/site\/wp-json\/wp\/v2\/tags?post=2543"}],"curies":[{"name":"wp","href":"https:\/\/api.w.org\/{rel}","templated":true}]}}