{"id":2517,"date":"2025-06-17T01:05:59","date_gmt":"2025-06-17T01:05:59","guid":{"rendered":"https:\/\/radioiep.com\/?p=2517"},"modified":"2025-06-17T01:05:59","modified_gmt":"2025-06-17T01:05:59","slug":"pega-essa-dica","status":"publish","type":"post","link":"https:\/\/radioiep.com\/site\/pega-essa-dica\/","title":{"rendered":"Pega essa dica!"},"content":{"rendered":"<p><strong>Pega essa dica !<\/strong><br \/>\nA RIEP est\u00e1 na pagina 53 do livro \u201cA cara do Brasil \u201cda editora EDUFMA<br \/>\nA r\u00e1dio internacional em Portugu\u00eas, foi presenteada para estar entre as dicas sobre arte, cultura, interc\u00e2mbio e not\u00edcias brasileiras no livro a cara do Brasil!<br \/>\n&#8220;O livro A Cara do Brasil: Portugu\u00eas para Estrangeiros&#8221; \u00e9 um recurso educacional projetado para ajudar n\u00e3o falantes nativos de portugu\u00eas a desenvolver habilidades lingu\u00edsticas no idioma, com foco especial nas caracter\u00edsticas e particularidades do Brasil.<br \/>\nO programa abrange diversos aspectos, como gram\u00e1tica, vocabul\u00e1rio, pron\u00fancia e compreens\u00e3o oral e escrita. Este material oferecido nessa edi\u00e7\u00e3o \u00e9 elaborado por especialistas na \u00e1rea de ensino de portugu\u00eas como l\u00edngua estrangeira e \u00e9 adequado para estudantes de diferentes n\u00edveis de profici\u00eancia.\u00a0 Um material que pode ser usado tanto em sala de aula quanto para estudo individual, fornecendo uma base s\u00f3lida para aqueles que desejam aprender a l\u00edngua portuguesa do Brasil.<\/p>\n<p><img fetchpriority=\"high\" decoding=\"async\" class=\"alignnone wp-image-2520\" src=\"https:\/\/radioiep.com\/site\/wp-content\/uploads\/2023\/05\/WhatsApp-Image-2023-05-14-at-14.44.36-1.jpeg\" alt=\"\" width=\"473\" height=\"594\" srcset=\"https:\/\/radioiep.com\/site\/wp-content\/uploads\/2023\/05\/WhatsApp-Image-2023-05-14-at-14.44.36-1.jpeg 828w, https:\/\/radioiep.com\/site\/wp-content\/uploads\/2023\/05\/WhatsApp-Image-2023-05-14-at-14.44.36-1-239x300.jpeg 239w, https:\/\/radioiep.com\/site\/wp-content\/uploads\/2023\/05\/WhatsApp-Image-2023-05-14-at-14.44.36-1-816x1024.jpeg 816w, https:\/\/radioiep.com\/site\/wp-content\/uploads\/2023\/05\/WhatsApp-Image-2023-05-14-at-14.44.36-1-768x964.jpeg 768w\" sizes=\"(max-width: 473px) 100vw, 473px\" \/><br \/>\nO livro &#8220;A Cara do Brasil: Portugu\u00eas para Estrangeiros&#8221; aborda n\u00e3o apenas a parte lingu\u00edstica, mas tamb\u00e9m aspectos culturais do pa\u00eds. Isso permite que os alunos compreendam melhor a sociedade brasileira, sua diversidade, costumes e tradi\u00e7\u00f5es.<br \/>\nO objetivo \u00e9 proporcionar aos estudantes uma experi\u00eancia abrangente e imersiva no idioma e na cultura do Brasil.<br \/>\nAtrav\u00e9s desse recurso educacional, os estudantes t\u00eam acesso a uma variedade de materiais, como livros, exerc\u00edcios, \u00e1udios e v\u00eddeos, que auxiliam no desenvolvimento das habilidades de comunica\u00e7\u00e3o em portugu\u00eas. Al\u00e9m disso, o programa oferece suporte pedag\u00f3gico, com orienta\u00e7\u00f5es para professores e sugest\u00f5es de atividades para a pr\u00e1tica em sala de aula.<br \/>\nO livro \u201cA Cara do Brasil: Portugu\u00eas para Estrangeiros&#8221; da Edufma surge como uma ferramenta valiosa para aqueles que desejam mergulhar na l\u00edngua e na cultura do pa\u00eds, permitindo-lhes se comunicar de forma eficaz e se integrar \u00e0 sociedade brasileira.<br \/>\nEssa iniciativa da Edufma contribui para a dissemina\u00e7\u00e3o do conhecimento da l\u00edngua portuguesa no Brasil, facilitando a intera\u00e7\u00e3o entre estrangeiros e brasileiros e promovendo uma compreens\u00e3o mais profunda da cultura brasileira.<\/p>\n<p><img decoding=\"async\" class=\"alignnone wp-image-2518\" src=\"https:\/\/radioiep.com\/site\/wp-content\/uploads\/2023\/05\/WhatsApp-Image-2023-05-14-at-14.44.37-1.jpeg\" alt=\"\" width=\"513\" height=\"734\" srcset=\"https:\/\/radioiep.com\/site\/wp-content\/uploads\/2023\/05\/WhatsApp-Image-2023-05-14-at-14.44.37-1.jpeg 756w, https:\/\/radioiep.com\/site\/wp-content\/uploads\/2023\/05\/WhatsApp-Image-2023-05-14-at-14.44.37-1-210x300.jpeg 210w, https:\/\/radioiep.com\/site\/wp-content\/uploads\/2023\/05\/WhatsApp-Image-2023-05-14-at-14.44.37-1-716x1024.jpeg 716w\" sizes=\"(max-width: 513px) 100vw, 513px\" \/><br \/>\nA r\u00e1dio internacional em portugu\u00eas, sente se honrada em poder contribuir levando informa\u00e7\u00f5es , arte , cultura e Educa\u00e7\u00e3o para al\u00e9m das fronteiras. Al\u00e7ando voos e atravessando os oceanos com sua voz e melodia pela arte, cultura e uma pol\u00edtica p\u00fablica de qualidade.<br \/>\nPor fim a equipe da r\u00e1dio internacional em portugu\u00eas, agradece a equipe respons\u00e1vel por est\u00e1 publica\u00e7\u00e3o.<\/p>\n<p>Por: <strong>Val Alves.<\/strong><\/p>\n<p>Pela: <em><strong>R\u00e1di<\/strong>o que <strong>Fala<\/strong> a <strong>L\u00edngua<\/strong> dos <strong>Povos<\/strong>.\u00a0 \u00a0 \u00a0 \u00a0 \u00a0 \u00a0 \u00a0 \u00a0 \u00a0 \u00a0 \u00a0 \u00a0 \u00a0 \u00a0 \u00a0 \u00a0 \u00a0 \u00a0 \u00a0 \u00a0 \u00a0 \u00a0 \u00a0 \u00a0 \u00a0 \u00a0 \u00a0 \u00a0 \u00a0 \u00a0 \u00a0 \u00a0 \u00a0 \u00a0 \u00a0 \u00a0 \u00a0 \u00a0 \u00a0 \u00a0 \u00a0 \u00a0 \u00a0<strong>\u00a0 R\u00e1dio Internacional em Portugu\u00eas.<\/strong>\u00a0 \u00a0 \u00a0 \u00a0 \u00a0 \u00a0 \u00a0 \u00a0 \u00a0 \u00a0 \u00a0 \u00a0 \u00a0 \u00a0 \u00a0 \u00a0 \u00a0 \u00a0 \u00a0 \u00a0 \u00a0 \u00a0 \u00a0 \u00a0 \u00a0 \u00a0 \u00a0 \u00a0 \u00a0 \u00a0 \u00a0 \u00a0 \u00a0 \u00a0 \u00a0 \u00a0 \u00a0 \u00a0 \u00a0 \u00a0 \u00a0 \u00a0 Associa\u00e7\u00e3o Arte e Cultura em L\u00edngua\u00a0Portuguesa.<\/em><\/p>\n<p id=\"rop\"><small>Originally posted 2023-05-15 15:25:35. <\/small><\/p>","protected":false},"excerpt":{"rendered":"<p>Pega essa dica ! A RIEP est\u00e1 na pagina 53 do livro \u201cA cara do Brasil \u201cda editora EDUFMA A r\u00e1dio internacional em Portugu\u00eas, foi presenteada para estar entre as dicas sobre arte, cultura, interc\u00e2mbio e not\u00edcias brasileiras no livro a cara do Brasil! &#8220;O livro A Cara do Brasil: Portugu\u00eas para Estrangeiros&#8221; \u00e9 um [&hellip;]<\/p>\n","protected":false},"author":2,"featured_media":2521,"comment_status":"open","ping_status":"open","sticky":false,"template":"","format":"standard","meta":{"footnotes":""},"categories":[9,73,72],"tags":[],"class_list":["post-2517","post","type-post","status-publish","format-standard","has-post-thumbnail","hentry","category-artigos","category-literatura","category-reportagem"],"_links":{"self":[{"href":"https:\/\/radioiep.com\/site\/wp-json\/wp\/v2\/posts\/2517","targetHints":{"allow":["GET"]}}],"collection":[{"href":"https:\/\/radioiep.com\/site\/wp-json\/wp\/v2\/posts"}],"about":[{"href":"https:\/\/radioiep.com\/site\/wp-json\/wp\/v2\/types\/post"}],"author":[{"embeddable":true,"href":"https:\/\/radioiep.com\/site\/wp-json\/wp\/v2\/users\/2"}],"replies":[{"embeddable":true,"href":"https:\/\/radioiep.com\/site\/wp-json\/wp\/v2\/comments?post=2517"}],"version-history":[{"count":0,"href":"https:\/\/radioiep.com\/site\/wp-json\/wp\/v2\/posts\/2517\/revisions"}],"wp:featuredmedia":[{"embeddable":true,"href":"https:\/\/radioiep.com\/site\/wp-json\/wp\/v2\/media\/2521"}],"wp:attachment":[{"href":"https:\/\/radioiep.com\/site\/wp-json\/wp\/v2\/media?parent=2517"}],"wp:term":[{"taxonomy":"category","embeddable":true,"href":"https:\/\/radioiep.com\/site\/wp-json\/wp\/v2\/categories?post=2517"},{"taxonomy":"post_tag","embeddable":true,"href":"https:\/\/radioiep.com\/site\/wp-json\/wp\/v2\/tags?post=2517"}],"curies":[{"name":"wp","href":"https:\/\/api.w.org\/{rel}","templated":true}]}}