{"id":2489,"date":"2025-06-17T01:05:53","date_gmt":"2025-06-17T01:05:53","guid":{"rendered":"https:\/\/radioiep.com\/?p=2489"},"modified":"2025-06-17T01:05:53","modified_gmt":"2025-06-17T01:05:53","slug":"classe-escolar-em-risco","status":"publish","type":"post","link":"https:\/\/radioiep.com\/site\/classe-escolar-em-risco\/","title":{"rendered":"Classe escolar em risco"},"content":{"rendered":"<h2 style=\"text-align: center;\">Classe escolar em risco<\/h2>\n<p style=\"text-align: center;\"><strong>Alvo de atentados e massacres<\/strong><\/p>\n<p><img fetchpriority=\"high\" decoding=\"async\" class=\" wp-image-2490 aligncenter\" src=\"https:\/\/radioiep.com\/site\/wp-content\/uploads\/2023\/04\/Queremos-paz-RIEP-Luiz-Nascimento.png\" alt=\"\" width=\"474\" height=\"385\" srcset=\"https:\/\/radioiep.com\/site\/wp-content\/uploads\/2023\/04\/Queremos-paz-RIEP-Luiz-Nascimento.png 1961w, https:\/\/radioiep.com\/site\/wp-content\/uploads\/2023\/04\/Queremos-paz-RIEP-Luiz-Nascimento-300x244.png 300w, https:\/\/radioiep.com\/site\/wp-content\/uploads\/2023\/04\/Queremos-paz-RIEP-Luiz-Nascimento-1024x833.png 1024w, https:\/\/radioiep.com\/site\/wp-content\/uploads\/2023\/04\/Queremos-paz-RIEP-Luiz-Nascimento-768x625.png 768w, https:\/\/radioiep.com\/site\/wp-content\/uploads\/2023\/04\/Queremos-paz-RIEP-Luiz-Nascimento-1536x1249.png 1536w\" sizes=\"(max-width: 474px) 100vw, 474px\" \/><\/p>\n<p>A educa\u00e7\u00e3o \u00e9 o baluarte da arte, cultura, forma\u00e7\u00e3o humana e cidad\u00e3, por tanto, n\u00e3o devemos ficar em sil\u00eancio, quando nossas crian\u00e7as se tornaram v\u00edtimas em meio a uma sociedade que se encontra a merc\u00ea da inseguran\u00e7a, chegando a perder suas vidas para a delinqu\u00eancia que quer dominar o meio social.<\/p>\n<p>Uma onda de crimes tem assustado, abalado \u00e0 sociedade. Ataques em institui\u00e7\u00f5es de ensino levaram os sonhos de pequeninos, que ainda em seus primeiros passos, foram impedidos de seguir a vida. Tristeza para os familiares, amigos e professores, ver um la\u00e7o que estava ainda em forma\u00e7\u00e3o, ser quebrado.<\/p>\n<p>O elo interrompido nos trouxe o seguinte pensamento; de como a sociedade tem permitido tais situa\u00e7\u00f5es, ficando em sil\u00eancio diante da grave situa\u00e7\u00e3o, ficando neutra, como se n\u00e3o tivesse acontecendo nada. Infelizmente todos esquecem r\u00e1pido o acontecido. Quem se feriu que sofra.<\/p>\n<p>O tempo todo estamos sendo influenciados, por coisas que est\u00e3o prejudicando nossas rela\u00e7\u00f5es, que parecem nocivas, no meio f\u00edsico e virtual, que nem vamos citar aqui, pois \u201cquem tem ouvidos ou\u00e7am, que tem olhos vejam\u201d, e conseguem perceber o que se passa na sociedade, pois est\u00e1 agindo dentro das escolas e dentro dos pr\u00f3prios lares.<\/p>\n<p>Concordar que tudo \u00e9 normal, deturpando os valores, crist\u00e3os, familiares, a moral, a \u00e9tica para forma\u00e7\u00e3o cidad\u00e3, foge dos princ\u00edpios que nos s\u00e3o definidos em lei. N\u00e3o que isto deva ser um padr\u00e3o de vida, m\u00e1s \u00e9 constitucional que deva ser respeitado e preservado.<\/p>\n<p><img decoding=\"async\" class=\"wp-image-2492 aligncenter\" src=\"https:\/\/radioiep.com\/site\/wp-content\/uploads\/2023\/04\/Queremos-paz-RIEP-Luiz-Nascimento-1.png\" alt=\"\" width=\"476\" height=\"380\" srcset=\"https:\/\/radioiep.com\/site\/wp-content\/uploads\/2023\/04\/Queremos-paz-RIEP-Luiz-Nascimento-1.png 2000w, https:\/\/radioiep.com\/site\/wp-content\/uploads\/2023\/04\/Queremos-paz-RIEP-Luiz-Nascimento-1-300x240.png 300w, https:\/\/radioiep.com\/site\/wp-content\/uploads\/2023\/04\/Queremos-paz-RIEP-Luiz-Nascimento-1-1024x819.png 1024w, https:\/\/radioiep.com\/site\/wp-content\/uploads\/2023\/04\/Queremos-paz-RIEP-Luiz-Nascimento-1-768x614.png 768w, https:\/\/radioiep.com\/site\/wp-content\/uploads\/2023\/04\/Queremos-paz-RIEP-Luiz-Nascimento-1-1536x1229.png 1536w\" sizes=\"(max-width: 476px) 100vw, 476px\" \/><\/p>\n<p>S\u00e3o nossos direitos.<\/p>\n<p>Artigo 5\u00b0 da Constitui\u00e7\u00e3o Federal Brasileira, onde se prescreve os direitos e garantias individuais e fundamentais a todo o cidad\u00e3o brasileiro; o direito a seguran\u00e7a, vida digna, liberdade, igualdade e prosperidade. Isto n\u00e3o \u00e9 posicionamento pol\u00edtico, ideol\u00f3gico ou religioso. Estamos sendo cerceados, mais pelo que se fala do que se faz na internet.<\/p>\n<p>Aos gestores escolares, juntos aos \u00f3rg\u00e3os competentes, busquem estrat\u00e9gias para fortalecer a seguran\u00e7a, inibir todo tipo de m\u00e1 influ\u00eancia e a criminalidade, pr\u00f3ximo e que n\u00e3o chegue dentro das institui\u00e7\u00f5es de ensino. \u00c0s fam\u00edlias, que orientem seus filhos num bom caminho, atuando em parceria com as escolas e \u00f3rg\u00e3o de seguran\u00e7a.<\/p>\n<p>Salientamos que este \u00e9 um momento muito delicado para a classe escolar, mas principalmente para as fam\u00edlias, que se sentem na inseguran\u00e7a e medo de enviar seus filhos \u00e0s escolas. Desejamos muito cuidado, aten\u00e7\u00e3o, e mais atitude dos \u00f3rg\u00e3os competentes em detectar os problemas, solucionar em tempo h\u00e1bil, para n\u00e3o gerar mais danos, e nos garantir, de fato uma seguran\u00e7a eficiente e eficaz.<\/p>\n<p>&nbsp;<\/p>\n<p><strong>Luiz Nascimento<\/strong><br \/>\nSempre com voc\u00ea. R\u00e1dio Internacional em Portugu\u00eas<\/p>\n<p id=\"rop\"><small>Originally posted 2023-04-19 20:38:44. <\/small><\/p>","protected":false},"excerpt":{"rendered":"<p>Classe escolar em risco Alvo de atentados e massacres A educa\u00e7\u00e3o \u00e9 o baluarte da arte, cultura, forma\u00e7\u00e3o humana e cidad\u00e3, por tanto, n\u00e3o devemos ficar em sil\u00eancio, quando nossas crian\u00e7as se tornaram v\u00edtimas em meio a uma sociedade que se encontra a merc\u00ea da inseguran\u00e7a, chegando a perder suas vidas para a delinqu\u00eancia que [&hellip;]<\/p>\n","protected":false},"author":4,"featured_media":2491,"comment_status":"open","ping_status":"open","sticky":false,"template":"","format":"standard","meta":{"footnotes":""},"categories":[14,24],"tags":[],"class_list":["post-2489","post","type-post","status-publish","format-standard","has-post-thumbnail","hentry","category-educacao","category-opiniao"],"_links":{"self":[{"href":"https:\/\/radioiep.com\/site\/wp-json\/wp\/v2\/posts\/2489","targetHints":{"allow":["GET"]}}],"collection":[{"href":"https:\/\/radioiep.com\/site\/wp-json\/wp\/v2\/posts"}],"about":[{"href":"https:\/\/radioiep.com\/site\/wp-json\/wp\/v2\/types\/post"}],"author":[{"embeddable":true,"href":"https:\/\/radioiep.com\/site\/wp-json\/wp\/v2\/users\/4"}],"replies":[{"embeddable":true,"href":"https:\/\/radioiep.com\/site\/wp-json\/wp\/v2\/comments?post=2489"}],"version-history":[{"count":0,"href":"https:\/\/radioiep.com\/site\/wp-json\/wp\/v2\/posts\/2489\/revisions"}],"wp:featuredmedia":[{"embeddable":true,"href":"https:\/\/radioiep.com\/site\/wp-json\/wp\/v2\/media\/2491"}],"wp:attachment":[{"href":"https:\/\/radioiep.com\/site\/wp-json\/wp\/v2\/media?parent=2489"}],"wp:term":[{"taxonomy":"category","embeddable":true,"href":"https:\/\/radioiep.com\/site\/wp-json\/wp\/v2\/categories?post=2489"},{"taxonomy":"post_tag","embeddable":true,"href":"https:\/\/radioiep.com\/site\/wp-json\/wp\/v2\/tags?post=2489"}],"curies":[{"name":"wp","href":"https:\/\/api.w.org\/{rel}","templated":true}]}}