{"id":2403,"date":"2025-06-17T01:05:43","date_gmt":"2025-06-17T01:05:43","guid":{"rendered":"https:\/\/radioiep.com\/?p=2403"},"modified":"2025-06-17T01:05:43","modified_gmt":"2025-06-17T01:05:43","slug":"voce-ja-conhece-as-aventuras-da-gotinha-do-amanhecer","status":"publish","type":"post","link":"https:\/\/radioiep.com\/site\/voce-ja-conhece-as-aventuras-da-gotinha-do-amanhecer\/","title":{"rendered":"Voc\u00ea j\u00e1 conhece as Aventuras da Gotinha do Amanhecer?"},"content":{"rendered":"<h4 style=\"text-align: center;\">De sua fonte do imagin\u00e1rio e do saber, em seu Livro, a escritora <a href=\"https:\/\/loja.uiclap.com\/titulo\/ua24789\/\">Val Alves<\/a> nos tr\u00e1s, As Aventuras da Gotinha do Amanhecer<\/h4>\n<p><a href=\"https:\/\/loja.uiclap.com\/titulo\/ua24789\/\"><img fetchpriority=\"high\" decoding=\"async\" class=\" wp-image-2402 aligncenter\" src=\"https:\/\/radioiep.com\/site\/wp-content\/uploads\/2023\/03\/Val-Alves-Gotinha-do-Amanhecer-RIEP-1.jpeg\" alt=\"\" width=\"496\" height=\"531\" srcset=\"https:\/\/radioiep.com\/site\/wp-content\/uploads\/2023\/03\/Val-Alves-Gotinha-do-Amanhecer-RIEP-1.jpeg 1196w, https:\/\/radioiep.com\/site\/wp-content\/uploads\/2023\/03\/Val-Alves-Gotinha-do-Amanhecer-RIEP-1-280x300.jpeg 280w, https:\/\/radioiep.com\/site\/wp-content\/uploads\/2023\/03\/Val-Alves-Gotinha-do-Amanhecer-RIEP-1-957x1024.jpeg 957w, https:\/\/radioiep.com\/site\/wp-content\/uploads\/2023\/03\/Val-Alves-Gotinha-do-Amanhecer-RIEP-1-768x822.jpeg 768w\" sizes=\"(max-width: 496px) 100vw, 496px\" \/><\/a><\/p>\n<p>Em seu livro a gotinha nos mostra por meio de sua jornada, os desafios que podemos nos deparar e que a gente \u00e0s vezes se esconde em nossa fragilidade, buscando for\u00e7as e coragem para encarar a realidade, compreender o seu prop\u00f3sito, confiantes que \u201cos ventos mais doces soprem sobre n\u00f3s\u201d.<\/p>\n<p>\u00c0s vezes pedimos a este vento, que em sua moderada for\u00e7a nos leve pelo tempo, nos deixando atentos \u00e0s adversidades, tornando suave a vida em cada momento. \u201cum presente, um elogio\u201d, assim pode se perceber o cheiro do vento. Mas, um afago, um amor, uma amizade confi\u00e1vel e leal \u201cs\u00e3o capazes de paralelizar um ser\u201d, at\u00e9 mesmo \u201cpartir seu indom\u00e1vel cora\u00e7\u00e3o\u201d.<\/p>\n<p>J\u00e1 de cara nos apresenta um pref\u00e1cio encantador, num verdadeiro carinho de circo, onde a autora \u00e9 a personagem introdut\u00f3ria, por Ribamar Costa. Na verdade isto \u00e9 coisa de Palha\u00e7o e poeta, um la\u00e7o fraterno constru\u00eddo e refor\u00e7ado por meio da arte circense.<\/p>\n<p>Sintonize na melodia suave do vento e quando se deparar com os desafios em sua jornada, n\u00e3o se deixe abater, busque for\u00e7as pelo caminho, na sua esperan\u00e7a e f\u00e9 em viver.<\/p>\n<p>Nos da R\u00e1dio Internacional em Portugu\u00eas, e <a href=\"https:\/\/linhaindependente.com\/\">Linha Independente<\/a>, conferimos a proposta da f\u00e1bula, <a href=\"https:\/\/loja.uiclap.com\/titulo\/ua24789\/\"><strong>As Aventuras da Gotinha do Amanhecer<\/strong><\/a>, em que neste livro a autora, <strong>Val Alves<\/strong>, tr\u00e1s uma mensagem especial para voc\u00ea, por isso te convido a acessar o link, e a hist\u00f3ria conhecer. https:\/\/loja.uiclap.com\/titulo\/ua24789\/<\/p>\n<p id=\"rop\"><small>Originally posted 2023-03-10 22:39:29. <\/small><\/p>","protected":false},"excerpt":{"rendered":"<p>De sua fonte do imagin\u00e1rio e do saber, em seu Livro, a escritora Val Alves nos tr\u00e1s, As Aventuras da Gotinha do Amanhecer Em seu livro a gotinha nos mostra por meio de sua jornada, os desafios que podemos nos deparar e que a gente \u00e0s vezes se esconde em nossa fragilidade, buscando for\u00e7as e [&hellip;]<\/p>\n","protected":false},"author":4,"featured_media":2401,"comment_status":"open","ping_status":"open","sticky":false,"template":"","format":"standard","meta":{"footnotes":""},"categories":[14,73,50],"tags":[],"class_list":["post-2403","post","type-post","status-publish","format-standard","has-post-thumbnail","hentry","category-educacao","category-literatura","category-personalidade"],"_links":{"self":[{"href":"https:\/\/radioiep.com\/site\/wp-json\/wp\/v2\/posts\/2403","targetHints":{"allow":["GET"]}}],"collection":[{"href":"https:\/\/radioiep.com\/site\/wp-json\/wp\/v2\/posts"}],"about":[{"href":"https:\/\/radioiep.com\/site\/wp-json\/wp\/v2\/types\/post"}],"author":[{"embeddable":true,"href":"https:\/\/radioiep.com\/site\/wp-json\/wp\/v2\/users\/4"}],"replies":[{"embeddable":true,"href":"https:\/\/radioiep.com\/site\/wp-json\/wp\/v2\/comments?post=2403"}],"version-history":[{"count":0,"href":"https:\/\/radioiep.com\/site\/wp-json\/wp\/v2\/posts\/2403\/revisions"}],"wp:featuredmedia":[{"embeddable":true,"href":"https:\/\/radioiep.com\/site\/wp-json\/wp\/v2\/media\/2401"}],"wp:attachment":[{"href":"https:\/\/radioiep.com\/site\/wp-json\/wp\/v2\/media?parent=2403"}],"wp:term":[{"taxonomy":"category","embeddable":true,"href":"https:\/\/radioiep.com\/site\/wp-json\/wp\/v2\/categories?post=2403"},{"taxonomy":"post_tag","embeddable":true,"href":"https:\/\/radioiep.com\/site\/wp-json\/wp\/v2\/tags?post=2403"}],"curies":[{"name":"wp","href":"https:\/\/api.w.org\/{rel}","templated":true}]}}