{"id":2370,"date":"2025-06-17T01:05:37","date_gmt":"2025-06-17T01:05:37","guid":{"rendered":"https:\/\/radioiep.com\/?p=2370"},"modified":"2025-06-17T01:05:37","modified_gmt":"2025-06-17T01:05:37","slug":"tratado-de-compromisso-para-2023","status":"publish","type":"post","link":"https:\/\/radioiep.com\/site\/tratado-de-compromisso-para-2023\/","title":{"rendered":"Tratado de compromisso para 2023"},"content":{"rendered":"<p>J\u00e1 estamos no primeiro dia do ano de 2023, o ano que vem cheio de desejos, sonhos e a esperan\u00e7a de tempos melhores.<\/p>\n<p>Quais s\u00e3o suas premissas para este ano, que ansiosamente almej\u00e1vamos cheio de desejos no cora\u00e7\u00e3o?<\/p>\n<p>V\u00e2nia L\u00facia Lima a Tia Vaninha nos d\u00e1 algumas dicas!<\/p>\n<p>Confira conosco!<\/p>\n<p>&nbsp;<\/p>\n<figure id=\"attachment_2372\" aria-describedby=\"caption-attachment-2372\" style=\"width: 1414px\" class=\"wp-caption aligncenter\"><img fetchpriority=\"high\" decoding=\"async\" class=\"size-full wp-image-2372\" src=\"https:\/\/radioiep.com\/site\/wp-content\/uploads\/2023\/01\/PROPOSTAS-PARA-O-ANO-NOVO.png\" alt=\"\" width=\"1414\" height=\"2000\" srcset=\"https:\/\/radioiep.com\/site\/wp-content\/uploads\/2023\/01\/PROPOSTAS-PARA-O-ANO-NOVO.png 1414w, https:\/\/radioiep.com\/site\/wp-content\/uploads\/2023\/01\/PROPOSTAS-PARA-O-ANO-NOVO-212x300.png 212w, https:\/\/radioiep.com\/site\/wp-content\/uploads\/2023\/01\/PROPOSTAS-PARA-O-ANO-NOVO-724x1024.png 724w, https:\/\/radioiep.com\/site\/wp-content\/uploads\/2023\/01\/PROPOSTAS-PARA-O-ANO-NOVO-768x1086.png 768w, https:\/\/radioiep.com\/site\/wp-content\/uploads\/2023\/01\/PROPOSTAS-PARA-O-ANO-NOVO-1086x1536.png 1086w\" sizes=\"(max-width: 1414px) 100vw, 1414px\" \/><figcaption id=\"caption-attachment-2372\" class=\"wp-caption-text\">Propostas para o ano novo &#8211; RIEP &#8211; Tia Vaninha<\/figcaption><\/figure>\n<p id=\"rop\"><small>Originally posted 2023-01-01 17:31:36. <\/small><\/p>","protected":false},"excerpt":{"rendered":"<p>J\u00e1 estamos no primeiro dia do ano de 2023, o ano que vem cheio de desejos, sonhos e a esperan\u00e7a de tempos melhores. Quais s\u00e3o suas premissas para este ano, que ansiosamente almej\u00e1vamos cheio de desejos no cora\u00e7\u00e3o? V\u00e2nia L\u00facia Lima a Tia Vaninha nos d\u00e1 algumas dicas! Confira conosco! &nbsp; Originally posted 2023-01-01 17:31:36.<\/p>\n","protected":false},"author":3,"featured_media":2374,"comment_status":"open","ping_status":"open","sticky":false,"template":"","format":"standard","meta":{"footnotes":""},"categories":[10,13],"tags":[],"class_list":["post-2370","post","type-post","status-publish","format-standard","has-post-thumbnail","hentry","category-arte","category-cultura"],"_links":{"self":[{"href":"https:\/\/radioiep.com\/site\/wp-json\/wp\/v2\/posts\/2370","targetHints":{"allow":["GET"]}}],"collection":[{"href":"https:\/\/radioiep.com\/site\/wp-json\/wp\/v2\/posts"}],"about":[{"href":"https:\/\/radioiep.com\/site\/wp-json\/wp\/v2\/types\/post"}],"author":[{"embeddable":true,"href":"https:\/\/radioiep.com\/site\/wp-json\/wp\/v2\/users\/3"}],"replies":[{"embeddable":true,"href":"https:\/\/radioiep.com\/site\/wp-json\/wp\/v2\/comments?post=2370"}],"version-history":[{"count":0,"href":"https:\/\/radioiep.com\/site\/wp-json\/wp\/v2\/posts\/2370\/revisions"}],"wp:featuredmedia":[{"embeddable":true,"href":"https:\/\/radioiep.com\/site\/wp-json\/wp\/v2\/media\/2374"}],"wp:attachment":[{"href":"https:\/\/radioiep.com\/site\/wp-json\/wp\/v2\/media?parent=2370"}],"wp:term":[{"taxonomy":"category","embeddable":true,"href":"https:\/\/radioiep.com\/site\/wp-json\/wp\/v2\/categories?post=2370"},{"taxonomy":"post_tag","embeddable":true,"href":"https:\/\/radioiep.com\/site\/wp-json\/wp\/v2\/tags?post=2370"}],"curies":[{"name":"wp","href":"https:\/\/api.w.org\/{rel}","templated":true}]}}